{"id":509,"date":"2026-03-15T23:33:00","date_gmt":"2026-03-16T02:33:00","guid":{"rendered":"https:\/\/ictdf.synergyecosys.io\/?p=509"},"modified":"2026-03-15T23:33:00","modified_gmt":"2026-03-16T02:33:00","slug":"olhos-amarelados-conheca-as-doencas-que-podem-levar-a-esse-sintoma","status":"publish","type":"post","link":"https:\/\/ictdf.synergyecosys.io\/?p=509","title":{"rendered":"Olhos Amarelados: Conhe\u00e7a as Doen\u00e7as que Podem Levar a Esse Sintoma"},"content":{"rendered":"<p>Voc\u00ea j\u00e1 notou os olhos de algu\u00e9m ficando amarelados? Esse \u00e9 um sinal que n\u00e3o pode ser ignorado. Como especialista em jornalismo did\u00e1tico, eu vejo com frequ\u00eancia perguntas sobre isso, e hoje vamos descomplicar o tema. Olhos amarelados, ou icter\u00edcia, \u00e9 um sintoma que aponta para ac\u00famulo de uma subst\u00e2ncia chamada bilirrubina no corpo.<\/p>\n<p>A bilirrubina \u00e9 um pigmento produzido quando as c\u00e9lulas vermelhas do sangue se quebram. Normalmente, o f\u00edgado processa e elimina isso pela bile. Mas quando algo d\u00e1 errado, ela se acumula, tingindo a pele e os olhos de amarelo. N\u00e3o \u00e9 s\u00f3 est\u00e9tica; pode ser um alerta de doen\u00e7as graves.<\/p>\n<h2>Entendendo a Icter\u00edcia: O B\u00e1sico por Tr\u00e1s dos Olhos Amarelados<\/h2>\n<p>Vamos come\u00e7ar pelo come\u00e7o. A <strong>icter\u00edcia<\/strong> acontece quando os n\u00edveis de bilirrubina no sangue ultrapassam 2-3 mg\/dL. Isso pode ser do tipo n\u00e3o conjugado, de quebra excessiva de gl\u00f3bulos vermelhos, ou conjugado, de problemas no f\u00edgado ou vias biliares.<\/p>\n<p>Em beb\u00eas, \u00e9 comum e geralmente inofensivo, mas em adultos, merece aten\u00e7\u00e3o imediata. Eu analisei v\u00e1rios casos e estudos, e o que mais chamo aten\u00e7\u00e3o \u00e9 que o sintoma aparece nos olhos primeiro, porque a esclera (parte branca) absorve o pigmento facilmente.<\/p>\n<h2>Doen\u00e7as Hep\u00e1ticas que Provocam Esse Sintoma<\/h2>\n<p>O f\u00edgado \u00e9 o astro principal aqui. Quando ele falha em processar a bilirrubina, os olhos amarelam. Uma das causas mais comuns \u00e9 a <strong>hepatite<\/strong>, inflama\u00e7\u00e3o do f\u00edgado.<\/p>\n<h3>Hepatite Viral e Alco\u00f3lica<\/h3>\n<p>A hepatite viral, como tipos A, B e C, infecta o f\u00edgado e impede seu funcionamento. J\u00e1 a alco\u00f3lica vem do excesso de bebida. Ambas levam a icter\u00edcia, com olhos e pele amarelos, al\u00e9m de fadiga e n\u00e1useas.<\/p>\n<p>Segundo fontes confi\u00e1veis, como a Wikip\u00e9dia, a hepatite pode ser aguda ou cr\u00f4nica, e o diagn\u00f3stico precoce salva vidas.<\/p>\n<p>Outra vil\u00e3 \u00e9 a <strong>cirrose<\/strong>, cicatrizes no f\u00edgado por anos de dano, como \u00e1lcool ou v\u00edrus. Ela obstrui o fluxo biliar, causando ac\u00famulo de bilirrubina.<\/p>\n<h2>Problemas nas Vias Biliares e Outras Causas<\/h2>\n<p>N\u00e3o \u00e9 s\u00f3 o f\u00edgado. Obstru\u00e7\u00f5es nas vias biliares tamb\u00e9m causam olhos amarelados. <strong>C\u00e1lculos biliares<\/strong>, pedras na ves\u00edcula, bloqueiam a bile, levando a icter\u00edcia obstrutiva.<\/p>\n<p>Sintomas extras incluem dor abdominal e fezes claras. Pancreatite ou c\u00e2ncer no p\u00e2ncreas e f\u00edgado podem fazer o mesmo, bloqueando ductos.<\/p>\n<p>Para causas menos graves, h\u00e1 a <em>S\u00edndrome de Gilbert<\/em>, uma condi\u00e7\u00e3o gen\u00e9tica benigna que causa icter\u00edcia leve em estresse ou jejum. Mas sempre consulte um m\u00e9dico para diferenciar.<\/p>\n<h2>Impactos no Dia a Dia e Quando Agir<\/h2>\n<p>Olhos amarelados afetam mais que a apar\u00eancia; indicam desequil\u00edbrio que pode evoluir para fal\u00eancia hep\u00e1tica ou infec\u00e7\u00f5es. Para empresas, absente\u00edsmo por sa\u00fade hep\u00e1tica \u00e9 real; para indiv\u00edduos, qualidade de vida cai com coceira e fadiga.<\/p>\n<p>Se voc\u00ea notar olhos amarelados, urina escura ou fezes p\u00e1lidas, procure ajuda urgente. Exames de sangue e ultrassom confirmam a causa.<\/p>\n<h2>Tend\u00eancias e Cuidados Futuros para Prevenir<\/h2>\n<p>Com vacinas para hepatite e h\u00e1bitos saud\u00e1veis, podemos reduzir riscos. Eu recomendo dieta equilibrada, modera\u00e7\u00e3o no \u00e1lcool e check-ups regulares. Pesquisas apontam para tratamentos avan\u00e7ados, como terapias gen\u00e9ticas para condi\u00e7\u00f5es raras.<\/p>\n<p>No final, olhos amarelados s\u00e3o um chamado para a\u00e7\u00e3o. Monitore sua sa\u00fade e eduque-se \u2013 preven\u00e7\u00e3o \u00e9 chave para uma vida sem surpresas amareladas.<\/p>\n","protected":false},"excerpt":{"rendered":"<p>Olhos amarelados podem indicar problemas s\u00e9rios de sa\u00fade. Conhe\u00e7a as doen\u00e7as que levam a esse sintoma, como hepatite e cirrose, e saiba o que fazer.<\/p>\n","protected":false},"author":1,"featured_media":508,"comment_status":"open","ping_status":"open","sticky":false,"template":"","format":"standard","meta":{"_acf_changed":false,"_eb_attr":"","footnotes":"","_wpscppro_dont_share_socialmedia":false,"_wpscppro_custom_social_share_image":0,"_facebook_share_type":"","_twitter_share_type":"","_linkedin_share_type":"","_pinterest_share_type":"","_linkedin_share_type_page":"","_instagram_share_type":"","_medium_share_type":"","_threads_share_type":"","_google_business_share_type":"","_selected_social_profile":[],"_wpsp_enable_custom_social_template":false,"_wpsp_social_scheduling":{"enabled":false,"datetime":null,"platforms":[],"status":"template_only","dateOption":"today","timeOption":"now","customDays":"","customHours":"","customDate":"","customTime":"","schedulingType":"absolute"},"_wpsp_active_default_template":true},"categories":[3],"tags":[],"class_list":["post-509","post","type-post","status-publish","format-standard","has-post-thumbnail","hentry","category-bem-estar"],"acf":[],"yoast_head":"<!-- This site is optimized with the Yoast SEO plugin v26.9 - https:\/\/yoast.com\/product\/yoast-seo-wordpress\/ -->\n<title>Olhos Amarelados: Conhe\u00e7a as Doen\u00e7as que Podem Levar a Esse Sintoma - ICTDF<\/title>\n<meta name=\"robots\" content=\"index, follow, max-snippet:-1, max-image-preview:large, max-video-preview:-1\" \/>\n<link rel=\"canonical\" href=\"https:\/\/ictdf.synergyecosys.io\/?p=509\" \/>\n<meta property=\"og:locale\" content=\"pt_BR\" \/>\n<meta property=\"og:type\" content=\"article\" \/>\n<meta property=\"og:title\" content=\"Olhos Amarelados: Conhe\u00e7a as Doen\u00e7as que Podem Levar a Esse Sintoma - ICTDF\" \/>\n<meta property=\"og:description\" content=\"Olhos amarelados podem indicar problemas s\u00e9rios de sa\u00fade. Conhe\u00e7a as doen\u00e7as que levam a esse sintoma, como hepatite e cirrose, e saiba o que fazer.\" \/>\n<meta property=\"og:url\" content=\"https:\/\/ictdf.synergyecosys.io\/?p=509\" \/>\n<meta property=\"og:site_name\" content=\"ICTDF\" \/>\n<meta property=\"article:published_time\" content=\"2026-03-16T02:33:00+00:00\" \/>\n<meta name=\"author\" content=\"admin\" \/>\n<meta name=\"twitter:card\" content=\"summary_large_image\" \/>\n<meta name=\"twitter:label1\" content=\"Escrito por\" \/>\n\t<meta name=\"twitter:data1\" content=\"admin\" \/>\n\t<meta name=\"twitter:label2\" content=\"Est. tempo de leitura\" \/>\n\t<meta name=\"twitter:data2\" content=\"3 minutos\" \/>\n<script type=\"application\/ld+json\" class=\"yoast-schema-graph\">{\"@context\":\"https:\/\/schema.org\",\"@graph\":[{\"@type\":\"Article\",\"@id\":\"https:\/\/ictdf.synergyecosys.io\/?p=509#article\",\"isPartOf\":{\"@id\":\"https:\/\/ictdf.synergyecosys.io\/?p=509\"},\"author\":{\"name\":\"admin\",\"@id\":\"https:\/\/ictdf.synergyecosys.io\/#\/schema\/person\/0b4488974b7b485188c0c01cb9f95b21\"},\"headline\":\"Olhos Amarelados: Conhe\u00e7a as Doen\u00e7as que Podem Levar a Esse Sintoma\",\"datePublished\":\"2026-03-16T02:33:00+00:00\",\"mainEntityOfPage\":{\"@id\":\"https:\/\/ictdf.synergyecosys.io\/?p=509\"},\"wordCount\":602,\"commentCount\":0,\"publisher\":{\"@id\":\"https:\/\/ictdf.synergyecosys.io\/#organization\"},\"image\":{\"@id\":\"https:\/\/ictdf.synergyecosys.io\/?p=509#primaryimage\"},\"thumbnailUrl\":\"https:\/\/ictdf.synergyecosys.io\/wp-content\/uploads\/2026\/03\/imagem-Olhos-Amarelados-Doenyas-que-Causam-Esse-Sintoma.png\",\"articleSection\":[\"Bem-estar\"],\"inLanguage\":\"pt-BR\",\"potentialAction\":[{\"@type\":\"CommentAction\",\"name\":\"Comment\",\"target\":[\"https:\/\/ictdf.synergyecosys.io\/?p=509#respond\"]}]},{\"@type\":\"WebPage\",\"@id\":\"https:\/\/ictdf.synergyecosys.io\/?p=509\",\"url\":\"https:\/\/ictdf.synergyecosys.io\/?p=509\",\"name\":\"Olhos Amarelados: Conhe\u00e7a as Doen\u00e7as que Podem Levar a Esse Sintoma - ICTDF\",\"isPartOf\":{\"@id\":\"https:\/\/ictdf.synergyecosys.io\/#website\"},\"primaryImageOfPage\":{\"@id\":\"https:\/\/ictdf.synergyecosys.io\/?p=509#primaryimage\"},\"image\":{\"@id\":\"https:\/\/ictdf.synergyecosys.io\/?p=509#primaryimage\"},\"thumbnailUrl\":\"https:\/\/ictdf.synergyecosys.io\/wp-content\/uploads\/2026\/03\/imagem-Olhos-Amarelados-Doenyas-que-Causam-Esse-Sintoma.png\",\"datePublished\":\"2026-03-16T02:33:00+00:00\",\"breadcrumb\":{\"@id\":\"https:\/\/ictdf.synergyecosys.io\/?p=509#breadcrumb\"},\"inLanguage\":\"pt-BR\",\"potentialAction\":[{\"@type\":\"ReadAction\",\"target\":[\"https:\/\/ictdf.synergyecosys.io\/?p=509\"]}]},{\"@type\":\"ImageObject\",\"inLanguage\":\"pt-BR\",\"@id\":\"https:\/\/ictdf.synergyecosys.io\/?p=509#primaryimage\",\"url\":\"https:\/\/ictdf.synergyecosys.io\/wp-content\/uploads\/2026\/03\/imagem-Olhos-Amarelados-Doenyas-que-Causam-Esse-Sintoma.png\",\"contentUrl\":\"https:\/\/ictdf.synergyecosys.io\/wp-content\/uploads\/2026\/03\/imagem-Olhos-Amarelados-Doenyas-que-Causam-Esse-Sintoma.png\",\"width\":1696,\"height\":960},{\"@type\":\"BreadcrumbList\",\"@id\":\"https:\/\/ictdf.synergyecosys.io\/?p=509#breadcrumb\",\"itemListElement\":[{\"@type\":\"ListItem\",\"position\":1,\"name\":\"In\u00edcio\",\"item\":\"https:\/\/ictdf.synergyecosys.io\/\"},{\"@type\":\"ListItem\",\"position\":2,\"name\":\"Olhos Amarelados: Conhe\u00e7a as Doen\u00e7as que Podem Levar a Esse Sintoma\"}]},{\"@type\":\"WebSite\",\"@id\":\"https:\/\/ictdf.synergyecosys.io\/#website\",\"url\":\"https:\/\/ictdf.synergyecosys.io\/\",\"name\":\"ICTDF\",\"description\":\"\",\"publisher\":{\"@id\":\"https:\/\/ictdf.synergyecosys.io\/#organization\"},\"potentialAction\":[{\"@type\":\"SearchAction\",\"target\":{\"@type\":\"EntryPoint\",\"urlTemplate\":\"https:\/\/ictdf.synergyecosys.io\/?s={search_term_string}\"},\"query-input\":{\"@type\":\"PropertyValueSpecification\",\"valueRequired\":true,\"valueName\":\"search_term_string\"}}],\"inLanguage\":\"pt-BR\"},{\"@type\":\"Organization\",\"@id\":\"https:\/\/ictdf.synergyecosys.io\/#organization\",\"name\":\"ICTDF\",\"url\":\"https:\/\/ictdf.synergyecosys.io\/\",\"logo\":{\"@type\":\"ImageObject\",\"inLanguage\":\"pt-BR\",\"@id\":\"https:\/\/ictdf.synergyecosys.io\/#\/schema\/logo\/image\/\",\"url\":\"https:\/\/ictdf.synergyecosys.io\/wp-content\/uploads\/2026\/02\/cropped-cropped-ICTDF_logo_transparente.png\",\"contentUrl\":\"https:\/\/ictdf.synergyecosys.io\/wp-content\/uploads\/2026\/02\/cropped-cropped-ICTDF_logo_transparente.png\",\"width\":450,\"height\":141,\"caption\":\"ICTDF\"},\"image\":{\"@id\":\"https:\/\/ictdf.synergyecosys.io\/#\/schema\/logo\/image\/\"}},{\"@type\":\"Person\",\"@id\":\"https:\/\/ictdf.synergyecosys.io\/#\/schema\/person\/0b4488974b7b485188c0c01cb9f95b21\",\"name\":\"admin\",\"image\":{\"@type\":\"ImageObject\",\"inLanguage\":\"pt-BR\",\"@id\":\"https:\/\/ictdf.synergyecosys.io\/#\/schema\/person\/image\/\",\"url\":\"https:\/\/secure.gravatar.com\/avatar\/ee6b87b4bde4f4817334740781bdb6e270748065085879a5aa2018d8006922fa?s=96&d=mm&r=g\",\"contentUrl\":\"https:\/\/secure.gravatar.com\/avatar\/ee6b87b4bde4f4817334740781bdb6e270748065085879a5aa2018d8006922fa?s=96&d=mm&r=g\",\"caption\":\"admin\"},\"sameAs\":[\"https:\/\/ictdf.synergyecosys.io\"],\"url\":\"https:\/\/ictdf.synergyecosys.io\/?author=1\"}]}<\/script>\n<!-- \/ Yoast SEO plugin. -->","yoast_head_json":{"title":"Olhos Amarelados: Conhe\u00e7a as Doen\u00e7as que Podem Levar a Esse Sintoma - ICTDF","robots":{"index":"index","follow":"follow","max-snippet":"max-snippet:-1","max-image-preview":"max-image-preview:large","max-video-preview":"max-video-preview:-1"},"canonical":"https:\/\/ictdf.synergyecosys.io\/?p=509","og_locale":"pt_BR","og_type":"article","og_title":"Olhos Amarelados: Conhe\u00e7a as Doen\u00e7as que Podem Levar a Esse Sintoma - ICTDF","og_description":"Olhos amarelados podem indicar problemas s\u00e9rios de sa\u00fade. Conhe\u00e7a as doen\u00e7as que levam a esse sintoma, como hepatite e cirrose, e saiba o que fazer.","og_url":"https:\/\/ictdf.synergyecosys.io\/?p=509","og_site_name":"ICTDF","article_published_time":"2026-03-16T02:33:00+00:00","author":"admin","twitter_card":"summary_large_image","twitter_misc":{"Escrito por":"admin","Est. tempo de leitura":"3 minutos"},"schema":{"@context":"https:\/\/schema.org","@graph":[{"@type":"Article","@id":"https:\/\/ictdf.synergyecosys.io\/?p=509#article","isPartOf":{"@id":"https:\/\/ictdf.synergyecosys.io\/?p=509"},"author":{"name":"admin","@id":"https:\/\/ictdf.synergyecosys.io\/#\/schema\/person\/0b4488974b7b485188c0c01cb9f95b21"},"headline":"Olhos Amarelados: Conhe\u00e7a as Doen\u00e7as que Podem Levar a Esse Sintoma","datePublished":"2026-03-16T02:33:00+00:00","mainEntityOfPage":{"@id":"https:\/\/ictdf.synergyecosys.io\/?p=509"},"wordCount":602,"commentCount":0,"publisher":{"@id":"https:\/\/ictdf.synergyecosys.io\/#organization"},"image":{"@id":"https:\/\/ictdf.synergyecosys.io\/?p=509#primaryimage"},"thumbnailUrl":"https:\/\/ictdf.synergyecosys.io\/wp-content\/uploads\/2026\/03\/imagem-Olhos-Amarelados-Doenyas-que-Causam-Esse-Sintoma.png","articleSection":["Bem-estar"],"inLanguage":"pt-BR","potentialAction":[{"@type":"CommentAction","name":"Comment","target":["https:\/\/ictdf.synergyecosys.io\/?p=509#respond"]}]},{"@type":"WebPage","@id":"https:\/\/ictdf.synergyecosys.io\/?p=509","url":"https:\/\/ictdf.synergyecosys.io\/?p=509","name":"Olhos Amarelados: Conhe\u00e7a as Doen\u00e7as que Podem Levar a Esse Sintoma - ICTDF","isPartOf":{"@id":"https:\/\/ictdf.synergyecosys.io\/#website"},"primaryImageOfPage":{"@id":"https:\/\/ictdf.synergyecosys.io\/?p=509#primaryimage"},"image":{"@id":"https:\/\/ictdf.synergyecosys.io\/?p=509#primaryimage"},"thumbnailUrl":"https:\/\/ictdf.synergyecosys.io\/wp-content\/uploads\/2026\/03\/imagem-Olhos-Amarelados-Doenyas-que-Causam-Esse-Sintoma.png","datePublished":"2026-03-16T02:33:00+00:00","breadcrumb":{"@id":"https:\/\/ictdf.synergyecosys.io\/?p=509#breadcrumb"},"inLanguage":"pt-BR","potentialAction":[{"@type":"ReadAction","target":["https:\/\/ictdf.synergyecosys.io\/?p=509"]}]},{"@type":"ImageObject","inLanguage":"pt-BR","@id":"https:\/\/ictdf.synergyecosys.io\/?p=509#primaryimage","url":"https:\/\/ictdf.synergyecosys.io\/wp-content\/uploads\/2026\/03\/imagem-Olhos-Amarelados-Doenyas-que-Causam-Esse-Sintoma.png","contentUrl":"https:\/\/ictdf.synergyecosys.io\/wp-content\/uploads\/2026\/03\/imagem-Olhos-Amarelados-Doenyas-que-Causam-Esse-Sintoma.png","width":1696,"height":960},{"@type":"BreadcrumbList","@id":"https:\/\/ictdf.synergyecosys.io\/?p=509#breadcrumb","itemListElement":[{"@type":"ListItem","position":1,"name":"In\u00edcio","item":"https:\/\/ictdf.synergyecosys.io\/"},{"@type":"ListItem","position":2,"name":"Olhos Amarelados: Conhe\u00e7a as Doen\u00e7as que Podem Levar a Esse Sintoma"}]},{"@type":"WebSite","@id":"https:\/\/ictdf.synergyecosys.io\/#website","url":"https:\/\/ictdf.synergyecosys.io\/","name":"ICTDF","description":"","publisher":{"@id":"https:\/\/ictdf.synergyecosys.io\/#organization"},"potentialAction":[{"@type":"SearchAction","target":{"@type":"EntryPoint","urlTemplate":"https:\/\/ictdf.synergyecosys.io\/?s={search_term_string}"},"query-input":{"@type":"PropertyValueSpecification","valueRequired":true,"valueName":"search_term_string"}}],"inLanguage":"pt-BR"},{"@type":"Organization","@id":"https:\/\/ictdf.synergyecosys.io\/#organization","name":"ICTDF","url":"https:\/\/ictdf.synergyecosys.io\/","logo":{"@type":"ImageObject","inLanguage":"pt-BR","@id":"https:\/\/ictdf.synergyecosys.io\/#\/schema\/logo\/image\/","url":"https:\/\/ictdf.synergyecosys.io\/wp-content\/uploads\/2026\/02\/cropped-cropped-ICTDF_logo_transparente.png","contentUrl":"https:\/\/ictdf.synergyecosys.io\/wp-content\/uploads\/2026\/02\/cropped-cropped-ICTDF_logo_transparente.png","width":450,"height":141,"caption":"ICTDF"},"image":{"@id":"https:\/\/ictdf.synergyecosys.io\/#\/schema\/logo\/image\/"}},{"@type":"Person","@id":"https:\/\/ictdf.synergyecosys.io\/#\/schema\/person\/0b4488974b7b485188c0c01cb9f95b21","name":"admin","image":{"@type":"ImageObject","inLanguage":"pt-BR","@id":"https:\/\/ictdf.synergyecosys.io\/#\/schema\/person\/image\/","url":"https:\/\/secure.gravatar.com\/avatar\/ee6b87b4bde4f4817334740781bdb6e270748065085879a5aa2018d8006922fa?s=96&d=mm&r=g","contentUrl":"https:\/\/secure.gravatar.com\/avatar\/ee6b87b4bde4f4817334740781bdb6e270748065085879a5aa2018d8006922fa?s=96&d=mm&r=g","caption":"admin"},"sameAs":["https:\/\/ictdf.synergyecosys.io"],"url":"https:\/\/ictdf.synergyecosys.io\/?author=1"}]}},"_links":{"self":[{"href":"https:\/\/ictdf.synergyecosys.io\/index.php?rest_route=\/wp\/v2\/posts\/509","targetHints":{"allow":["GET"]}}],"collection":[{"href":"https:\/\/ictdf.synergyecosys.io\/index.php?rest_route=\/wp\/v2\/posts"}],"about":[{"href":"https:\/\/ictdf.synergyecosys.io\/index.php?rest_route=\/wp\/v2\/types\/post"}],"author":[{"embeddable":true,"href":"https:\/\/ictdf.synergyecosys.io\/index.php?rest_route=\/wp\/v2\/users\/1"}],"replies":[{"embeddable":true,"href":"https:\/\/ictdf.synergyecosys.io\/index.php?rest_route=%2Fwp%2Fv2%2Fcomments&post=509"}],"version-history":[{"count":0,"href":"https:\/\/ictdf.synergyecosys.io\/index.php?rest_route=\/wp\/v2\/posts\/509\/revisions"}],"wp:featuredmedia":[{"embeddable":true,"href":"https:\/\/ictdf.synergyecosys.io\/index.php?rest_route=\/wp\/v2\/media\/508"}],"wp:attachment":[{"href":"https:\/\/ictdf.synergyecosys.io\/index.php?rest_route=%2Fwp%2Fv2%2Fmedia&parent=509"}],"wp:term":[{"taxonomy":"category","embeddable":true,"href":"https:\/\/ictdf.synergyecosys.io\/index.php?rest_route=%2Fwp%2Fv2%2Fcategories&post=509"},{"taxonomy":"post_tag","embeddable":true,"href":"https:\/\/ictdf.synergyecosys.io\/index.php?rest_route=%2Fwp%2Fv2%2Ftags&post=509"}],"curies":[{"name":"wp","href":"https:\/\/api.w.org\/{rel}","templated":true}]}}