{"id":501,"date":"2026-03-15T03:33:07","date_gmt":"2026-03-15T06:33:07","guid":{"rendered":"https:\/\/ictdf.synergyecosys.io\/?p=501"},"modified":"2026-03-15T03:33:07","modified_gmt":"2026-03-15T06:33:07","slug":"pode-ser-que-um-dia-voce-seja-o-cuidador-de-alguem-veja-o-que-e-preciso-saber","status":"publish","type":"post","link":"https:\/\/ictdf.synergyecosys.io\/?p=501","title":{"rendered":"Pode ser que um dia voc\u00ea seja o cuidador de algu\u00e9m; veja o que \u00e9 preciso saber"},"content":{"rendered":"<p>Imagine que um dia, de repente, voc\u00ea precise cuidar de um parente idoso ou de um amigo com sa\u00fade fr\u00e1gil. Isso pode acontecer com qualquer um de n\u00f3s. Como especialista em jornalismo did\u00e1tico, eu vejo cada vez mais hist\u00f3rias de pessoas comuns se tornando cuidadores informais. Neste artigo, vamos descomplicar o que significa essa jornada e o que voc\u00ea precisa saber para enfrent\u00e1-la da melhor forma.<\/p>\n<p>O envelhecimento da popula\u00e7\u00e3o e as demandas da vida moderna tornam essa realidade cada vez mais comum. Mas n\u00e3o se preocupe: com informa\u00e7\u00e3o certa, voc\u00ea pode transformar um desafio em uma experi\u00eancia recompensadora.<\/p>\n<h2>Por Que Isso Pode Acontecer com Voc\u00ea<\/h2>\n<p>Muitos de n\u00f3s acabamos assumindo o papel de cuidador por la\u00e7os familiares ou de amizade. Pode ser um pai com Alzheimer, uma m\u00e3e ap\u00f3s uma cirurgia ou at\u00e9 um c\u00f4njuge com mobilidade reduzida. Na minha an\u00e1lise de tend\u00eancias, percebo que o Brasil, como muitos pa\u00edses, enfrenta um aumento de idosos \u2013 mais de 30 milh\u00f5es hoje, segundo o IBGE.<\/p>\n<p>N\u00e3o \u00e9 s\u00f3 sobre idade: acidentes, doen\u00e7as cr\u00f4nicas ou defici\u00eancias podem exigir cuidados a qualquer momento. E voc\u00ea? J\u00e1 parou para pensar se est\u00e1 preparado?<\/p>\n<h3>Fatores que Levam a Essa Situa\u00e7\u00e3o<\/h3>\n<p>Entre os principais gatilhos est\u00e3o o envelhecimento populacional e a falta de suporte profissional acess\u00edvel. Muitos optam pelo cuidado em casa por amor e economia, mas isso exige planejamento.<\/p>\n<h2>O Que Significa Ser um Cuidador Informal<\/h2>\n<p>Ser cuidador informal significa assumir responsabilidades di\u00e1rias sem remunera\u00e7\u00e3o formal. \u00c9 voc\u00ea, como familiar, ajudando com banho, rem\u00e9dios, alimenta\u00e7\u00e3o e companhia emocional. O termo <strong>cuidador informal<\/strong>, que na pr\u00e1tica \u00e9 o oposto do profissional contratado, envolve dedica\u00e7\u00e3o total.<\/p>\n<p>Eu analisei relatos e vejo que isso pode consumir at\u00e9 40 horas semanais, impactando sua rotina. Mas o que diferencia \u00e9 o v\u00ednculo afetivo, que traz for\u00e7as \u00fanicas.<\/p>\n<ul>\n<li>Cuidados f\u00edsicos: Ajudar na higiene e mobilidade.<\/li>\n<li>Cuidados emocionais: Oferecer apoio psicol\u00f3gico.<\/li>\n<li>Gest\u00e3o pr\u00e1tica: Lidar com m\u00e9dicos e burocracias.<\/li>\n<\/ul>\n<h2>Os Desafios e Impactos na Sua Vida Di\u00e1ria<\/h2>\n<p>Assumir esse papel pode alterar tudo: trabalho, lazer e sa\u00fade mental. Muitos cuidadores relatam exaust\u00e3o, conhecida como <em>s\u00edndrome do cuidador<\/em>, que \u00e9 basicamente o esgotamento por sobrecarga.<\/p>\n<p>Para empresas, isso significa aus\u00eancias; para a sociedade, um custo invis\u00edvel em sa\u00fade. No dia a dia, voc\u00ea pode sentir isolamento ou culpa por n\u00e3o fazer &#8216;o suficiente&#8217;. Mas h\u00e1 sa\u00eddas: redes de apoio evitam burnout.<\/p>\n<h3>Como Isso Afeta Sua Rotina<\/h3>\n<p>Pense em noites sem dormir por vig\u00edlia ou viagens canceladas. Estudos mostram que 50% dos cuidadores enfrentam estresse cr\u00f4nico, afetando relacionamentos e finan\u00e7as.<\/p>\n<h2>Dicas Pr\u00e1ticas e Direitos que Voc\u00ea Deve Conhecer<\/h2>\n<p>Primeiro, eduque-se: cursos gratuitos do SUS ou ONGs ensinam t\u00e9cnicas b\u00e1sicas. Conhe\u00e7a seus direitos \u2013 a Lei 13.146\/2015 garante acessibilidade e suporte para cuidadores.<\/p>\n<p>Recomendo criar uma rede: envolva outros familiares e busque benef\u00edcios como o BPC para o dependente. Na minha opini\u00e3o, priorize sua sa\u00fade: pausas regulares s\u00e3o essenciais.<\/p>\n<ul>\n<li>Busque orienta\u00e7\u00e3o m\u00e9dica para cuidados espec\u00edficos.<\/li>\n<li>Utilize apps de lembretes para rem\u00e9dios.<\/li>\n<li>Participe de grupos de apoio online.<\/li>\n<\/ul>\n<h2>Olhando para o Futuro: Tend\u00eancias e Suporte<\/h2>\n<p>O futuro aponta para mais tecnologia, como wearables que monitoram sa\u00fade remotamente. Pol\u00edticas p\u00fablicas est\u00e3o evoluindo, com mais centros-dia para idosos.<\/p>\n<p>Minha recomenda\u00e7\u00e3o: planeje agora. Crie um fundo de reserva e discuta pap\u00e9is familiares. Assim, quando o momento chegar, voc\u00ea estar\u00e1 equipado.<\/p>\n<h2>Reflex\u00f5es Finais sobre Cuidar com Consci\u00eancia<\/h2>\n<p>Ser cuidador \u00e9 um ato de amor profundo, mas exige prepara\u00e7\u00e3o. Ao entender os desafios e recursos, voc\u00ea n\u00e3o s\u00f3 ajuda o outro, mas se fortalece. Se essa realidade bater \u00e0 sua porta, lembre-se: voc\u00ea n\u00e3o est\u00e1 sozinho. Comece informando-se hoje e transforme possibilidade em a\u00e7\u00e3o positiva.<\/p>\n","protected":false},"excerpt":{"rendered":"<p>Descubra como se preparar para ser cuidador de um familiar ou amigo. Dicas essenciais sobre cuidados, direitos e suporte para enfrentar essa responsabilidade com confian\u00e7a.<\/p>\n","protected":false},"author":1,"featured_media":500,"comment_status":"open","ping_status":"open","sticky":false,"template":"","format":"standard","meta":{"_acf_changed":false,"_eb_attr":"","footnotes":"","_wpscppro_dont_share_socialmedia":false,"_wpscppro_custom_social_share_image":0,"_facebook_share_type":"","_twitter_share_type":"","_linkedin_share_type":"","_pinterest_share_type":"","_linkedin_share_type_page":"","_instagram_share_type":"","_medium_share_type":"","_threads_share_type":"","_google_business_share_type":"","_selected_social_profile":[],"_wpsp_enable_custom_social_template":false,"_wpsp_social_scheduling":{"enabled":false,"datetime":null,"platforms":[],"status":"template_only","dateOption":"today","timeOption":"now","customDays":"","customHours":"","customDate":"","customTime":"","schedulingType":"absolute"},"_wpsp_active_default_template":true},"categories":[3],"tags":[],"class_list":["post-501","post","type-post","status-publish","format-standard","has-post-thumbnail","hentry","category-bem-estar"],"acf":[],"yoast_head":"<!-- This site is optimized with the Yoast SEO plugin v26.9 - https:\/\/yoast.com\/product\/yoast-seo-wordpress\/ -->\n<title>Pode ser que um dia voc\u00ea seja o cuidador de algu\u00e9m; veja o que \u00e9 preciso saber - ICTDF<\/title>\n<meta name=\"robots\" content=\"index, follow, max-snippet:-1, max-image-preview:large, max-video-preview:-1\" \/>\n<link rel=\"canonical\" href=\"https:\/\/ictdf.synergyecosys.io\/?p=501\" \/>\n<meta property=\"og:locale\" content=\"pt_BR\" \/>\n<meta property=\"og:type\" content=\"article\" \/>\n<meta property=\"og:title\" content=\"Pode ser que um dia voc\u00ea seja o cuidador de algu\u00e9m; veja o que \u00e9 preciso saber - ICTDF\" \/>\n<meta property=\"og:description\" content=\"Descubra como se preparar para ser cuidador de um familiar ou amigo. Dicas essenciais sobre cuidados, direitos e suporte para enfrentar essa responsabilidade com confian\u00e7a.\" \/>\n<meta property=\"og:url\" content=\"https:\/\/ictdf.synergyecosys.io\/?p=501\" \/>\n<meta property=\"og:site_name\" content=\"ICTDF\" \/>\n<meta property=\"article:published_time\" content=\"2026-03-15T06:33:07+00:00\" \/>\n<meta name=\"author\" content=\"admin\" \/>\n<meta name=\"twitter:card\" content=\"summary_large_image\" \/>\n<meta name=\"twitter:label1\" content=\"Escrito por\" \/>\n\t<meta name=\"twitter:data1\" content=\"admin\" \/>\n\t<meta name=\"twitter:label2\" content=\"Est. tempo de leitura\" \/>\n\t<meta name=\"twitter:data2\" content=\"3 minutos\" \/>\n<script type=\"application\/ld+json\" class=\"yoast-schema-graph\">{\"@context\":\"https:\/\/schema.org\",\"@graph\":[{\"@type\":\"Article\",\"@id\":\"https:\/\/ictdf.synergyecosys.io\/?p=501#article\",\"isPartOf\":{\"@id\":\"https:\/\/ictdf.synergyecosys.io\/?p=501\"},\"author\":{\"name\":\"admin\",\"@id\":\"https:\/\/ictdf.synergyecosys.io\/#\/schema\/person\/0b4488974b7b485188c0c01cb9f95b21\"},\"headline\":\"Pode ser que um dia voc\u00ea seja o cuidador de algu\u00e9m; veja o que \u00e9 preciso saber\",\"datePublished\":\"2026-03-15T06:33:07+00:00\",\"mainEntityOfPage\":{\"@id\":\"https:\/\/ictdf.synergyecosys.io\/?p=501\"},\"wordCount\":674,\"commentCount\":0,\"publisher\":{\"@id\":\"https:\/\/ictdf.synergyecosys.io\/#organization\"},\"image\":{\"@id\":\"https:\/\/ictdf.synergyecosys.io\/?p=501#primaryimage\"},\"thumbnailUrl\":\"https:\/\/ictdf.synergyecosys.io\/wp-content\/uploads\/2026\/03\/imagem-Como-se-Preparar-para-Ser-Cuidador-O-Que-Saber.png\",\"articleSection\":[\"Bem-estar\"],\"inLanguage\":\"pt-BR\",\"potentialAction\":[{\"@type\":\"CommentAction\",\"name\":\"Comment\",\"target\":[\"https:\/\/ictdf.synergyecosys.io\/?p=501#respond\"]}]},{\"@type\":\"WebPage\",\"@id\":\"https:\/\/ictdf.synergyecosys.io\/?p=501\",\"url\":\"https:\/\/ictdf.synergyecosys.io\/?p=501\",\"name\":\"Pode ser que um dia voc\u00ea seja o cuidador de algu\u00e9m; veja o que \u00e9 preciso saber - ICTDF\",\"isPartOf\":{\"@id\":\"https:\/\/ictdf.synergyecosys.io\/#website\"},\"primaryImageOfPage\":{\"@id\":\"https:\/\/ictdf.synergyecosys.io\/?p=501#primaryimage\"},\"image\":{\"@id\":\"https:\/\/ictdf.synergyecosys.io\/?p=501#primaryimage\"},\"thumbnailUrl\":\"https:\/\/ictdf.synergyecosys.io\/wp-content\/uploads\/2026\/03\/imagem-Como-se-Preparar-para-Ser-Cuidador-O-Que-Saber.png\",\"datePublished\":\"2026-03-15T06:33:07+00:00\",\"breadcrumb\":{\"@id\":\"https:\/\/ictdf.synergyecosys.io\/?p=501#breadcrumb\"},\"inLanguage\":\"pt-BR\",\"potentialAction\":[{\"@type\":\"ReadAction\",\"target\":[\"https:\/\/ictdf.synergyecosys.io\/?p=501\"]}]},{\"@type\":\"ImageObject\",\"inLanguage\":\"pt-BR\",\"@id\":\"https:\/\/ictdf.synergyecosys.io\/?p=501#primaryimage\",\"url\":\"https:\/\/ictdf.synergyecosys.io\/wp-content\/uploads\/2026\/03\/imagem-Como-se-Preparar-para-Ser-Cuidador-O-Que-Saber.png\",\"contentUrl\":\"https:\/\/ictdf.synergyecosys.io\/wp-content\/uploads\/2026\/03\/imagem-Como-se-Preparar-para-Ser-Cuidador-O-Que-Saber.png\",\"width\":1696,\"height\":960},{\"@type\":\"BreadcrumbList\",\"@id\":\"https:\/\/ictdf.synergyecosys.io\/?p=501#breadcrumb\",\"itemListElement\":[{\"@type\":\"ListItem\",\"position\":1,\"name\":\"In\u00edcio\",\"item\":\"https:\/\/ictdf.synergyecosys.io\/\"},{\"@type\":\"ListItem\",\"position\":2,\"name\":\"Pode ser que um dia voc\u00ea seja o cuidador de algu\u00e9m; veja o que \u00e9 preciso saber\"}]},{\"@type\":\"WebSite\",\"@id\":\"https:\/\/ictdf.synergyecosys.io\/#website\",\"url\":\"https:\/\/ictdf.synergyecosys.io\/\",\"name\":\"ICTDF\",\"description\":\"\",\"publisher\":{\"@id\":\"https:\/\/ictdf.synergyecosys.io\/#organization\"},\"potentialAction\":[{\"@type\":\"SearchAction\",\"target\":{\"@type\":\"EntryPoint\",\"urlTemplate\":\"https:\/\/ictdf.synergyecosys.io\/?s={search_term_string}\"},\"query-input\":{\"@type\":\"PropertyValueSpecification\",\"valueRequired\":true,\"valueName\":\"search_term_string\"}}],\"inLanguage\":\"pt-BR\"},{\"@type\":\"Organization\",\"@id\":\"https:\/\/ictdf.synergyecosys.io\/#organization\",\"name\":\"ICTDF\",\"url\":\"https:\/\/ictdf.synergyecosys.io\/\",\"logo\":{\"@type\":\"ImageObject\",\"inLanguage\":\"pt-BR\",\"@id\":\"https:\/\/ictdf.synergyecosys.io\/#\/schema\/logo\/image\/\",\"url\":\"https:\/\/ictdf.synergyecosys.io\/wp-content\/uploads\/2026\/02\/cropped-cropped-ICTDF_logo_transparente.png\",\"contentUrl\":\"https:\/\/ictdf.synergyecosys.io\/wp-content\/uploads\/2026\/02\/cropped-cropped-ICTDF_logo_transparente.png\",\"width\":450,\"height\":141,\"caption\":\"ICTDF\"},\"image\":{\"@id\":\"https:\/\/ictdf.synergyecosys.io\/#\/schema\/logo\/image\/\"}},{\"@type\":\"Person\",\"@id\":\"https:\/\/ictdf.synergyecosys.io\/#\/schema\/person\/0b4488974b7b485188c0c01cb9f95b21\",\"name\":\"admin\",\"image\":{\"@type\":\"ImageObject\",\"inLanguage\":\"pt-BR\",\"@id\":\"https:\/\/ictdf.synergyecosys.io\/#\/schema\/person\/image\/\",\"url\":\"https:\/\/secure.gravatar.com\/avatar\/ee6b87b4bde4f4817334740781bdb6e270748065085879a5aa2018d8006922fa?s=96&d=mm&r=g\",\"contentUrl\":\"https:\/\/secure.gravatar.com\/avatar\/ee6b87b4bde4f4817334740781bdb6e270748065085879a5aa2018d8006922fa?s=96&d=mm&r=g\",\"caption\":\"admin\"},\"sameAs\":[\"https:\/\/ictdf.synergyecosys.io\"],\"url\":\"https:\/\/ictdf.synergyecosys.io\/?author=1\"}]}<\/script>\n<!-- \/ Yoast SEO plugin. -->","yoast_head_json":{"title":"Pode ser que um dia voc\u00ea seja o cuidador de algu\u00e9m; veja o que \u00e9 preciso saber - ICTDF","robots":{"index":"index","follow":"follow","max-snippet":"max-snippet:-1","max-image-preview":"max-image-preview:large","max-video-preview":"max-video-preview:-1"},"canonical":"https:\/\/ictdf.synergyecosys.io\/?p=501","og_locale":"pt_BR","og_type":"article","og_title":"Pode ser que um dia voc\u00ea seja o cuidador de algu\u00e9m; veja o que \u00e9 preciso saber - ICTDF","og_description":"Descubra como se preparar para ser cuidador de um familiar ou amigo. Dicas essenciais sobre cuidados, direitos e suporte para enfrentar essa responsabilidade com confian\u00e7a.","og_url":"https:\/\/ictdf.synergyecosys.io\/?p=501","og_site_name":"ICTDF","article_published_time":"2026-03-15T06:33:07+00:00","author":"admin","twitter_card":"summary_large_image","twitter_misc":{"Escrito por":"admin","Est. tempo de leitura":"3 minutos"},"schema":{"@context":"https:\/\/schema.org","@graph":[{"@type":"Article","@id":"https:\/\/ictdf.synergyecosys.io\/?p=501#article","isPartOf":{"@id":"https:\/\/ictdf.synergyecosys.io\/?p=501"},"author":{"name":"admin","@id":"https:\/\/ictdf.synergyecosys.io\/#\/schema\/person\/0b4488974b7b485188c0c01cb9f95b21"},"headline":"Pode ser que um dia voc\u00ea seja o cuidador de algu\u00e9m; veja o que \u00e9 preciso saber","datePublished":"2026-03-15T06:33:07+00:00","mainEntityOfPage":{"@id":"https:\/\/ictdf.synergyecosys.io\/?p=501"},"wordCount":674,"commentCount":0,"publisher":{"@id":"https:\/\/ictdf.synergyecosys.io\/#organization"},"image":{"@id":"https:\/\/ictdf.synergyecosys.io\/?p=501#primaryimage"},"thumbnailUrl":"https:\/\/ictdf.synergyecosys.io\/wp-content\/uploads\/2026\/03\/imagem-Como-se-Preparar-para-Ser-Cuidador-O-Que-Saber.png","articleSection":["Bem-estar"],"inLanguage":"pt-BR","potentialAction":[{"@type":"CommentAction","name":"Comment","target":["https:\/\/ictdf.synergyecosys.io\/?p=501#respond"]}]},{"@type":"WebPage","@id":"https:\/\/ictdf.synergyecosys.io\/?p=501","url":"https:\/\/ictdf.synergyecosys.io\/?p=501","name":"Pode ser que um dia voc\u00ea seja o cuidador de algu\u00e9m; veja o que \u00e9 preciso saber - ICTDF","isPartOf":{"@id":"https:\/\/ictdf.synergyecosys.io\/#website"},"primaryImageOfPage":{"@id":"https:\/\/ictdf.synergyecosys.io\/?p=501#primaryimage"},"image":{"@id":"https:\/\/ictdf.synergyecosys.io\/?p=501#primaryimage"},"thumbnailUrl":"https:\/\/ictdf.synergyecosys.io\/wp-content\/uploads\/2026\/03\/imagem-Como-se-Preparar-para-Ser-Cuidador-O-Que-Saber.png","datePublished":"2026-03-15T06:33:07+00:00","breadcrumb":{"@id":"https:\/\/ictdf.synergyecosys.io\/?p=501#breadcrumb"},"inLanguage":"pt-BR","potentialAction":[{"@type":"ReadAction","target":["https:\/\/ictdf.synergyecosys.io\/?p=501"]}]},{"@type":"ImageObject","inLanguage":"pt-BR","@id":"https:\/\/ictdf.synergyecosys.io\/?p=501#primaryimage","url":"https:\/\/ictdf.synergyecosys.io\/wp-content\/uploads\/2026\/03\/imagem-Como-se-Preparar-para-Ser-Cuidador-O-Que-Saber.png","contentUrl":"https:\/\/ictdf.synergyecosys.io\/wp-content\/uploads\/2026\/03\/imagem-Como-se-Preparar-para-Ser-Cuidador-O-Que-Saber.png","width":1696,"height":960},{"@type":"BreadcrumbList","@id":"https:\/\/ictdf.synergyecosys.io\/?p=501#breadcrumb","itemListElement":[{"@type":"ListItem","position":1,"name":"In\u00edcio","item":"https:\/\/ictdf.synergyecosys.io\/"},{"@type":"ListItem","position":2,"name":"Pode ser que um dia voc\u00ea seja o cuidador de algu\u00e9m; veja o que \u00e9 preciso saber"}]},{"@type":"WebSite","@id":"https:\/\/ictdf.synergyecosys.io\/#website","url":"https:\/\/ictdf.synergyecosys.io\/","name":"ICTDF","description":"","publisher":{"@id":"https:\/\/ictdf.synergyecosys.io\/#organization"},"potentialAction":[{"@type":"SearchAction","target":{"@type":"EntryPoint","urlTemplate":"https:\/\/ictdf.synergyecosys.io\/?s={search_term_string}"},"query-input":{"@type":"PropertyValueSpecification","valueRequired":true,"valueName":"search_term_string"}}],"inLanguage":"pt-BR"},{"@type":"Organization","@id":"https:\/\/ictdf.synergyecosys.io\/#organization","name":"ICTDF","url":"https:\/\/ictdf.synergyecosys.io\/","logo":{"@type":"ImageObject","inLanguage":"pt-BR","@id":"https:\/\/ictdf.synergyecosys.io\/#\/schema\/logo\/image\/","url":"https:\/\/ictdf.synergyecosys.io\/wp-content\/uploads\/2026\/02\/cropped-cropped-ICTDF_logo_transparente.png","contentUrl":"https:\/\/ictdf.synergyecosys.io\/wp-content\/uploads\/2026\/02\/cropped-cropped-ICTDF_logo_transparente.png","width":450,"height":141,"caption":"ICTDF"},"image":{"@id":"https:\/\/ictdf.synergyecosys.io\/#\/schema\/logo\/image\/"}},{"@type":"Person","@id":"https:\/\/ictdf.synergyecosys.io\/#\/schema\/person\/0b4488974b7b485188c0c01cb9f95b21","name":"admin","image":{"@type":"ImageObject","inLanguage":"pt-BR","@id":"https:\/\/ictdf.synergyecosys.io\/#\/schema\/person\/image\/","url":"https:\/\/secure.gravatar.com\/avatar\/ee6b87b4bde4f4817334740781bdb6e270748065085879a5aa2018d8006922fa?s=96&d=mm&r=g","contentUrl":"https:\/\/secure.gravatar.com\/avatar\/ee6b87b4bde4f4817334740781bdb6e270748065085879a5aa2018d8006922fa?s=96&d=mm&r=g","caption":"admin"},"sameAs":["https:\/\/ictdf.synergyecosys.io"],"url":"https:\/\/ictdf.synergyecosys.io\/?author=1"}]}},"_links":{"self":[{"href":"https:\/\/ictdf.synergyecosys.io\/index.php?rest_route=\/wp\/v2\/posts\/501","targetHints":{"allow":["GET"]}}],"collection":[{"href":"https:\/\/ictdf.synergyecosys.io\/index.php?rest_route=\/wp\/v2\/posts"}],"about":[{"href":"https:\/\/ictdf.synergyecosys.io\/index.php?rest_route=\/wp\/v2\/types\/post"}],"author":[{"embeddable":true,"href":"https:\/\/ictdf.synergyecosys.io\/index.php?rest_route=\/wp\/v2\/users\/1"}],"replies":[{"embeddable":true,"href":"https:\/\/ictdf.synergyecosys.io\/index.php?rest_route=%2Fwp%2Fv2%2Fcomments&post=501"}],"version-history":[{"count":0,"href":"https:\/\/ictdf.synergyecosys.io\/index.php?rest_route=\/wp\/v2\/posts\/501\/revisions"}],"wp:featuredmedia":[{"embeddable":true,"href":"https:\/\/ictdf.synergyecosys.io\/index.php?rest_route=\/wp\/v2\/media\/500"}],"wp:attachment":[{"href":"https:\/\/ictdf.synergyecosys.io\/index.php?rest_route=%2Fwp%2Fv2%2Fmedia&parent=501"}],"wp:term":[{"taxonomy":"category","embeddable":true,"href":"https:\/\/ictdf.synergyecosys.io\/index.php?rest_route=%2Fwp%2Fv2%2Fcategories&post=501"},{"taxonomy":"post_tag","embeddable":true,"href":"https:\/\/ictdf.synergyecosys.io\/index.php?rest_route=%2Fwp%2Fv2%2Ftags&post=501"}],"curies":[{"name":"wp","href":"https:\/\/api.w.org\/{rel}","templated":true}]}}