{"id":493,"date":"2026-03-14T11:33:00","date_gmt":"2026-03-14T14:33:00","guid":{"rendered":"https:\/\/ictdf.synergyecosys.io\/?p=493"},"modified":"2026-03-14T11:33:00","modified_gmt":"2026-03-14T14:33:00","slug":"faz-mal-tomar-cafe-depois-do-almoco-saiba-o-que-diz-a-ciencia","status":"publish","type":"post","link":"https:\/\/ictdf.synergyecosys.io\/?p=493","title":{"rendered":"Faz mal tomar caf\u00e9 depois do almo\u00e7o? Saiba o que diz a ci\u00eancia"},"content":{"rendered":"<p>Voc\u00ea adora aquele cafezinho ap\u00f3s o almo\u00e7o para dar um up na tarde? Muita gente faz o mesmo, mas surge a d\u00favida: ser\u00e1 que isso faz mal \u00e0 sa\u00fade? Eu mergulhei nos estudos cient\u00edficos para esclarecer isso de forma simples e direta.<\/p>\n<p>A cafe\u00edna, principal componente do caf\u00e9, \u00e9 um estimulante que afeta o corpo de v\u00e1rias maneiras. Vamos entender o que acontece quando voc\u00ea toma caf\u00e9 logo depois de comer.<\/p>\n<h2>Como o caf\u00e9 influencia a digest\u00e3o<\/h2>\n<p>O caf\u00e9 estimula a produ\u00e7\u00e3o de \u00e1cidos g\u00e1stricos no est\u00f4mago. Isso \u00e9 bom para quebrar os alimentos, mas em excesso pode causar azia ou refluxo, especialmente se voc\u00ea j\u00e1 tem o est\u00f4mago sens\u00edvel. Estudos mostram que a cafe\u00edna relaxa o esf\u00edncter esof\u00e1gico inferior, a &#8216;v\u00e1lvula&#8217; que impede o retorno do \u00e1cido para o es\u00f4fago.<\/p>\n<p>No entanto, n\u00e3o \u00e9 tudo ruim. O caf\u00e9 tamb\u00e9m acelera o tr\u00e2nsito intestinal, ajudando na digest\u00e3o e prevenindo constipa\u00e7\u00e3o. Para muitas pessoas, um caf\u00e9 p\u00f3s-refei\u00e7\u00e3o \u00e9 at\u00e9 ben\u00e9fico.<\/p>\n<h3>O papel da cafe\u00edna no processo digestivo<\/h3>\n<p>A cafe\u00edna atua como antagonista dos receptores de adenosina, aumentando a libera\u00e7\u00e3o de subst\u00e2ncias que promovem a motilidade g\u00e1strica. Em termos simples, ela &#8216;acelera&#8217; o est\u00f4mago, o que pode ser \u00f3timo ap\u00f3s uma refei\u00e7\u00e3o pesada.<\/p>\n<p>De acordo com pesquisas, consumir at\u00e9 400 mg de cafe\u00edna por dia \u00e9 seguro para adultos saud\u00e1veis, o equivalente a cerca de 4 x\u00edcaras de caf\u00e9.<\/p>\n<h2>Pr\u00f3s e contras para a sa\u00fade di\u00e1ria<\/h2>\n<p>Entre os benef\u00edcios, o caf\u00e9 ap\u00f3s o almo\u00e7o pode melhorar o alerta mental e a concentra\u00e7\u00e3o, combatendo o &#8216;sono p\u00f3s-almo\u00e7o&#8217;. Ele tamb\u00e9m cont\u00e9m antioxidantes que protegem o cora\u00e7\u00e3o e reduzem riscos de doen\u00e7as como Parkinson.<\/p>\n<p>Por outro lado, se voc\u00ea tem gastrite ou refluxo, pode piorar os sintomas. A cafe\u00edna interfere na absor\u00e7\u00e3o de ferro e c\u00e1lcio das refei\u00e7\u00f5es, algo a considerar se voc\u00ea segue dietas espec\u00edficas.<\/p>\n<ul>\n<li><strong>Pr\u00f3s:<\/strong> Aumenta energia, auxilia digest\u00e3o, rico em antioxidantes.<\/li>\n<li><strong>Contras:<\/strong> Pode causar acidez, ins\u00f4nia se em excesso, afeta absor\u00e7\u00e3o de nutrientes.<\/li>\n<\/ul>\n<h3>Quem deve ter cuidado<\/h3>\n<p>Pessoas com problemas gastrointestinais, gr\u00e1vidas ou sens\u00edveis \u00e0 cafe\u00edna devem limitar o consumo. Uma dica: espere 30-60 minutos ap\u00f3s comer para tomar o caf\u00e9, permitindo que o est\u00f4mago processe a comida primeiro.<\/p>\n<h2>Tend\u00eancias e dicas para consumir caf\u00e9 com sabedoria<\/h2>\n<p>A ci\u00eancia evolui, e estudos recentes sugerem que o caf\u00e9 descafeinado oferece benef\u00edcios semelhantes sem os efeitos estimulantes. Experimente variedades com menos acidez para proteger o est\u00f4mago.<\/p>\n<p>Recomendo modera\u00e7\u00e3o: 1-2 x\u00edcaras por dia. Monitore como seu corpo reage e consulte um m\u00e9dico se notar desconfortos.<\/p>\n<h2>Reflex\u00f5es finais: equil\u00edbrio \u00e9 a chave<\/h2>\n<p>Tomar caf\u00e9 depois do almo\u00e7o n\u00e3o \u00e9 vil\u00e3o para todos, mas depende do seu perfil. A ci\u00eancia indica que, em modera\u00e7\u00e3o, ele pode ser um aliado na rotina. Que tal testar e ver como se sente? Seu bem-estar em primeiro lugar!<\/p>\n","protected":false},"excerpt":{"rendered":"<p>Descubra se tomar caf\u00e9 ap\u00f3s o almo\u00e7o prejudica a sa\u00fade. A ci\u00eancia revela pr\u00f3s e contras da cafe\u00edna na digest\u00e3o. Saiba como consumir com modera\u00e7\u00e3o para evitar problemas.<\/p>\n","protected":false},"author":1,"featured_media":492,"comment_status":"open","ping_status":"open","sticky":false,"template":"","format":"standard","meta":{"_acf_changed":false,"_eb_attr":"","footnotes":"","_wpscppro_dont_share_socialmedia":false,"_wpscppro_custom_social_share_image":0,"_facebook_share_type":"","_twitter_share_type":"","_linkedin_share_type":"","_pinterest_share_type":"","_linkedin_share_type_page":"","_instagram_share_type":"","_medium_share_type":"","_threads_share_type":"","_google_business_share_type":"","_selected_social_profile":[],"_wpsp_enable_custom_social_template":false,"_wpsp_social_scheduling":{"enabled":false,"datetime":null,"platforms":[],"status":"template_only","dateOption":"today","timeOption":"now","customDays":"","customHours":"","customDate":"","customTime":"","schedulingType":"absolute"},"_wpsp_active_default_template":true},"categories":[3],"tags":[],"class_list":["post-493","post","type-post","status-publish","format-standard","has-post-thumbnail","hentry","category-bem-estar"],"acf":[],"yoast_head":"<!-- This site is optimized with the Yoast SEO plugin v26.9 - https:\/\/yoast.com\/product\/yoast-seo-wordpress\/ -->\n<title>Faz mal tomar caf\u00e9 depois do almo\u00e7o? Saiba o que diz a ci\u00eancia - ICTDF<\/title>\n<meta name=\"robots\" content=\"index, follow, max-snippet:-1, max-image-preview:large, max-video-preview:-1\" \/>\n<link rel=\"canonical\" href=\"https:\/\/ictdf.synergyecosys.io\/?p=493\" \/>\n<meta property=\"og:locale\" content=\"pt_BR\" \/>\n<meta property=\"og:type\" content=\"article\" \/>\n<meta property=\"og:title\" content=\"Faz mal tomar caf\u00e9 depois do almo\u00e7o? Saiba o que diz a ci\u00eancia - ICTDF\" \/>\n<meta property=\"og:description\" content=\"Descubra se tomar caf\u00e9 ap\u00f3s o almo\u00e7o prejudica a sa\u00fade. A ci\u00eancia revela pr\u00f3s e contras da cafe\u00edna na digest\u00e3o. Saiba como consumir com modera\u00e7\u00e3o para evitar problemas.\" \/>\n<meta property=\"og:url\" content=\"https:\/\/ictdf.synergyecosys.io\/?p=493\" \/>\n<meta property=\"og:site_name\" content=\"ICTDF\" \/>\n<meta property=\"article:published_time\" content=\"2026-03-14T14:33:00+00:00\" \/>\n<meta name=\"author\" content=\"admin\" \/>\n<meta name=\"twitter:card\" content=\"summary_large_image\" \/>\n<meta name=\"twitter:label1\" content=\"Escrito por\" \/>\n\t<meta name=\"twitter:data1\" content=\"admin\" \/>\n\t<meta name=\"twitter:label2\" content=\"Est. tempo de leitura\" \/>\n\t<meta name=\"twitter:data2\" content=\"3 minutos\" \/>\n<script type=\"application\/ld+json\" class=\"yoast-schema-graph\">{\"@context\":\"https:\/\/schema.org\",\"@graph\":[{\"@type\":\"Article\",\"@id\":\"https:\/\/ictdf.synergyecosys.io\/?p=493#article\",\"isPartOf\":{\"@id\":\"https:\/\/ictdf.synergyecosys.io\/?p=493\"},\"author\":{\"name\":\"admin\",\"@id\":\"https:\/\/ictdf.synergyecosys.io\/#\/schema\/person\/0b4488974b7b485188c0c01cb9f95b21\"},\"headline\":\"Faz mal tomar caf\u00e9 depois do almo\u00e7o? Saiba o que diz a ci\u00eancia\",\"datePublished\":\"2026-03-14T14:33:00+00:00\",\"mainEntityOfPage\":{\"@id\":\"https:\/\/ictdf.synergyecosys.io\/?p=493\"},\"wordCount\":539,\"commentCount\":0,\"publisher\":{\"@id\":\"https:\/\/ictdf.synergyecosys.io\/#organization\"},\"image\":{\"@id\":\"https:\/\/ictdf.synergyecosys.io\/?p=493#primaryimage\"},\"thumbnailUrl\":\"https:\/\/ictdf.synergyecosys.io\/wp-content\/uploads\/2026\/03\/imagem-Faz-mal-cafy-depois-do-almoyo-Ciyncia-explica.png\",\"articleSection\":[\"Bem-estar\"],\"inLanguage\":\"pt-BR\",\"potentialAction\":[{\"@type\":\"CommentAction\",\"name\":\"Comment\",\"target\":[\"https:\/\/ictdf.synergyecosys.io\/?p=493#respond\"]}]},{\"@type\":\"WebPage\",\"@id\":\"https:\/\/ictdf.synergyecosys.io\/?p=493\",\"url\":\"https:\/\/ictdf.synergyecosys.io\/?p=493\",\"name\":\"Faz mal tomar caf\u00e9 depois do almo\u00e7o? Saiba o que diz a ci\u00eancia - ICTDF\",\"isPartOf\":{\"@id\":\"https:\/\/ictdf.synergyecosys.io\/#website\"},\"primaryImageOfPage\":{\"@id\":\"https:\/\/ictdf.synergyecosys.io\/?p=493#primaryimage\"},\"image\":{\"@id\":\"https:\/\/ictdf.synergyecosys.io\/?p=493#primaryimage\"},\"thumbnailUrl\":\"https:\/\/ictdf.synergyecosys.io\/wp-content\/uploads\/2026\/03\/imagem-Faz-mal-cafy-depois-do-almoyo-Ciyncia-explica.png\",\"datePublished\":\"2026-03-14T14:33:00+00:00\",\"breadcrumb\":{\"@id\":\"https:\/\/ictdf.synergyecosys.io\/?p=493#breadcrumb\"},\"inLanguage\":\"pt-BR\",\"potentialAction\":[{\"@type\":\"ReadAction\",\"target\":[\"https:\/\/ictdf.synergyecosys.io\/?p=493\"]}]},{\"@type\":\"ImageObject\",\"inLanguage\":\"pt-BR\",\"@id\":\"https:\/\/ictdf.synergyecosys.io\/?p=493#primaryimage\",\"url\":\"https:\/\/ictdf.synergyecosys.io\/wp-content\/uploads\/2026\/03\/imagem-Faz-mal-cafy-depois-do-almoyo-Ciyncia-explica.png\",\"contentUrl\":\"https:\/\/ictdf.synergyecosys.io\/wp-content\/uploads\/2026\/03\/imagem-Faz-mal-cafy-depois-do-almoyo-Ciyncia-explica.png\",\"width\":1696,\"height\":960},{\"@type\":\"BreadcrumbList\",\"@id\":\"https:\/\/ictdf.synergyecosys.io\/?p=493#breadcrumb\",\"itemListElement\":[{\"@type\":\"ListItem\",\"position\":1,\"name\":\"In\u00edcio\",\"item\":\"https:\/\/ictdf.synergyecosys.io\/\"},{\"@type\":\"ListItem\",\"position\":2,\"name\":\"Faz mal tomar caf\u00e9 depois do almo\u00e7o? Saiba o que diz a ci\u00eancia\"}]},{\"@type\":\"WebSite\",\"@id\":\"https:\/\/ictdf.synergyecosys.io\/#website\",\"url\":\"https:\/\/ictdf.synergyecosys.io\/\",\"name\":\"ICTDF\",\"description\":\"\",\"publisher\":{\"@id\":\"https:\/\/ictdf.synergyecosys.io\/#organization\"},\"potentialAction\":[{\"@type\":\"SearchAction\",\"target\":{\"@type\":\"EntryPoint\",\"urlTemplate\":\"https:\/\/ictdf.synergyecosys.io\/?s={search_term_string}\"},\"query-input\":{\"@type\":\"PropertyValueSpecification\",\"valueRequired\":true,\"valueName\":\"search_term_string\"}}],\"inLanguage\":\"pt-BR\"},{\"@type\":\"Organization\",\"@id\":\"https:\/\/ictdf.synergyecosys.io\/#organization\",\"name\":\"ICTDF\",\"url\":\"https:\/\/ictdf.synergyecosys.io\/\",\"logo\":{\"@type\":\"ImageObject\",\"inLanguage\":\"pt-BR\",\"@id\":\"https:\/\/ictdf.synergyecosys.io\/#\/schema\/logo\/image\/\",\"url\":\"https:\/\/ictdf.synergyecosys.io\/wp-content\/uploads\/2026\/02\/cropped-cropped-ICTDF_logo_transparente.png\",\"contentUrl\":\"https:\/\/ictdf.synergyecosys.io\/wp-content\/uploads\/2026\/02\/cropped-cropped-ICTDF_logo_transparente.png\",\"width\":450,\"height\":141,\"caption\":\"ICTDF\"},\"image\":{\"@id\":\"https:\/\/ictdf.synergyecosys.io\/#\/schema\/logo\/image\/\"}},{\"@type\":\"Person\",\"@id\":\"https:\/\/ictdf.synergyecosys.io\/#\/schema\/person\/0b4488974b7b485188c0c01cb9f95b21\",\"name\":\"admin\",\"image\":{\"@type\":\"ImageObject\",\"inLanguage\":\"pt-BR\",\"@id\":\"https:\/\/ictdf.synergyecosys.io\/#\/schema\/person\/image\/\",\"url\":\"https:\/\/secure.gravatar.com\/avatar\/ee6b87b4bde4f4817334740781bdb6e270748065085879a5aa2018d8006922fa?s=96&d=mm&r=g\",\"contentUrl\":\"https:\/\/secure.gravatar.com\/avatar\/ee6b87b4bde4f4817334740781bdb6e270748065085879a5aa2018d8006922fa?s=96&d=mm&r=g\",\"caption\":\"admin\"},\"sameAs\":[\"https:\/\/ictdf.synergyecosys.io\"],\"url\":\"https:\/\/ictdf.synergyecosys.io\/?author=1\"}]}<\/script>\n<!-- \/ Yoast SEO plugin. -->","yoast_head_json":{"title":"Faz mal tomar caf\u00e9 depois do almo\u00e7o? Saiba o que diz a ci\u00eancia - ICTDF","robots":{"index":"index","follow":"follow","max-snippet":"max-snippet:-1","max-image-preview":"max-image-preview:large","max-video-preview":"max-video-preview:-1"},"canonical":"https:\/\/ictdf.synergyecosys.io\/?p=493","og_locale":"pt_BR","og_type":"article","og_title":"Faz mal tomar caf\u00e9 depois do almo\u00e7o? Saiba o que diz a ci\u00eancia - ICTDF","og_description":"Descubra se tomar caf\u00e9 ap\u00f3s o almo\u00e7o prejudica a sa\u00fade. A ci\u00eancia revela pr\u00f3s e contras da cafe\u00edna na digest\u00e3o. Saiba como consumir com modera\u00e7\u00e3o para evitar problemas.","og_url":"https:\/\/ictdf.synergyecosys.io\/?p=493","og_site_name":"ICTDF","article_published_time":"2026-03-14T14:33:00+00:00","author":"admin","twitter_card":"summary_large_image","twitter_misc":{"Escrito por":"admin","Est. tempo de leitura":"3 minutos"},"schema":{"@context":"https:\/\/schema.org","@graph":[{"@type":"Article","@id":"https:\/\/ictdf.synergyecosys.io\/?p=493#article","isPartOf":{"@id":"https:\/\/ictdf.synergyecosys.io\/?p=493"},"author":{"name":"admin","@id":"https:\/\/ictdf.synergyecosys.io\/#\/schema\/person\/0b4488974b7b485188c0c01cb9f95b21"},"headline":"Faz mal tomar caf\u00e9 depois do almo\u00e7o? Saiba o que diz a ci\u00eancia","datePublished":"2026-03-14T14:33:00+00:00","mainEntityOfPage":{"@id":"https:\/\/ictdf.synergyecosys.io\/?p=493"},"wordCount":539,"commentCount":0,"publisher":{"@id":"https:\/\/ictdf.synergyecosys.io\/#organization"},"image":{"@id":"https:\/\/ictdf.synergyecosys.io\/?p=493#primaryimage"},"thumbnailUrl":"https:\/\/ictdf.synergyecosys.io\/wp-content\/uploads\/2026\/03\/imagem-Faz-mal-cafy-depois-do-almoyo-Ciyncia-explica.png","articleSection":["Bem-estar"],"inLanguage":"pt-BR","potentialAction":[{"@type":"CommentAction","name":"Comment","target":["https:\/\/ictdf.synergyecosys.io\/?p=493#respond"]}]},{"@type":"WebPage","@id":"https:\/\/ictdf.synergyecosys.io\/?p=493","url":"https:\/\/ictdf.synergyecosys.io\/?p=493","name":"Faz mal tomar caf\u00e9 depois do almo\u00e7o? Saiba o que diz a ci\u00eancia - ICTDF","isPartOf":{"@id":"https:\/\/ictdf.synergyecosys.io\/#website"},"primaryImageOfPage":{"@id":"https:\/\/ictdf.synergyecosys.io\/?p=493#primaryimage"},"image":{"@id":"https:\/\/ictdf.synergyecosys.io\/?p=493#primaryimage"},"thumbnailUrl":"https:\/\/ictdf.synergyecosys.io\/wp-content\/uploads\/2026\/03\/imagem-Faz-mal-cafy-depois-do-almoyo-Ciyncia-explica.png","datePublished":"2026-03-14T14:33:00+00:00","breadcrumb":{"@id":"https:\/\/ictdf.synergyecosys.io\/?p=493#breadcrumb"},"inLanguage":"pt-BR","potentialAction":[{"@type":"ReadAction","target":["https:\/\/ictdf.synergyecosys.io\/?p=493"]}]},{"@type":"ImageObject","inLanguage":"pt-BR","@id":"https:\/\/ictdf.synergyecosys.io\/?p=493#primaryimage","url":"https:\/\/ictdf.synergyecosys.io\/wp-content\/uploads\/2026\/03\/imagem-Faz-mal-cafy-depois-do-almoyo-Ciyncia-explica.png","contentUrl":"https:\/\/ictdf.synergyecosys.io\/wp-content\/uploads\/2026\/03\/imagem-Faz-mal-cafy-depois-do-almoyo-Ciyncia-explica.png","width":1696,"height":960},{"@type":"BreadcrumbList","@id":"https:\/\/ictdf.synergyecosys.io\/?p=493#breadcrumb","itemListElement":[{"@type":"ListItem","position":1,"name":"In\u00edcio","item":"https:\/\/ictdf.synergyecosys.io\/"},{"@type":"ListItem","position":2,"name":"Faz mal tomar caf\u00e9 depois do almo\u00e7o? Saiba o que diz a ci\u00eancia"}]},{"@type":"WebSite","@id":"https:\/\/ictdf.synergyecosys.io\/#website","url":"https:\/\/ictdf.synergyecosys.io\/","name":"ICTDF","description":"","publisher":{"@id":"https:\/\/ictdf.synergyecosys.io\/#organization"},"potentialAction":[{"@type":"SearchAction","target":{"@type":"EntryPoint","urlTemplate":"https:\/\/ictdf.synergyecosys.io\/?s={search_term_string}"},"query-input":{"@type":"PropertyValueSpecification","valueRequired":true,"valueName":"search_term_string"}}],"inLanguage":"pt-BR"},{"@type":"Organization","@id":"https:\/\/ictdf.synergyecosys.io\/#organization","name":"ICTDF","url":"https:\/\/ictdf.synergyecosys.io\/","logo":{"@type":"ImageObject","inLanguage":"pt-BR","@id":"https:\/\/ictdf.synergyecosys.io\/#\/schema\/logo\/image\/","url":"https:\/\/ictdf.synergyecosys.io\/wp-content\/uploads\/2026\/02\/cropped-cropped-ICTDF_logo_transparente.png","contentUrl":"https:\/\/ictdf.synergyecosys.io\/wp-content\/uploads\/2026\/02\/cropped-cropped-ICTDF_logo_transparente.png","width":450,"height":141,"caption":"ICTDF"},"image":{"@id":"https:\/\/ictdf.synergyecosys.io\/#\/schema\/logo\/image\/"}},{"@type":"Person","@id":"https:\/\/ictdf.synergyecosys.io\/#\/schema\/person\/0b4488974b7b485188c0c01cb9f95b21","name":"admin","image":{"@type":"ImageObject","inLanguage":"pt-BR","@id":"https:\/\/ictdf.synergyecosys.io\/#\/schema\/person\/image\/","url":"https:\/\/secure.gravatar.com\/avatar\/ee6b87b4bde4f4817334740781bdb6e270748065085879a5aa2018d8006922fa?s=96&d=mm&r=g","contentUrl":"https:\/\/secure.gravatar.com\/avatar\/ee6b87b4bde4f4817334740781bdb6e270748065085879a5aa2018d8006922fa?s=96&d=mm&r=g","caption":"admin"},"sameAs":["https:\/\/ictdf.synergyecosys.io"],"url":"https:\/\/ictdf.synergyecosys.io\/?author=1"}]}},"_links":{"self":[{"href":"https:\/\/ictdf.synergyecosys.io\/index.php?rest_route=\/wp\/v2\/posts\/493","targetHints":{"allow":["GET"]}}],"collection":[{"href":"https:\/\/ictdf.synergyecosys.io\/index.php?rest_route=\/wp\/v2\/posts"}],"about":[{"href":"https:\/\/ictdf.synergyecosys.io\/index.php?rest_route=\/wp\/v2\/types\/post"}],"author":[{"embeddable":true,"href":"https:\/\/ictdf.synergyecosys.io\/index.php?rest_route=\/wp\/v2\/users\/1"}],"replies":[{"embeddable":true,"href":"https:\/\/ictdf.synergyecosys.io\/index.php?rest_route=%2Fwp%2Fv2%2Fcomments&post=493"}],"version-history":[{"count":0,"href":"https:\/\/ictdf.synergyecosys.io\/index.php?rest_route=\/wp\/v2\/posts\/493\/revisions"}],"wp:featuredmedia":[{"embeddable":true,"href":"https:\/\/ictdf.synergyecosys.io\/index.php?rest_route=\/wp\/v2\/media\/492"}],"wp:attachment":[{"href":"https:\/\/ictdf.synergyecosys.io\/index.php?rest_route=%2Fwp%2Fv2%2Fmedia&parent=493"}],"wp:term":[{"taxonomy":"category","embeddable":true,"href":"https:\/\/ictdf.synergyecosys.io\/index.php?rest_route=%2Fwp%2Fv2%2Fcategories&post=493"},{"taxonomy":"post_tag","embeddable":true,"href":"https:\/\/ictdf.synergyecosys.io\/index.php?rest_route=%2Fwp%2Fv2%2Ftags&post=493"}],"curies":[{"name":"wp","href":"https:\/\/api.w.org\/{rel}","templated":true}]}}