{"id":483,"date":"2026-03-14T00:33:43","date_gmt":"2026-03-14T03:33:43","guid":{"rendered":"https:\/\/ictdf.synergyecosys.io\/?p=483"},"modified":"2026-03-14T00:33:43","modified_gmt":"2026-03-14T03:33:43","slug":"casos-graves-de-infeccoes-respiratorias-crescem-no-brasil-diz-fiocruz","status":"publish","type":"post","link":"https:\/\/ictdf.synergyecosys.io\/?p=483","title":{"rendered":"Casos graves de infec\u00e7\u00f5es respirat\u00f3rias crescem no Brasil, diz Fiocruz"},"content":{"rendered":"<p>Voc\u00ea j\u00e1 sentiu aquela tosse insistente ou falta de ar que n\u00e3o passa? Pois \u00e9, no Brasil, os casos de infec\u00e7\u00f5es respirat\u00f3rias graves est\u00e3o em alta, segundo o boletim InfoGripe da Fiocruz. Como especialista em jornalismo did\u00e1tico, eu analisei os dados recentes e vou explicar tudo de forma simples, para que voc\u00ea entenda o que est\u00e1 acontecendo e como se cuidar.<\/p>\n<p>A s\u00edndrome respirat\u00f3ria aguda grave (SRAG), que na pr\u00e1tica significa uma infec\u00e7\u00e3o que afeta os pulm\u00f5es e exige hospitaliza\u00e7\u00e3o, est\u00e1 crescendo em quase todo o pa\u00eds. Isso n\u00e3o \u00e9 s\u00f3 um resfriado comum; estamos falando de situa\u00e7\u00f5es que lotam UTIs e preocupam especialmente fam\u00edlias com crian\u00e7as pequenas.<\/p>\n<h2>Por que os casos de infec\u00e7\u00f5es respirat\u00f3rias est\u00e3o subindo agora?<\/h2>\n<p>O aumento vem da maior circula\u00e7\u00e3o de v\u00edrus respirat\u00f3rios nesta \u00e9poca do ano. O boletim da Fiocruz, uma institui\u00e7\u00e3o de pesquisa em sa\u00fade p\u00fablica fundada em 1900 por Oswaldo Cruz, destaca o rinov\u00edrus como o principal vil\u00e3o, respons\u00e1vel por cerca de 40% dos casos positivos. Ele causa infec\u00e7\u00f5es leves como resfriados, mas em crian\u00e7as e adolescentes de 2 a 14 anos, pode evoluir para algo mais s\u00e9rio.<\/p>\n<p>Outros culpados incluem a <strong>influenza A<\/strong>, o v\u00edrus da gripe que estamos acostumados a ver no inverno, mas que j\u00e1 est\u00e1 circulando mais cedo este ano \u2013 algo fora do padr\u00e3o, que normalmente explode em abril. H\u00e1 tamb\u00e9m o <strong>v\u00edrus sincicial respirat\u00f3rio (VSR)<\/strong>, comum em beb\u00eas e que provoca bronquiolite, uma inflama\u00e7\u00e3o nos br\u00f4nquios. E n\u00e3o esque\u00e7a o Sars-CoV-2, da Covid-19, que ainda ronda.<\/p>\n<h3>Como esses v\u00edrus se espalham?<\/h3>\n<p>Eles viajam por got\u00edculas no ar quando algu\u00e9m tosse, espirra ou fala. Em ambientes fechados, como escolas e transportes lotados, a transmiss\u00e3o explode. Eu percebo que, com o fim do ver\u00e3o e o in\u00edcio do outono, as pessoas relaxam as precau\u00e7\u00f5es, o que facilita essa dissemina\u00e7\u00e3o.<\/p>\n<h2>Quais impactos isso traz para fam\u00edlias e o SUS?<\/h2>\n<p>O crescimento das interna\u00e7\u00f5es pressiona o Sistema \u00danico de Sa\u00fade (SUS), com mais de 15 capitais registrando alta nos casos. Regi\u00f5es Norte, Centro-Oeste e Nordeste, al\u00e9m do Distrito Federal, est\u00e3o em alerta. Isso afeta o dia a dia: pais precisando faltar ao trabalho para cuidar de filhos doentes, e um risco maior para idosos e pessoas com comorbidades.<\/p>\n<p>Para as crian\u00e7as, o VSR \u00e9 particularmente perigoso, podendo levar a hospitaliza\u00e7\u00f5es prolongadas. Na minha an\u00e1lise, isso refor\u00e7a a import\u00e2ncia de monitorar sintomas como febre alta, tosse seca e dificuldade para respirar \u2013 sinais que pedem aten\u00e7\u00e3o m\u00e9dica imediata.<\/p>\n<ul>\n<li>Acre<\/li>\n<li>Amazonas<\/li>\n<li>Par\u00e1<\/li>\n<li>Amap\u00e1<\/li>\n<li>Rond\u00f4nia<\/li>\n<li>Roraima<\/li>\n<li>Mato Grosso<\/li>\n<li>Mato Grosso do Sul<\/li>\n<li>Goi\u00e1s<\/li>\n<li>Distrito Federal<\/li>\n<li>Cear\u00e1<\/li>\n<li>Sergipe<\/li>\n<\/ul>\n<h3>Capitais mais afetadas<\/h3>\n<p>Cidades como Bras\u00edlia, Manaus, Goi\u00e2nia e Fortaleza veem mais interna\u00e7\u00f5es. Se voc\u00ea mora em uma delas, fique atento aos boletins locais.<\/p>\n<h2>Como se proteger e o que esperar daqui para frente<\/h2>\n<p>A boa not\u00edcia \u00e9 que h\u00e1 maneiras simples de reduzir o risco. A vacina\u00e7\u00e3o \u00e9 o escudo principal: a campanha contra gripe j\u00e1 come\u00e7ou no Norte, e gestantes podem se vacinar contra VSR a partir da 28\u00aa semana para proteger os beb\u00eas. Lave as m\u00e3os, use m\u00e1scara em aglomera\u00e7\u00f5es e isole-se se tiver sintomas.<\/p>\n<p>No futuro, especialistas preveem que o pico da gripe pode vir mais forte, mas com monitoramento como o da Fiocruz, podemos nos preparar. Recomendo acompanhar os boletins semanais do InfoGripe para tend\u00eancias regionais.<\/p>\n<p>Al\u00e9m disso, fortale\u00e7a sua imunidade com uma dieta rica em frutas e vegetais, e evite fumar. Para crian\u00e7as, evite exposi\u00e7\u00e3o a fuma\u00e7a e mantenha ambientes ventilados.<\/p>\n<h2>Reflex\u00f5es sobre a sa\u00fade respirat\u00f3ria no Brasil<\/h2>\n<p>Esse surto nos lembra que infec\u00e7\u00f5es respirat\u00f3rias s\u00e3o uma amea\u00e7a sazonal, mas evit\u00e1vel com a\u00e7\u00f5es preventivas. A Fiocruz, com sua expertise centen\u00e1ria, nos guia para um Brasil mais saud\u00e1vel. Fique atento aos sintomas, vacine-se e proteja quem ama \u2013 sua sa\u00fade em primeiro lugar. Se precisar de mais dicas, comente abaixo!<\/p>\n","protected":false},"excerpt":{"rendered":"<p>Casos graves de infec\u00e7\u00f5es respirat\u00f3rias crescem no Brasil, diz Fiocruz. Entenda os v\u00edrus respons\u00e1veis, regi\u00f5es afetadas e como se proteger contra SRAG, influenza e VSR.<\/p>\n","protected":false},"author":1,"featured_media":482,"comment_status":"open","ping_status":"open","sticky":false,"template":"","format":"standard","meta":{"_acf_changed":false,"_eb_attr":"","footnotes":"","_wpscppro_dont_share_socialmedia":false,"_wpscppro_custom_social_share_image":0,"_facebook_share_type":"","_twitter_share_type":"","_linkedin_share_type":"","_pinterest_share_type":"","_linkedin_share_type_page":"","_instagram_share_type":"","_medium_share_type":"","_threads_share_type":"","_google_business_share_type":"","_selected_social_profile":[],"_wpsp_enable_custom_social_template":false,"_wpsp_social_scheduling":{"enabled":false,"datetime":null,"platforms":[],"status":"template_only","dateOption":"today","timeOption":"now","customDays":"","customHours":"","customDate":"","customTime":"","schedulingType":"absolute"},"_wpsp_active_default_template":true},"categories":[3],"tags":[],"class_list":["post-483","post","type-post","status-publish","format-standard","has-post-thumbnail","hentry","category-bem-estar"],"acf":[],"yoast_head":"<!-- This site is optimized with the Yoast SEO plugin v26.9 - https:\/\/yoast.com\/product\/yoast-seo-wordpress\/ -->\n<title>Casos graves de infec\u00e7\u00f5es respirat\u00f3rias crescem no Brasil, diz Fiocruz - ICTDF<\/title>\n<meta name=\"robots\" content=\"index, follow, max-snippet:-1, max-image-preview:large, max-video-preview:-1\" \/>\n<link rel=\"canonical\" href=\"https:\/\/ictdf.synergyecosys.io\/?p=483\" \/>\n<meta property=\"og:locale\" content=\"pt_BR\" \/>\n<meta property=\"og:type\" content=\"article\" \/>\n<meta property=\"og:title\" content=\"Casos graves de infec\u00e7\u00f5es respirat\u00f3rias crescem no Brasil, diz Fiocruz - ICTDF\" \/>\n<meta property=\"og:description\" content=\"Casos graves de infec\u00e7\u00f5es respirat\u00f3rias crescem no Brasil, diz Fiocruz. Entenda os v\u00edrus respons\u00e1veis, regi\u00f5es afetadas e como se proteger contra SRAG, influenza e VSR.\" \/>\n<meta property=\"og:url\" content=\"https:\/\/ictdf.synergyecosys.io\/?p=483\" \/>\n<meta property=\"og:site_name\" content=\"ICTDF\" \/>\n<meta property=\"article:published_time\" content=\"2026-03-14T03:33:43+00:00\" \/>\n<meta name=\"author\" content=\"admin\" \/>\n<meta name=\"twitter:card\" content=\"summary_large_image\" \/>\n<meta name=\"twitter:label1\" content=\"Escrito por\" \/>\n\t<meta name=\"twitter:data1\" content=\"admin\" \/>\n\t<meta name=\"twitter:label2\" content=\"Est. tempo de leitura\" \/>\n\t<meta name=\"twitter:data2\" content=\"3 minutos\" \/>\n<script type=\"application\/ld+json\" class=\"yoast-schema-graph\">{\"@context\":\"https:\/\/schema.org\",\"@graph\":[{\"@type\":\"Article\",\"@id\":\"https:\/\/ictdf.synergyecosys.io\/?p=483#article\",\"isPartOf\":{\"@id\":\"https:\/\/ictdf.synergyecosys.io\/?p=483\"},\"author\":{\"name\":\"admin\",\"@id\":\"https:\/\/ictdf.synergyecosys.io\/#\/schema\/person\/0b4488974b7b485188c0c01cb9f95b21\"},\"headline\":\"Casos graves de infec\u00e7\u00f5es respirat\u00f3rias crescem no Brasil, diz Fiocruz\",\"datePublished\":\"2026-03-14T03:33:43+00:00\",\"mainEntityOfPage\":{\"@id\":\"https:\/\/ictdf.synergyecosys.io\/?p=483\"},\"wordCount\":718,\"commentCount\":0,\"publisher\":{\"@id\":\"https:\/\/ictdf.synergyecosys.io\/#organization\"},\"image\":{\"@id\":\"https:\/\/ictdf.synergyecosys.io\/?p=483#primaryimage\"},\"thumbnailUrl\":\"https:\/\/ictdf.synergyecosys.io\/wp-content\/uploads\/2026\/03\/imagem-Infecyyes-Respiratyrias-Graves-Aumentam-no-Brasil-Fiocruz-Alerta.png\",\"articleSection\":[\"Bem-estar\"],\"inLanguage\":\"pt-BR\",\"potentialAction\":[{\"@type\":\"CommentAction\",\"name\":\"Comment\",\"target\":[\"https:\/\/ictdf.synergyecosys.io\/?p=483#respond\"]}]},{\"@type\":\"WebPage\",\"@id\":\"https:\/\/ictdf.synergyecosys.io\/?p=483\",\"url\":\"https:\/\/ictdf.synergyecosys.io\/?p=483\",\"name\":\"Casos graves de infec\u00e7\u00f5es respirat\u00f3rias crescem no Brasil, diz Fiocruz - ICTDF\",\"isPartOf\":{\"@id\":\"https:\/\/ictdf.synergyecosys.io\/#website\"},\"primaryImageOfPage\":{\"@id\":\"https:\/\/ictdf.synergyecosys.io\/?p=483#primaryimage\"},\"image\":{\"@id\":\"https:\/\/ictdf.synergyecosys.io\/?p=483#primaryimage\"},\"thumbnailUrl\":\"https:\/\/ictdf.synergyecosys.io\/wp-content\/uploads\/2026\/03\/imagem-Infecyyes-Respiratyrias-Graves-Aumentam-no-Brasil-Fiocruz-Alerta.png\",\"datePublished\":\"2026-03-14T03:33:43+00:00\",\"breadcrumb\":{\"@id\":\"https:\/\/ictdf.synergyecosys.io\/?p=483#breadcrumb\"},\"inLanguage\":\"pt-BR\",\"potentialAction\":[{\"@type\":\"ReadAction\",\"target\":[\"https:\/\/ictdf.synergyecosys.io\/?p=483\"]}]},{\"@type\":\"ImageObject\",\"inLanguage\":\"pt-BR\",\"@id\":\"https:\/\/ictdf.synergyecosys.io\/?p=483#primaryimage\",\"url\":\"https:\/\/ictdf.synergyecosys.io\/wp-content\/uploads\/2026\/03\/imagem-Infecyyes-Respiratyrias-Graves-Aumentam-no-Brasil-Fiocruz-Alerta.png\",\"contentUrl\":\"https:\/\/ictdf.synergyecosys.io\/wp-content\/uploads\/2026\/03\/imagem-Infecyyes-Respiratyrias-Graves-Aumentam-no-Brasil-Fiocruz-Alerta.png\",\"width\":1696,\"height\":960},{\"@type\":\"BreadcrumbList\",\"@id\":\"https:\/\/ictdf.synergyecosys.io\/?p=483#breadcrumb\",\"itemListElement\":[{\"@type\":\"ListItem\",\"position\":1,\"name\":\"In\u00edcio\",\"item\":\"https:\/\/ictdf.synergyecosys.io\/\"},{\"@type\":\"ListItem\",\"position\":2,\"name\":\"Casos graves de infec\u00e7\u00f5es respirat\u00f3rias crescem no Brasil, diz Fiocruz\"}]},{\"@type\":\"WebSite\",\"@id\":\"https:\/\/ictdf.synergyecosys.io\/#website\",\"url\":\"https:\/\/ictdf.synergyecosys.io\/\",\"name\":\"ICTDF\",\"description\":\"\",\"publisher\":{\"@id\":\"https:\/\/ictdf.synergyecosys.io\/#organization\"},\"potentialAction\":[{\"@type\":\"SearchAction\",\"target\":{\"@type\":\"EntryPoint\",\"urlTemplate\":\"https:\/\/ictdf.synergyecosys.io\/?s={search_term_string}\"},\"query-input\":{\"@type\":\"PropertyValueSpecification\",\"valueRequired\":true,\"valueName\":\"search_term_string\"}}],\"inLanguage\":\"pt-BR\"},{\"@type\":\"Organization\",\"@id\":\"https:\/\/ictdf.synergyecosys.io\/#organization\",\"name\":\"ICTDF\",\"url\":\"https:\/\/ictdf.synergyecosys.io\/\",\"logo\":{\"@type\":\"ImageObject\",\"inLanguage\":\"pt-BR\",\"@id\":\"https:\/\/ictdf.synergyecosys.io\/#\/schema\/logo\/image\/\",\"url\":\"https:\/\/ictdf.synergyecosys.io\/wp-content\/uploads\/2026\/02\/cropped-cropped-ICTDF_logo_transparente.png\",\"contentUrl\":\"https:\/\/ictdf.synergyecosys.io\/wp-content\/uploads\/2026\/02\/cropped-cropped-ICTDF_logo_transparente.png\",\"width\":450,\"height\":141,\"caption\":\"ICTDF\"},\"image\":{\"@id\":\"https:\/\/ictdf.synergyecosys.io\/#\/schema\/logo\/image\/\"}},{\"@type\":\"Person\",\"@id\":\"https:\/\/ictdf.synergyecosys.io\/#\/schema\/person\/0b4488974b7b485188c0c01cb9f95b21\",\"name\":\"admin\",\"image\":{\"@type\":\"ImageObject\",\"inLanguage\":\"pt-BR\",\"@id\":\"https:\/\/ictdf.synergyecosys.io\/#\/schema\/person\/image\/\",\"url\":\"https:\/\/secure.gravatar.com\/avatar\/ee6b87b4bde4f4817334740781bdb6e270748065085879a5aa2018d8006922fa?s=96&d=mm&r=g\",\"contentUrl\":\"https:\/\/secure.gravatar.com\/avatar\/ee6b87b4bde4f4817334740781bdb6e270748065085879a5aa2018d8006922fa?s=96&d=mm&r=g\",\"caption\":\"admin\"},\"sameAs\":[\"https:\/\/ictdf.synergyecosys.io\"],\"url\":\"https:\/\/ictdf.synergyecosys.io\/?author=1\"}]}<\/script>\n<!-- \/ Yoast SEO plugin. -->","yoast_head_json":{"title":"Casos graves de infec\u00e7\u00f5es respirat\u00f3rias crescem no Brasil, diz Fiocruz - ICTDF","robots":{"index":"index","follow":"follow","max-snippet":"max-snippet:-1","max-image-preview":"max-image-preview:large","max-video-preview":"max-video-preview:-1"},"canonical":"https:\/\/ictdf.synergyecosys.io\/?p=483","og_locale":"pt_BR","og_type":"article","og_title":"Casos graves de infec\u00e7\u00f5es respirat\u00f3rias crescem no Brasil, diz Fiocruz - ICTDF","og_description":"Casos graves de infec\u00e7\u00f5es respirat\u00f3rias crescem no Brasil, diz Fiocruz. Entenda os v\u00edrus respons\u00e1veis, regi\u00f5es afetadas e como se proteger contra SRAG, influenza e VSR.","og_url":"https:\/\/ictdf.synergyecosys.io\/?p=483","og_site_name":"ICTDF","article_published_time":"2026-03-14T03:33:43+00:00","author":"admin","twitter_card":"summary_large_image","twitter_misc":{"Escrito por":"admin","Est. tempo de leitura":"3 minutos"},"schema":{"@context":"https:\/\/schema.org","@graph":[{"@type":"Article","@id":"https:\/\/ictdf.synergyecosys.io\/?p=483#article","isPartOf":{"@id":"https:\/\/ictdf.synergyecosys.io\/?p=483"},"author":{"name":"admin","@id":"https:\/\/ictdf.synergyecosys.io\/#\/schema\/person\/0b4488974b7b485188c0c01cb9f95b21"},"headline":"Casos graves de infec\u00e7\u00f5es respirat\u00f3rias crescem no Brasil, diz Fiocruz","datePublished":"2026-03-14T03:33:43+00:00","mainEntityOfPage":{"@id":"https:\/\/ictdf.synergyecosys.io\/?p=483"},"wordCount":718,"commentCount":0,"publisher":{"@id":"https:\/\/ictdf.synergyecosys.io\/#organization"},"image":{"@id":"https:\/\/ictdf.synergyecosys.io\/?p=483#primaryimage"},"thumbnailUrl":"https:\/\/ictdf.synergyecosys.io\/wp-content\/uploads\/2026\/03\/imagem-Infecyyes-Respiratyrias-Graves-Aumentam-no-Brasil-Fiocruz-Alerta.png","articleSection":["Bem-estar"],"inLanguage":"pt-BR","potentialAction":[{"@type":"CommentAction","name":"Comment","target":["https:\/\/ictdf.synergyecosys.io\/?p=483#respond"]}]},{"@type":"WebPage","@id":"https:\/\/ictdf.synergyecosys.io\/?p=483","url":"https:\/\/ictdf.synergyecosys.io\/?p=483","name":"Casos graves de infec\u00e7\u00f5es respirat\u00f3rias crescem no Brasil, diz Fiocruz - ICTDF","isPartOf":{"@id":"https:\/\/ictdf.synergyecosys.io\/#website"},"primaryImageOfPage":{"@id":"https:\/\/ictdf.synergyecosys.io\/?p=483#primaryimage"},"image":{"@id":"https:\/\/ictdf.synergyecosys.io\/?p=483#primaryimage"},"thumbnailUrl":"https:\/\/ictdf.synergyecosys.io\/wp-content\/uploads\/2026\/03\/imagem-Infecyyes-Respiratyrias-Graves-Aumentam-no-Brasil-Fiocruz-Alerta.png","datePublished":"2026-03-14T03:33:43+00:00","breadcrumb":{"@id":"https:\/\/ictdf.synergyecosys.io\/?p=483#breadcrumb"},"inLanguage":"pt-BR","potentialAction":[{"@type":"ReadAction","target":["https:\/\/ictdf.synergyecosys.io\/?p=483"]}]},{"@type":"ImageObject","inLanguage":"pt-BR","@id":"https:\/\/ictdf.synergyecosys.io\/?p=483#primaryimage","url":"https:\/\/ictdf.synergyecosys.io\/wp-content\/uploads\/2026\/03\/imagem-Infecyyes-Respiratyrias-Graves-Aumentam-no-Brasil-Fiocruz-Alerta.png","contentUrl":"https:\/\/ictdf.synergyecosys.io\/wp-content\/uploads\/2026\/03\/imagem-Infecyyes-Respiratyrias-Graves-Aumentam-no-Brasil-Fiocruz-Alerta.png","width":1696,"height":960},{"@type":"BreadcrumbList","@id":"https:\/\/ictdf.synergyecosys.io\/?p=483#breadcrumb","itemListElement":[{"@type":"ListItem","position":1,"name":"In\u00edcio","item":"https:\/\/ictdf.synergyecosys.io\/"},{"@type":"ListItem","position":2,"name":"Casos graves de infec\u00e7\u00f5es respirat\u00f3rias crescem no Brasil, diz Fiocruz"}]},{"@type":"WebSite","@id":"https:\/\/ictdf.synergyecosys.io\/#website","url":"https:\/\/ictdf.synergyecosys.io\/","name":"ICTDF","description":"","publisher":{"@id":"https:\/\/ictdf.synergyecosys.io\/#organization"},"potentialAction":[{"@type":"SearchAction","target":{"@type":"EntryPoint","urlTemplate":"https:\/\/ictdf.synergyecosys.io\/?s={search_term_string}"},"query-input":{"@type":"PropertyValueSpecification","valueRequired":true,"valueName":"search_term_string"}}],"inLanguage":"pt-BR"},{"@type":"Organization","@id":"https:\/\/ictdf.synergyecosys.io\/#organization","name":"ICTDF","url":"https:\/\/ictdf.synergyecosys.io\/","logo":{"@type":"ImageObject","inLanguage":"pt-BR","@id":"https:\/\/ictdf.synergyecosys.io\/#\/schema\/logo\/image\/","url":"https:\/\/ictdf.synergyecosys.io\/wp-content\/uploads\/2026\/02\/cropped-cropped-ICTDF_logo_transparente.png","contentUrl":"https:\/\/ictdf.synergyecosys.io\/wp-content\/uploads\/2026\/02\/cropped-cropped-ICTDF_logo_transparente.png","width":450,"height":141,"caption":"ICTDF"},"image":{"@id":"https:\/\/ictdf.synergyecosys.io\/#\/schema\/logo\/image\/"}},{"@type":"Person","@id":"https:\/\/ictdf.synergyecosys.io\/#\/schema\/person\/0b4488974b7b485188c0c01cb9f95b21","name":"admin","image":{"@type":"ImageObject","inLanguage":"pt-BR","@id":"https:\/\/ictdf.synergyecosys.io\/#\/schema\/person\/image\/","url":"https:\/\/secure.gravatar.com\/avatar\/ee6b87b4bde4f4817334740781bdb6e270748065085879a5aa2018d8006922fa?s=96&d=mm&r=g","contentUrl":"https:\/\/secure.gravatar.com\/avatar\/ee6b87b4bde4f4817334740781bdb6e270748065085879a5aa2018d8006922fa?s=96&d=mm&r=g","caption":"admin"},"sameAs":["https:\/\/ictdf.synergyecosys.io"],"url":"https:\/\/ictdf.synergyecosys.io\/?author=1"}]}},"_links":{"self":[{"href":"https:\/\/ictdf.synergyecosys.io\/index.php?rest_route=\/wp\/v2\/posts\/483","targetHints":{"allow":["GET"]}}],"collection":[{"href":"https:\/\/ictdf.synergyecosys.io\/index.php?rest_route=\/wp\/v2\/posts"}],"about":[{"href":"https:\/\/ictdf.synergyecosys.io\/index.php?rest_route=\/wp\/v2\/types\/post"}],"author":[{"embeddable":true,"href":"https:\/\/ictdf.synergyecosys.io\/index.php?rest_route=\/wp\/v2\/users\/1"}],"replies":[{"embeddable":true,"href":"https:\/\/ictdf.synergyecosys.io\/index.php?rest_route=%2Fwp%2Fv2%2Fcomments&post=483"}],"version-history":[{"count":0,"href":"https:\/\/ictdf.synergyecosys.io\/index.php?rest_route=\/wp\/v2\/posts\/483\/revisions"}],"wp:featuredmedia":[{"embeddable":true,"href":"https:\/\/ictdf.synergyecosys.io\/index.php?rest_route=\/wp\/v2\/media\/482"}],"wp:attachment":[{"href":"https:\/\/ictdf.synergyecosys.io\/index.php?rest_route=%2Fwp%2Fv2%2Fmedia&parent=483"}],"wp:term":[{"taxonomy":"category","embeddable":true,"href":"https:\/\/ictdf.synergyecosys.io\/index.php?rest_route=%2Fwp%2Fv2%2Fcategories&post=483"},{"taxonomy":"post_tag","embeddable":true,"href":"https:\/\/ictdf.synergyecosys.io\/index.php?rest_route=%2Fwp%2Fv2%2Ftags&post=483"}],"curies":[{"name":"wp","href":"https:\/\/api.w.org\/{rel}","templated":true}]}}