{"id":481,"date":"2026-03-13T22:33:39","date_gmt":"2026-03-14T01:33:39","guid":{"rendered":"https:\/\/ictdf.synergyecosys.io\/?p=481"},"modified":"2026-03-13T22:33:39","modified_gmt":"2026-03-14T01:33:39","slug":"broncopneumonia-entendendo-o-quadro-grave-de-bolsonaro","status":"publish","type":"post","link":"https:\/\/ictdf.synergyecosys.io\/?p=481","title":{"rendered":"Broncopneumonia: Entendendo o quadro grave de Bolsonaro"},"content":{"rendered":"<p>Recentemente, a not\u00edcia da interna\u00e7\u00e3o do ex-presidente Jair Bolsonaro por broncopneumonia chamou a aten\u00e7\u00e3o de todos n\u00f3s. Como especialista em jornalismo did\u00e1tico, eu analisei as informa\u00e7\u00f5es m\u00e9dicas dispon\u00edveis para ajudar voc\u00ea a entender esse quadro de forma simples e clara. Vamos descomplicar o que est\u00e1 acontecendo e por que isso \u00e9 t\u00e3o s\u00e9rio, especialmente para algu\u00e9m da idade dele.<\/p>\n<p>A broncopneumonia n\u00e3o \u00e9 algo novo, mas no contexto atual, com Bolsonaro na UTI, muitos se perguntam: \u00e9 grave mesmo? Vou explicar passo a passo, sem jarg\u00f5es complicados, para que voc\u00ea saia daqui mais informado.<\/p>\n<h2>O que \u00e9 broncopneumonia e como ela se diferencia da pneumonia comum?<\/h2>\n<p>A broncopneumonia \u00e9 um tipo de infec\u00e7\u00e3o nos pulm\u00f5es que afeta os br\u00f4nquios \u2013 aqueles tubos por onde o ar passa \u2013 e os alv\u00e9olos, os sacos de ar que ajudam na troca de oxig\u00eanio. Na pr\u00e1tica, \u00e9 como se bact\u00e9rias ou v\u00edrus invadissem essas \u00e1reas profundas do sistema respirat\u00f3rio, causando inflama\u00e7\u00e3o.<\/p>\n<p>Diferente da pneumonia lobar, que se concentra em uma parte espec\u00edfica do pulm\u00e3o, a broncopneumonia \u00e9 mais espalhada, afetando m\u00faltiplas regi\u00f5es. Isso a torna imprevis\u00edvel e potencialmente mais desafiadora para tratar. Eu percebo que muita gente confunde os termos, mas <strong>ambas s\u00e3o formas de pneumonia<\/strong>, e o tratamento \u00e9 similar: antibi\u00f3ticos para casos bacterianos, como o de Bolsonaro.<\/p>\n<h3>Sintomas que alertam para o problema<\/h3>\n<p>Os sinais incluem febre alta, tosse com catarro, falta de ar, dor no peito e calafrios. No caso de aspira\u00e7\u00e3o, como suspeitado em Bolsonaro, subst\u00e2ncias como saliva ou v\u00f4mito entram nos pulm\u00f5es, piorando tudo rapidamente.<\/p>\n<ul>\n<li>Febre persistente<\/li>\n<li>Queda na satura\u00e7\u00e3o de oxig\u00eanio<\/li>\n<li>Sudorese e fadiga<\/li>\n<li>Dificuldade para respirar<\/li>\n<\/ul>\n<p>Esses sintomas surgiram em Bolsonaro enquanto ele estava sob cuidados, levando \u00e0 interna\u00e7\u00e3o urgente.<\/p>\n<h2>Por que o quadro de Bolsonaro \u00e9 considerado grave?<\/h2>\n<p>O ex-presidente, aos 69 anos, est\u00e1 na UTI do Hospital DF Star em Bras\u00edlia com broncopneumonia bacteriana, provavelmente causada por aspira\u00e7\u00e3o. Isso significa que algo foi inalado para os pulm\u00f5es, iniciando a infec\u00e7\u00e3o. Na minha an\u00e1lise, a gravidade vem da rapidez com que o quadro evoluiu: febre, baixa oxigena\u00e7\u00e3o e necessidade de suporte intensivo.<\/p>\n<p>Para idosos, como Bolsonaro, o risco \u00e9 maior porque o sistema imunol\u00f3gico enfraquece com a idade \u2013 um processo chamado imunossenesc\u00eancia. Comorbidades, como problemas intestinais passados dele, podem complicar ainda mais. N\u00e3o \u00e9 s\u00f3 a doen\u00e7a em si, mas como o corpo responde a ela.<\/p>\n<h3>Fatores que agravam o caso<\/h3>\n<p>A origem aspirativa \u00e9 comum em situa\u00e7\u00f5es de imobilidade ou refluxo, e em pris\u00f5es ou UTIs, o monitoramento \u00e9 crucial. Sem interven\u00e7\u00e3o r\u00e1pida, pode levar a sepse ou insufici\u00eancia respirat\u00f3ria, que s\u00e3o perigosas.<\/p>\n<h2>Como isso afeta a sa\u00fade de idosos e a sociedade?<\/h2>\n<p>Pneumonias como essa s\u00e3o uma das principais causas de morte em maiores de 65 anos no Brasil. Elas sobrecarregam o SUS e fam\u00edlias, especialmente com o envelhecimento da popula\u00e7\u00e3o. Eu vejo que, no dia a dia, muitos idosos ignoram sintomas iniciais, o que piora o progn\u00f3stico.<\/p>\n<p>Para empresas e cuidadores, entender esses riscos significa investir em preven\u00e7\u00e3o: vacinas contra pneumococo e influenza s\u00e3o essenciais. A sociedade como um todo sente o impacto, com mais interna\u00e7\u00f5es e custos de sa\u00fade.<\/p>\n<ul>\n<li>Aumento de mortalidade em idosos<\/li>\n<li>Sobrecarga hospitalar<\/li>\n<li>Impacto emocional em fam\u00edlias<\/li>\n<\/ul>\n<h2>Preven\u00e7\u00e3o e o que esperar para o futuro<\/h2>\n<p>Prevenir \u00e9 melhor que tratar. Vacina\u00e7\u00e3o, higiene das vias a\u00e9reas e check-ups regulares podem evitar aspira\u00e7\u00f5es. No caso de Bolsonaro, o tratamento com antibi\u00f3ticos e suporte de oxig\u00eanio \u00e9 padr\u00e3o, e a expectativa \u00e9 de recupera\u00e7\u00e3o, mas depende da resposta individual.<\/p>\n<p>Olhando para o futuro, com mais idosos, precisamos de campanhas educativas. Eu recomendo consultar um pneumologista ao menor sinal de infec\u00e7\u00e3o respirat\u00f3ria. Tend\u00eancias mostram que vacinas novas contra bact\u00e9rias resistentes podem mudar o jogo.<\/p>\n<h2>Reflex\u00f5es finais: Cuide da sua sa\u00fade respirat\u00f3ria<\/h2>\n<p>Analisando esse caso, fica claro que broncopneumonia n\u00e3o \u00e9 brincadeira, especialmente para quem tem mais de 60. Bolsonaro nos lembra da fragilidade humana, independentemente de posi\u00e7\u00e3o social. Fique atento aos sintomas, vacine-se e busque ajuda m\u00e9dica cedo. Sua sa\u00fade \u2013 e a de quem voc\u00ea ama \u2013 agradece. Se tiver d\u00favidas, comente abaixo!<\/p>\n","protected":false},"excerpt":{"rendered":"<p>Descubra o que \u00e9 broncopneumonia, por que o ex-presidente Jair Bolsonaro est\u00e1 na UTI e os riscos para idosos. Entenda sintomas, tratamento e preven\u00e7\u00e3o da pneumonia.<\/p>\n","protected":false},"author":1,"featured_media":480,"comment_status":"open","ping_status":"open","sticky":false,"template":"","format":"standard","meta":{"_acf_changed":false,"_eb_attr":"","footnotes":"","_wpscppro_dont_share_socialmedia":false,"_wpscppro_custom_social_share_image":0,"_facebook_share_type":"","_twitter_share_type":"","_linkedin_share_type":"","_pinterest_share_type":"","_linkedin_share_type_page":"","_instagram_share_type":"","_medium_share_type":"","_threads_share_type":"","_google_business_share_type":"","_selected_social_profile":[],"_wpsp_enable_custom_social_template":false,"_wpsp_social_scheduling":{"enabled":false,"datetime":null,"platforms":[],"status":"template_only","dateOption":"today","timeOption":"now","customDays":"","customHours":"","customDate":"","customTime":"","schedulingType":"absolute"},"_wpsp_active_default_template":true},"categories":[3],"tags":[],"class_list":["post-481","post","type-post","status-publish","format-standard","has-post-thumbnail","hentry","category-bem-estar"],"acf":[],"yoast_head":"<!-- This site is optimized with the Yoast SEO plugin v26.9 - https:\/\/yoast.com\/product\/yoast-seo-wordpress\/ -->\n<title>Broncopneumonia: Entendendo o quadro grave de Bolsonaro - ICTDF<\/title>\n<meta name=\"robots\" content=\"index, follow, max-snippet:-1, max-image-preview:large, max-video-preview:-1\" \/>\n<link rel=\"canonical\" href=\"https:\/\/ictdf.synergyecosys.io\/?p=481\" \/>\n<meta property=\"og:locale\" content=\"pt_BR\" \/>\n<meta property=\"og:type\" content=\"article\" \/>\n<meta property=\"og:title\" content=\"Broncopneumonia: Entendendo o quadro grave de Bolsonaro - ICTDF\" \/>\n<meta property=\"og:description\" content=\"Descubra o que \u00e9 broncopneumonia, por que o ex-presidente Jair Bolsonaro est\u00e1 na UTI e os riscos para idosos. Entenda sintomas, tratamento e preven\u00e7\u00e3o da pneumonia.\" \/>\n<meta property=\"og:url\" content=\"https:\/\/ictdf.synergyecosys.io\/?p=481\" \/>\n<meta property=\"og:site_name\" content=\"ICTDF\" \/>\n<meta property=\"article:published_time\" content=\"2026-03-14T01:33:39+00:00\" \/>\n<meta name=\"author\" content=\"admin\" \/>\n<meta name=\"twitter:card\" content=\"summary_large_image\" \/>\n<meta name=\"twitter:label1\" content=\"Escrito por\" \/>\n\t<meta name=\"twitter:data1\" content=\"admin\" \/>\n\t<meta name=\"twitter:label2\" content=\"Est. tempo de leitura\" \/>\n\t<meta name=\"twitter:data2\" content=\"4 minutos\" \/>\n<script type=\"application\/ld+json\" class=\"yoast-schema-graph\">{\"@context\":\"https:\/\/schema.org\",\"@graph\":[{\"@type\":\"Article\",\"@id\":\"https:\/\/ictdf.synergyecosys.io\/?p=481#article\",\"isPartOf\":{\"@id\":\"https:\/\/ictdf.synergyecosys.io\/?p=481\"},\"author\":{\"name\":\"admin\",\"@id\":\"https:\/\/ictdf.synergyecosys.io\/#\/schema\/person\/0b4488974b7b485188c0c01cb9f95b21\"},\"headline\":\"Broncopneumonia: Entendendo o quadro grave de Bolsonaro\",\"datePublished\":\"2026-03-14T01:33:39+00:00\",\"mainEntityOfPage\":{\"@id\":\"https:\/\/ictdf.synergyecosys.io\/?p=481\"},\"wordCount\":738,\"commentCount\":0,\"publisher\":{\"@id\":\"https:\/\/ictdf.synergyecosys.io\/#organization\"},\"image\":{\"@id\":\"https:\/\/ictdf.synergyecosys.io\/?p=481#primaryimage\"},\"thumbnailUrl\":\"https:\/\/ictdf.synergyecosys.io\/wp-content\/uploads\/2026\/03\/imagem-Broncopneumonia-quadro-de-Bolsonaro-y-grave-Entenda-internayyo.png\",\"articleSection\":[\"Bem-estar\"],\"inLanguage\":\"pt-BR\",\"potentialAction\":[{\"@type\":\"CommentAction\",\"name\":\"Comment\",\"target\":[\"https:\/\/ictdf.synergyecosys.io\/?p=481#respond\"]}]},{\"@type\":\"WebPage\",\"@id\":\"https:\/\/ictdf.synergyecosys.io\/?p=481\",\"url\":\"https:\/\/ictdf.synergyecosys.io\/?p=481\",\"name\":\"Broncopneumonia: Entendendo o quadro grave de Bolsonaro - ICTDF\",\"isPartOf\":{\"@id\":\"https:\/\/ictdf.synergyecosys.io\/#website\"},\"primaryImageOfPage\":{\"@id\":\"https:\/\/ictdf.synergyecosys.io\/?p=481#primaryimage\"},\"image\":{\"@id\":\"https:\/\/ictdf.synergyecosys.io\/?p=481#primaryimage\"},\"thumbnailUrl\":\"https:\/\/ictdf.synergyecosys.io\/wp-content\/uploads\/2026\/03\/imagem-Broncopneumonia-quadro-de-Bolsonaro-y-grave-Entenda-internayyo.png\",\"datePublished\":\"2026-03-14T01:33:39+00:00\",\"breadcrumb\":{\"@id\":\"https:\/\/ictdf.synergyecosys.io\/?p=481#breadcrumb\"},\"inLanguage\":\"pt-BR\",\"potentialAction\":[{\"@type\":\"ReadAction\",\"target\":[\"https:\/\/ictdf.synergyecosys.io\/?p=481\"]}]},{\"@type\":\"ImageObject\",\"inLanguage\":\"pt-BR\",\"@id\":\"https:\/\/ictdf.synergyecosys.io\/?p=481#primaryimage\",\"url\":\"https:\/\/ictdf.synergyecosys.io\/wp-content\/uploads\/2026\/03\/imagem-Broncopneumonia-quadro-de-Bolsonaro-y-grave-Entenda-internayyo.png\",\"contentUrl\":\"https:\/\/ictdf.synergyecosys.io\/wp-content\/uploads\/2026\/03\/imagem-Broncopneumonia-quadro-de-Bolsonaro-y-grave-Entenda-internayyo.png\",\"width\":1696,\"height\":960},{\"@type\":\"BreadcrumbList\",\"@id\":\"https:\/\/ictdf.synergyecosys.io\/?p=481#breadcrumb\",\"itemListElement\":[{\"@type\":\"ListItem\",\"position\":1,\"name\":\"In\u00edcio\",\"item\":\"https:\/\/ictdf.synergyecosys.io\/\"},{\"@type\":\"ListItem\",\"position\":2,\"name\":\"Broncopneumonia: Entendendo o quadro grave de Bolsonaro\"}]},{\"@type\":\"WebSite\",\"@id\":\"https:\/\/ictdf.synergyecosys.io\/#website\",\"url\":\"https:\/\/ictdf.synergyecosys.io\/\",\"name\":\"ICTDF\",\"description\":\"\",\"publisher\":{\"@id\":\"https:\/\/ictdf.synergyecosys.io\/#organization\"},\"potentialAction\":[{\"@type\":\"SearchAction\",\"target\":{\"@type\":\"EntryPoint\",\"urlTemplate\":\"https:\/\/ictdf.synergyecosys.io\/?s={search_term_string}\"},\"query-input\":{\"@type\":\"PropertyValueSpecification\",\"valueRequired\":true,\"valueName\":\"search_term_string\"}}],\"inLanguage\":\"pt-BR\"},{\"@type\":\"Organization\",\"@id\":\"https:\/\/ictdf.synergyecosys.io\/#organization\",\"name\":\"ICTDF\",\"url\":\"https:\/\/ictdf.synergyecosys.io\/\",\"logo\":{\"@type\":\"ImageObject\",\"inLanguage\":\"pt-BR\",\"@id\":\"https:\/\/ictdf.synergyecosys.io\/#\/schema\/logo\/image\/\",\"url\":\"https:\/\/ictdf.synergyecosys.io\/wp-content\/uploads\/2026\/02\/cropped-cropped-ICTDF_logo_transparente.png\",\"contentUrl\":\"https:\/\/ictdf.synergyecosys.io\/wp-content\/uploads\/2026\/02\/cropped-cropped-ICTDF_logo_transparente.png\",\"width\":450,\"height\":141,\"caption\":\"ICTDF\"},\"image\":{\"@id\":\"https:\/\/ictdf.synergyecosys.io\/#\/schema\/logo\/image\/\"}},{\"@type\":\"Person\",\"@id\":\"https:\/\/ictdf.synergyecosys.io\/#\/schema\/person\/0b4488974b7b485188c0c01cb9f95b21\",\"name\":\"admin\",\"image\":{\"@type\":\"ImageObject\",\"inLanguage\":\"pt-BR\",\"@id\":\"https:\/\/ictdf.synergyecosys.io\/#\/schema\/person\/image\/\",\"url\":\"https:\/\/secure.gravatar.com\/avatar\/ee6b87b4bde4f4817334740781bdb6e270748065085879a5aa2018d8006922fa?s=96&d=mm&r=g\",\"contentUrl\":\"https:\/\/secure.gravatar.com\/avatar\/ee6b87b4bde4f4817334740781bdb6e270748065085879a5aa2018d8006922fa?s=96&d=mm&r=g\",\"caption\":\"admin\"},\"sameAs\":[\"https:\/\/ictdf.synergyecosys.io\"],\"url\":\"https:\/\/ictdf.synergyecosys.io\/?author=1\"}]}<\/script>\n<!-- \/ Yoast SEO plugin. -->","yoast_head_json":{"title":"Broncopneumonia: Entendendo o quadro grave de Bolsonaro - ICTDF","robots":{"index":"index","follow":"follow","max-snippet":"max-snippet:-1","max-image-preview":"max-image-preview:large","max-video-preview":"max-video-preview:-1"},"canonical":"https:\/\/ictdf.synergyecosys.io\/?p=481","og_locale":"pt_BR","og_type":"article","og_title":"Broncopneumonia: Entendendo o quadro grave de Bolsonaro - ICTDF","og_description":"Descubra o que \u00e9 broncopneumonia, por que o ex-presidente Jair Bolsonaro est\u00e1 na UTI e os riscos para idosos. Entenda sintomas, tratamento e preven\u00e7\u00e3o da pneumonia.","og_url":"https:\/\/ictdf.synergyecosys.io\/?p=481","og_site_name":"ICTDF","article_published_time":"2026-03-14T01:33:39+00:00","author":"admin","twitter_card":"summary_large_image","twitter_misc":{"Escrito por":"admin","Est. tempo de leitura":"4 minutos"},"schema":{"@context":"https:\/\/schema.org","@graph":[{"@type":"Article","@id":"https:\/\/ictdf.synergyecosys.io\/?p=481#article","isPartOf":{"@id":"https:\/\/ictdf.synergyecosys.io\/?p=481"},"author":{"name":"admin","@id":"https:\/\/ictdf.synergyecosys.io\/#\/schema\/person\/0b4488974b7b485188c0c01cb9f95b21"},"headline":"Broncopneumonia: Entendendo o quadro grave de Bolsonaro","datePublished":"2026-03-14T01:33:39+00:00","mainEntityOfPage":{"@id":"https:\/\/ictdf.synergyecosys.io\/?p=481"},"wordCount":738,"commentCount":0,"publisher":{"@id":"https:\/\/ictdf.synergyecosys.io\/#organization"},"image":{"@id":"https:\/\/ictdf.synergyecosys.io\/?p=481#primaryimage"},"thumbnailUrl":"https:\/\/ictdf.synergyecosys.io\/wp-content\/uploads\/2026\/03\/imagem-Broncopneumonia-quadro-de-Bolsonaro-y-grave-Entenda-internayyo.png","articleSection":["Bem-estar"],"inLanguage":"pt-BR","potentialAction":[{"@type":"CommentAction","name":"Comment","target":["https:\/\/ictdf.synergyecosys.io\/?p=481#respond"]}]},{"@type":"WebPage","@id":"https:\/\/ictdf.synergyecosys.io\/?p=481","url":"https:\/\/ictdf.synergyecosys.io\/?p=481","name":"Broncopneumonia: Entendendo o quadro grave de Bolsonaro - ICTDF","isPartOf":{"@id":"https:\/\/ictdf.synergyecosys.io\/#website"},"primaryImageOfPage":{"@id":"https:\/\/ictdf.synergyecosys.io\/?p=481#primaryimage"},"image":{"@id":"https:\/\/ictdf.synergyecosys.io\/?p=481#primaryimage"},"thumbnailUrl":"https:\/\/ictdf.synergyecosys.io\/wp-content\/uploads\/2026\/03\/imagem-Broncopneumonia-quadro-de-Bolsonaro-y-grave-Entenda-internayyo.png","datePublished":"2026-03-14T01:33:39+00:00","breadcrumb":{"@id":"https:\/\/ictdf.synergyecosys.io\/?p=481#breadcrumb"},"inLanguage":"pt-BR","potentialAction":[{"@type":"ReadAction","target":["https:\/\/ictdf.synergyecosys.io\/?p=481"]}]},{"@type":"ImageObject","inLanguage":"pt-BR","@id":"https:\/\/ictdf.synergyecosys.io\/?p=481#primaryimage","url":"https:\/\/ictdf.synergyecosys.io\/wp-content\/uploads\/2026\/03\/imagem-Broncopneumonia-quadro-de-Bolsonaro-y-grave-Entenda-internayyo.png","contentUrl":"https:\/\/ictdf.synergyecosys.io\/wp-content\/uploads\/2026\/03\/imagem-Broncopneumonia-quadro-de-Bolsonaro-y-grave-Entenda-internayyo.png","width":1696,"height":960},{"@type":"BreadcrumbList","@id":"https:\/\/ictdf.synergyecosys.io\/?p=481#breadcrumb","itemListElement":[{"@type":"ListItem","position":1,"name":"In\u00edcio","item":"https:\/\/ictdf.synergyecosys.io\/"},{"@type":"ListItem","position":2,"name":"Broncopneumonia: Entendendo o quadro grave de Bolsonaro"}]},{"@type":"WebSite","@id":"https:\/\/ictdf.synergyecosys.io\/#website","url":"https:\/\/ictdf.synergyecosys.io\/","name":"ICTDF","description":"","publisher":{"@id":"https:\/\/ictdf.synergyecosys.io\/#organization"},"potentialAction":[{"@type":"SearchAction","target":{"@type":"EntryPoint","urlTemplate":"https:\/\/ictdf.synergyecosys.io\/?s={search_term_string}"},"query-input":{"@type":"PropertyValueSpecification","valueRequired":true,"valueName":"search_term_string"}}],"inLanguage":"pt-BR"},{"@type":"Organization","@id":"https:\/\/ictdf.synergyecosys.io\/#organization","name":"ICTDF","url":"https:\/\/ictdf.synergyecosys.io\/","logo":{"@type":"ImageObject","inLanguage":"pt-BR","@id":"https:\/\/ictdf.synergyecosys.io\/#\/schema\/logo\/image\/","url":"https:\/\/ictdf.synergyecosys.io\/wp-content\/uploads\/2026\/02\/cropped-cropped-ICTDF_logo_transparente.png","contentUrl":"https:\/\/ictdf.synergyecosys.io\/wp-content\/uploads\/2026\/02\/cropped-cropped-ICTDF_logo_transparente.png","width":450,"height":141,"caption":"ICTDF"},"image":{"@id":"https:\/\/ictdf.synergyecosys.io\/#\/schema\/logo\/image\/"}},{"@type":"Person","@id":"https:\/\/ictdf.synergyecosys.io\/#\/schema\/person\/0b4488974b7b485188c0c01cb9f95b21","name":"admin","image":{"@type":"ImageObject","inLanguage":"pt-BR","@id":"https:\/\/ictdf.synergyecosys.io\/#\/schema\/person\/image\/","url":"https:\/\/secure.gravatar.com\/avatar\/ee6b87b4bde4f4817334740781bdb6e270748065085879a5aa2018d8006922fa?s=96&d=mm&r=g","contentUrl":"https:\/\/secure.gravatar.com\/avatar\/ee6b87b4bde4f4817334740781bdb6e270748065085879a5aa2018d8006922fa?s=96&d=mm&r=g","caption":"admin"},"sameAs":["https:\/\/ictdf.synergyecosys.io"],"url":"https:\/\/ictdf.synergyecosys.io\/?author=1"}]}},"_links":{"self":[{"href":"https:\/\/ictdf.synergyecosys.io\/index.php?rest_route=\/wp\/v2\/posts\/481","targetHints":{"allow":["GET"]}}],"collection":[{"href":"https:\/\/ictdf.synergyecosys.io\/index.php?rest_route=\/wp\/v2\/posts"}],"about":[{"href":"https:\/\/ictdf.synergyecosys.io\/index.php?rest_route=\/wp\/v2\/types\/post"}],"author":[{"embeddable":true,"href":"https:\/\/ictdf.synergyecosys.io\/index.php?rest_route=\/wp\/v2\/users\/1"}],"replies":[{"embeddable":true,"href":"https:\/\/ictdf.synergyecosys.io\/index.php?rest_route=%2Fwp%2Fv2%2Fcomments&post=481"}],"version-history":[{"count":0,"href":"https:\/\/ictdf.synergyecosys.io\/index.php?rest_route=\/wp\/v2\/posts\/481\/revisions"}],"wp:featuredmedia":[{"embeddable":true,"href":"https:\/\/ictdf.synergyecosys.io\/index.php?rest_route=\/wp\/v2\/media\/480"}],"wp:attachment":[{"href":"https:\/\/ictdf.synergyecosys.io\/index.php?rest_route=%2Fwp%2Fv2%2Fmedia&parent=481"}],"wp:term":[{"taxonomy":"category","embeddable":true,"href":"https:\/\/ictdf.synergyecosys.io\/index.php?rest_route=%2Fwp%2Fv2%2Fcategories&post=481"},{"taxonomy":"post_tag","embeddable":true,"href":"https:\/\/ictdf.synergyecosys.io\/index.php?rest_route=%2Fwp%2Fv2%2Ftags&post=481"}],"curies":[{"name":"wp","href":"https:\/\/api.w.org\/{rel}","templated":true}]}}