{"id":479,"date":"2026-03-13T17:33:20","date_gmt":"2026-03-13T20:33:20","guid":{"rendered":"https:\/\/ictdf.synergyecosys.io\/?p=479"},"modified":"2026-03-13T17:33:20","modified_gmt":"2026-03-13T20:33:20","slug":"dengue-no-brasil-desaceleracao-com-alertas-de-mortes-em-2024","status":"publish","type":"post","link":"https:\/\/ictdf.synergyecosys.io\/?p=479","title":{"rendered":"Dengue no Brasil: Desacelera\u00e7\u00e3o com Alertas de Mortes em 2024"},"content":{"rendered":"<p>Recentemente, vimos uma not\u00edcia preocupante: a dengue parece estar desacelerando no Brasil, mas ainda assim, registrou 28 mortes em um curto per\u00edodo de 2024. Como especialista em jornalismo did\u00e1tico, eu analisei os dados e percebo que, apesar dos avan\u00e7os, a vigil\u00e2ncia n\u00e3o pode parar. Neste artigo, vamos descomplicar o que \u00e9 a dengue, por que ela persiste e o que isso significa para n\u00f3s, brasileiros.<\/p>\n<h2>O Que \u00c9 a Dengue e Por Que Ela Assusta Tanto?<\/h2>\n<p>A dengue \u00e9 uma doen\u00e7a viral transmitida pelo mosquito <strong>Aedes aegypti<\/strong>. Na pr\u00e1tica, isso significa que o mosquito pica uma pessoa infectada e depois transmite o v\u00edrus para outros ao pic\u00e1-los. Existem quatro tipos do v\u00edrus da dengue, e infec\u00e7\u00f5es repetidas podem piorar os sintomas.<\/p>\n<p>Os sintomas iniciais incluem febre alta, dor de cabe\u00e7a, dores musculares e nas articula\u00e7\u00f5es \u2013 o que muita gente chama de &#8216;febre quebra-ossos&#8217;. Em casos graves, pode evoluir para hemorragia e choque, o que \u00e9 fatal se n\u00e3o tratado a tempo.<\/p>\n<h2>O Cen\u00e1rio Atual do Surto no Brasil<\/h2>\n<p>Em 2024, o Brasil enfrentou o maior surto de dengue da hist\u00f3ria, com mais de 6 milh\u00f5es de casos confirmados at\u00e9 meados do ano. Fatores como mudan\u00e7as clim\u00e1ticas, com chuvas intensas e temperaturas altas, favoreceram a prolifera\u00e7\u00e3o do mosquito. Cidades como S\u00e3o Paulo e Rio de Janeiro foram as mais afetadas.<\/p>\n<p>Agora, h\u00e1 sinais de desacelera\u00e7\u00e3o: as notifica\u00e7\u00f5es ca\u00edram em algumas regi\u00f5es, gra\u00e7as a campanhas de fumac\u00ea e elimina\u00e7\u00e3o de criadouros. Mas, como vimos, 28 mortes recentes mostram que o risco persiste, especialmente em \u00e1reas com saneamento prec\u00e1rio.<\/p>\n<h3>Fatores que Contribuem para a Persist\u00eancia<\/h3>\n<p>Urbaniza\u00e7\u00e3o desordenada e ac\u00famulo de \u00e1gua parada em pneus velhos, vasos e calhas s\u00e3o os vil\u00f5es. Al\u00e9m disso, o El Ni\u00f1o de 2023-2024 aumentou as chuvas, criando mais &#8216;ber\u00e7os&#8217; para os mosquitos.<\/p>\n<h2>Impactos na Vida Cotidiana e na Sociedade<\/h2>\n<p>Para as fam\u00edlias, a dengue significa dias de aus\u00eancia no trabalho ou escola, custos com rem\u00e9dios e, no pior caso, luto. Em 2024, o sistema de sa\u00fade foi sobrecarregado, com hospitais lotados e profissionais exaustos.<\/p>\n<p>Empresas sofrem com a queda de produtividade, e a economia sente o impacto indireto. Na sociedade, vemos desigualdades expostas: bairros perif\u00e9ricos, com menos saneamento, t\u00eam mais casos.<\/p>\n<ul>\n<li>Aumento de 400% nos casos em compara\u00e7\u00e3o a anos anteriores.<\/li>\n<li>Mortes concentradas em crian\u00e7as e idosos.<\/li>\n<li>Sobrecarga no SUS, com filas para testes e tratamentos.<\/li>\n<\/ul>\n<h2>Perspectivas Futuras e Como Agir<\/h2>\n<p>Olhando para frente, vacinas como a Qdenga est\u00e3o sendo incorporadas ao calend\u00e1rio nacional, o que pode reduzir casos em at\u00e9 80% em popula\u00e7\u00f5es end\u00eamicas. Tend\u00eancias apontam para mais surtos devido ao aquecimento global, mas com educa\u00e7\u00e3o e controle vetorial, podemos mitigar.<\/p>\n<p>Minha recomenda\u00e7\u00e3o: elimine \u00e1gua parada semanalmente, use repelente e redes. Apoie campanhas locais e fique atento aos sintomas \u2013 procure ajuda m\u00e9dica ao primeiro sinal.<\/p>\n<h2>Reflex\u00f5es Finais: Vigil\u00e2ncia \u00c9 a Chave<\/h2>\n<p>Embora a dengue desacelere, as 28 mortes recentes nos lembram que a batalha n\u00e3o acabou. Eu percebo que, com conscientiza\u00e7\u00e3o coletiva, podemos proteger nossa sa\u00fade e a de quem amamos. Fique informado e atue \u2013 sua a\u00e7\u00e3o pode salvar vidas.<\/p>\n","protected":false},"excerpt":{"rendered":"<p>A dengue no Brasil mostra sinais de desacelera\u00e7\u00e3o em 2024, mas ainda causa 28 mortes recentes. Entenda os motivos, sintomas e como se prevenir dessa doen\u00e7a transmitida pelo mosquito Aedes aegypti.<\/p>\n","protected":false},"author":1,"featured_media":478,"comment_status":"open","ping_status":"open","sticky":false,"template":"","format":"standard","meta":{"_acf_changed":false,"_eb_attr":"","footnotes":"","_wpscppro_dont_share_socialmedia":false,"_wpscppro_custom_social_share_image":0,"_facebook_share_type":"","_twitter_share_type":"","_linkedin_share_type":"","_pinterest_share_type":"","_linkedin_share_type_page":"","_instagram_share_type":"","_medium_share_type":"","_threads_share_type":"","_google_business_share_type":"","_selected_social_profile":[],"_wpsp_enable_custom_social_template":false,"_wpsp_social_scheduling":{"enabled":false,"datetime":null,"platforms":[],"status":"template_only","dateOption":"today","timeOption":"now","customDays":"","customHours":"","customDate":"","customTime":"","schedulingType":"absolute"},"_wpsp_active_default_template":true},"categories":[3],"tags":[],"class_list":["post-479","post","type-post","status-publish","format-standard","has-post-thumbnail","hentry","category-bem-estar"],"acf":[],"yoast_head":"<!-- This site is optimized with the Yoast SEO plugin v26.9 - https:\/\/yoast.com\/product\/yoast-seo-wordpress\/ -->\n<title>Dengue no Brasil: Desacelera\u00e7\u00e3o com Alertas de Mortes em 2024 - ICTDF<\/title>\n<meta name=\"robots\" content=\"index, follow, max-snippet:-1, max-image-preview:large, max-video-preview:-1\" \/>\n<link rel=\"canonical\" href=\"https:\/\/ictdf.synergyecosys.io\/?p=479\" \/>\n<meta property=\"og:locale\" content=\"pt_BR\" \/>\n<meta property=\"og:type\" content=\"article\" \/>\n<meta property=\"og:title\" content=\"Dengue no Brasil: Desacelera\u00e7\u00e3o com Alertas de Mortes em 2024 - ICTDF\" \/>\n<meta property=\"og:description\" content=\"A dengue no Brasil mostra sinais de desacelera\u00e7\u00e3o em 2024, mas ainda causa 28 mortes recentes. Entenda os motivos, sintomas e como se prevenir dessa doen\u00e7a transmitida pelo mosquito Aedes aegypti.\" \/>\n<meta property=\"og:url\" content=\"https:\/\/ictdf.synergyecosys.io\/?p=479\" \/>\n<meta property=\"og:site_name\" content=\"ICTDF\" \/>\n<meta property=\"article:published_time\" content=\"2026-03-13T20:33:20+00:00\" \/>\n<meta name=\"author\" content=\"admin\" \/>\n<meta name=\"twitter:card\" content=\"summary_large_image\" \/>\n<meta name=\"twitter:label1\" content=\"Escrito por\" \/>\n\t<meta name=\"twitter:data1\" content=\"admin\" \/>\n\t<meta name=\"twitter:label2\" content=\"Est. tempo de leitura\" \/>\n\t<meta name=\"twitter:data2\" content=\"3 minutos\" \/>\n<script type=\"application\/ld+json\" class=\"yoast-schema-graph\">{\"@context\":\"https:\/\/schema.org\",\"@graph\":[{\"@type\":\"Article\",\"@id\":\"https:\/\/ictdf.synergyecosys.io\/?p=479#article\",\"isPartOf\":{\"@id\":\"https:\/\/ictdf.synergyecosys.io\/?p=479\"},\"author\":{\"name\":\"admin\",\"@id\":\"https:\/\/ictdf.synergyecosys.io\/#\/schema\/person\/0b4488974b7b485188c0c01cb9f95b21\"},\"headline\":\"Dengue no Brasil: Desacelera\u00e7\u00e3o com Alertas de Mortes em 2024\",\"datePublished\":\"2026-03-13T20:33:20+00:00\",\"mainEntityOfPage\":{\"@id\":\"https:\/\/ictdf.synergyecosys.io\/?p=479\"},\"wordCount\":559,\"commentCount\":0,\"publisher\":{\"@id\":\"https:\/\/ictdf.synergyecosys.io\/#organization\"},\"image\":{\"@id\":\"https:\/\/ictdf.synergyecosys.io\/?p=479#primaryimage\"},\"thumbnailUrl\":\"https:\/\/ictdf.synergyecosys.io\/wp-content\/uploads\/2026\/03\/imagem-Dengue-Desacelera-Mas-Mata-28-no-Brasil-em-2024.png\",\"articleSection\":[\"Bem-estar\"],\"inLanguage\":\"pt-BR\",\"potentialAction\":[{\"@type\":\"CommentAction\",\"name\":\"Comment\",\"target\":[\"https:\/\/ictdf.synergyecosys.io\/?p=479#respond\"]}]},{\"@type\":\"WebPage\",\"@id\":\"https:\/\/ictdf.synergyecosys.io\/?p=479\",\"url\":\"https:\/\/ictdf.synergyecosys.io\/?p=479\",\"name\":\"Dengue no Brasil: Desacelera\u00e7\u00e3o com Alertas de Mortes em 2024 - ICTDF\",\"isPartOf\":{\"@id\":\"https:\/\/ictdf.synergyecosys.io\/#website\"},\"primaryImageOfPage\":{\"@id\":\"https:\/\/ictdf.synergyecosys.io\/?p=479#primaryimage\"},\"image\":{\"@id\":\"https:\/\/ictdf.synergyecosys.io\/?p=479#primaryimage\"},\"thumbnailUrl\":\"https:\/\/ictdf.synergyecosys.io\/wp-content\/uploads\/2026\/03\/imagem-Dengue-Desacelera-Mas-Mata-28-no-Brasil-em-2024.png\",\"datePublished\":\"2026-03-13T20:33:20+00:00\",\"breadcrumb\":{\"@id\":\"https:\/\/ictdf.synergyecosys.io\/?p=479#breadcrumb\"},\"inLanguage\":\"pt-BR\",\"potentialAction\":[{\"@type\":\"ReadAction\",\"target\":[\"https:\/\/ictdf.synergyecosys.io\/?p=479\"]}]},{\"@type\":\"ImageObject\",\"inLanguage\":\"pt-BR\",\"@id\":\"https:\/\/ictdf.synergyecosys.io\/?p=479#primaryimage\",\"url\":\"https:\/\/ictdf.synergyecosys.io\/wp-content\/uploads\/2026\/03\/imagem-Dengue-Desacelera-Mas-Mata-28-no-Brasil-em-2024.png\",\"contentUrl\":\"https:\/\/ictdf.synergyecosys.io\/wp-content\/uploads\/2026\/03\/imagem-Dengue-Desacelera-Mas-Mata-28-no-Brasil-em-2024.png\",\"width\":1696,\"height\":960},{\"@type\":\"BreadcrumbList\",\"@id\":\"https:\/\/ictdf.synergyecosys.io\/?p=479#breadcrumb\",\"itemListElement\":[{\"@type\":\"ListItem\",\"position\":1,\"name\":\"In\u00edcio\",\"item\":\"https:\/\/ictdf.synergyecosys.io\/\"},{\"@type\":\"ListItem\",\"position\":2,\"name\":\"Dengue no Brasil: Desacelera\u00e7\u00e3o com Alertas de Mortes em 2024\"}]},{\"@type\":\"WebSite\",\"@id\":\"https:\/\/ictdf.synergyecosys.io\/#website\",\"url\":\"https:\/\/ictdf.synergyecosys.io\/\",\"name\":\"ICTDF\",\"description\":\"\",\"publisher\":{\"@id\":\"https:\/\/ictdf.synergyecosys.io\/#organization\"},\"potentialAction\":[{\"@type\":\"SearchAction\",\"target\":{\"@type\":\"EntryPoint\",\"urlTemplate\":\"https:\/\/ictdf.synergyecosys.io\/?s={search_term_string}\"},\"query-input\":{\"@type\":\"PropertyValueSpecification\",\"valueRequired\":true,\"valueName\":\"search_term_string\"}}],\"inLanguage\":\"pt-BR\"},{\"@type\":\"Organization\",\"@id\":\"https:\/\/ictdf.synergyecosys.io\/#organization\",\"name\":\"ICTDF\",\"url\":\"https:\/\/ictdf.synergyecosys.io\/\",\"logo\":{\"@type\":\"ImageObject\",\"inLanguage\":\"pt-BR\",\"@id\":\"https:\/\/ictdf.synergyecosys.io\/#\/schema\/logo\/image\/\",\"url\":\"https:\/\/ictdf.synergyecosys.io\/wp-content\/uploads\/2026\/02\/cropped-cropped-ICTDF_logo_transparente.png\",\"contentUrl\":\"https:\/\/ictdf.synergyecosys.io\/wp-content\/uploads\/2026\/02\/cropped-cropped-ICTDF_logo_transparente.png\",\"width\":450,\"height\":141,\"caption\":\"ICTDF\"},\"image\":{\"@id\":\"https:\/\/ictdf.synergyecosys.io\/#\/schema\/logo\/image\/\"}},{\"@type\":\"Person\",\"@id\":\"https:\/\/ictdf.synergyecosys.io\/#\/schema\/person\/0b4488974b7b485188c0c01cb9f95b21\",\"name\":\"admin\",\"image\":{\"@type\":\"ImageObject\",\"inLanguage\":\"pt-BR\",\"@id\":\"https:\/\/ictdf.synergyecosys.io\/#\/schema\/person\/image\/\",\"url\":\"https:\/\/secure.gravatar.com\/avatar\/ee6b87b4bde4f4817334740781bdb6e270748065085879a5aa2018d8006922fa?s=96&d=mm&r=g\",\"contentUrl\":\"https:\/\/secure.gravatar.com\/avatar\/ee6b87b4bde4f4817334740781bdb6e270748065085879a5aa2018d8006922fa?s=96&d=mm&r=g\",\"caption\":\"admin\"},\"sameAs\":[\"https:\/\/ictdf.synergyecosys.io\"],\"url\":\"https:\/\/ictdf.synergyecosys.io\/?author=1\"}]}<\/script>\n<!-- \/ Yoast SEO plugin. -->","yoast_head_json":{"title":"Dengue no Brasil: Desacelera\u00e7\u00e3o com Alertas de Mortes em 2024 - ICTDF","robots":{"index":"index","follow":"follow","max-snippet":"max-snippet:-1","max-image-preview":"max-image-preview:large","max-video-preview":"max-video-preview:-1"},"canonical":"https:\/\/ictdf.synergyecosys.io\/?p=479","og_locale":"pt_BR","og_type":"article","og_title":"Dengue no Brasil: Desacelera\u00e7\u00e3o com Alertas de Mortes em 2024 - ICTDF","og_description":"A dengue no Brasil mostra sinais de desacelera\u00e7\u00e3o em 2024, mas ainda causa 28 mortes recentes. Entenda os motivos, sintomas e como se prevenir dessa doen\u00e7a transmitida pelo mosquito Aedes aegypti.","og_url":"https:\/\/ictdf.synergyecosys.io\/?p=479","og_site_name":"ICTDF","article_published_time":"2026-03-13T20:33:20+00:00","author":"admin","twitter_card":"summary_large_image","twitter_misc":{"Escrito por":"admin","Est. tempo de leitura":"3 minutos"},"schema":{"@context":"https:\/\/schema.org","@graph":[{"@type":"Article","@id":"https:\/\/ictdf.synergyecosys.io\/?p=479#article","isPartOf":{"@id":"https:\/\/ictdf.synergyecosys.io\/?p=479"},"author":{"name":"admin","@id":"https:\/\/ictdf.synergyecosys.io\/#\/schema\/person\/0b4488974b7b485188c0c01cb9f95b21"},"headline":"Dengue no Brasil: Desacelera\u00e7\u00e3o com Alertas de Mortes em 2024","datePublished":"2026-03-13T20:33:20+00:00","mainEntityOfPage":{"@id":"https:\/\/ictdf.synergyecosys.io\/?p=479"},"wordCount":559,"commentCount":0,"publisher":{"@id":"https:\/\/ictdf.synergyecosys.io\/#organization"},"image":{"@id":"https:\/\/ictdf.synergyecosys.io\/?p=479#primaryimage"},"thumbnailUrl":"https:\/\/ictdf.synergyecosys.io\/wp-content\/uploads\/2026\/03\/imagem-Dengue-Desacelera-Mas-Mata-28-no-Brasil-em-2024.png","articleSection":["Bem-estar"],"inLanguage":"pt-BR","potentialAction":[{"@type":"CommentAction","name":"Comment","target":["https:\/\/ictdf.synergyecosys.io\/?p=479#respond"]}]},{"@type":"WebPage","@id":"https:\/\/ictdf.synergyecosys.io\/?p=479","url":"https:\/\/ictdf.synergyecosys.io\/?p=479","name":"Dengue no Brasil: Desacelera\u00e7\u00e3o com Alertas de Mortes em 2024 - ICTDF","isPartOf":{"@id":"https:\/\/ictdf.synergyecosys.io\/#website"},"primaryImageOfPage":{"@id":"https:\/\/ictdf.synergyecosys.io\/?p=479#primaryimage"},"image":{"@id":"https:\/\/ictdf.synergyecosys.io\/?p=479#primaryimage"},"thumbnailUrl":"https:\/\/ictdf.synergyecosys.io\/wp-content\/uploads\/2026\/03\/imagem-Dengue-Desacelera-Mas-Mata-28-no-Brasil-em-2024.png","datePublished":"2026-03-13T20:33:20+00:00","breadcrumb":{"@id":"https:\/\/ictdf.synergyecosys.io\/?p=479#breadcrumb"},"inLanguage":"pt-BR","potentialAction":[{"@type":"ReadAction","target":["https:\/\/ictdf.synergyecosys.io\/?p=479"]}]},{"@type":"ImageObject","inLanguage":"pt-BR","@id":"https:\/\/ictdf.synergyecosys.io\/?p=479#primaryimage","url":"https:\/\/ictdf.synergyecosys.io\/wp-content\/uploads\/2026\/03\/imagem-Dengue-Desacelera-Mas-Mata-28-no-Brasil-em-2024.png","contentUrl":"https:\/\/ictdf.synergyecosys.io\/wp-content\/uploads\/2026\/03\/imagem-Dengue-Desacelera-Mas-Mata-28-no-Brasil-em-2024.png","width":1696,"height":960},{"@type":"BreadcrumbList","@id":"https:\/\/ictdf.synergyecosys.io\/?p=479#breadcrumb","itemListElement":[{"@type":"ListItem","position":1,"name":"In\u00edcio","item":"https:\/\/ictdf.synergyecosys.io\/"},{"@type":"ListItem","position":2,"name":"Dengue no Brasil: Desacelera\u00e7\u00e3o com Alertas de Mortes em 2024"}]},{"@type":"WebSite","@id":"https:\/\/ictdf.synergyecosys.io\/#website","url":"https:\/\/ictdf.synergyecosys.io\/","name":"ICTDF","description":"","publisher":{"@id":"https:\/\/ictdf.synergyecosys.io\/#organization"},"potentialAction":[{"@type":"SearchAction","target":{"@type":"EntryPoint","urlTemplate":"https:\/\/ictdf.synergyecosys.io\/?s={search_term_string}"},"query-input":{"@type":"PropertyValueSpecification","valueRequired":true,"valueName":"search_term_string"}}],"inLanguage":"pt-BR"},{"@type":"Organization","@id":"https:\/\/ictdf.synergyecosys.io\/#organization","name":"ICTDF","url":"https:\/\/ictdf.synergyecosys.io\/","logo":{"@type":"ImageObject","inLanguage":"pt-BR","@id":"https:\/\/ictdf.synergyecosys.io\/#\/schema\/logo\/image\/","url":"https:\/\/ictdf.synergyecosys.io\/wp-content\/uploads\/2026\/02\/cropped-cropped-ICTDF_logo_transparente.png","contentUrl":"https:\/\/ictdf.synergyecosys.io\/wp-content\/uploads\/2026\/02\/cropped-cropped-ICTDF_logo_transparente.png","width":450,"height":141,"caption":"ICTDF"},"image":{"@id":"https:\/\/ictdf.synergyecosys.io\/#\/schema\/logo\/image\/"}},{"@type":"Person","@id":"https:\/\/ictdf.synergyecosys.io\/#\/schema\/person\/0b4488974b7b485188c0c01cb9f95b21","name":"admin","image":{"@type":"ImageObject","inLanguage":"pt-BR","@id":"https:\/\/ictdf.synergyecosys.io\/#\/schema\/person\/image\/","url":"https:\/\/secure.gravatar.com\/avatar\/ee6b87b4bde4f4817334740781bdb6e270748065085879a5aa2018d8006922fa?s=96&d=mm&r=g","contentUrl":"https:\/\/secure.gravatar.com\/avatar\/ee6b87b4bde4f4817334740781bdb6e270748065085879a5aa2018d8006922fa?s=96&d=mm&r=g","caption":"admin"},"sameAs":["https:\/\/ictdf.synergyecosys.io"],"url":"https:\/\/ictdf.synergyecosys.io\/?author=1"}]}},"_links":{"self":[{"href":"https:\/\/ictdf.synergyecosys.io\/index.php?rest_route=\/wp\/v2\/posts\/479","targetHints":{"allow":["GET"]}}],"collection":[{"href":"https:\/\/ictdf.synergyecosys.io\/index.php?rest_route=\/wp\/v2\/posts"}],"about":[{"href":"https:\/\/ictdf.synergyecosys.io\/index.php?rest_route=\/wp\/v2\/types\/post"}],"author":[{"embeddable":true,"href":"https:\/\/ictdf.synergyecosys.io\/index.php?rest_route=\/wp\/v2\/users\/1"}],"replies":[{"embeddable":true,"href":"https:\/\/ictdf.synergyecosys.io\/index.php?rest_route=%2Fwp%2Fv2%2Fcomments&post=479"}],"version-history":[{"count":0,"href":"https:\/\/ictdf.synergyecosys.io\/index.php?rest_route=\/wp\/v2\/posts\/479\/revisions"}],"wp:featuredmedia":[{"embeddable":true,"href":"https:\/\/ictdf.synergyecosys.io\/index.php?rest_route=\/wp\/v2\/media\/478"}],"wp:attachment":[{"href":"https:\/\/ictdf.synergyecosys.io\/index.php?rest_route=%2Fwp%2Fv2%2Fmedia&parent=479"}],"wp:term":[{"taxonomy":"category","embeddable":true,"href":"https:\/\/ictdf.synergyecosys.io\/index.php?rest_route=%2Fwp%2Fv2%2Fcategories&post=479"},{"taxonomy":"post_tag","embeddable":true,"href":"https:\/\/ictdf.synergyecosys.io\/index.php?rest_route=%2Fwp%2Fv2%2Ftags&post=479"}],"curies":[{"name":"wp","href":"https:\/\/api.w.org\/{rel}","templated":true}]}}