{"id":477,"date":"2026-03-13T16:33:14","date_gmt":"2026-03-13T19:33:14","guid":{"rendered":"https:\/\/ictdf.synergyecosys.io\/?p=477"},"modified":"2026-03-13T16:33:14","modified_gmt":"2026-03-13T19:33:14","slug":"broncopneumonia-o-que-e-e-por-que-preocupa-no-caso-de-bolsonaro","status":"publish","type":"post","link":"https:\/\/ictdf.synergyecosys.io\/?p=477","title":{"rendered":"Broncopneumonia: O que \u00e9 e por que preocupa no caso de Bolsonaro"},"content":{"rendered":"<p>Recentemente, a not\u00edcia da interna\u00e7\u00e3o do ex-presidente Jair Bolsonaro por broncopneumonia chamou a aten\u00e7\u00e3o de todos n\u00f3s. Como jornalista que acompanha temas de sa\u00fade p\u00fablica, eu me deparei com muitas perguntas sobre essa condi\u00e7\u00e3o. O que exatamente \u00e9 broncopneumonia? Por que ela pode ser t\u00e3o s\u00e9ria a ponto de exigir hospitaliza\u00e7\u00e3o? Neste artigo, vamos descomplicar esse tema de forma simples e acess\u00edvel, especialmente para quem n\u00e3o \u00e9 do ramo m\u00e9dico.<\/p>\n<p>A broncopneumonia \u00e9 um tipo de infec\u00e7\u00e3o nos pulm\u00f5es que afeta n\u00e3o s\u00f3 os alv\u00e9olos \u2013 aqueles sacos de ar min\u00fasculos onde o oxig\u00eanio entra no sangue \u2013, mas tamb\u00e9m os br\u00f4nquios, os tubos que levam o ar para dentro dos pulm\u00f5es. Diferente de outras pneumonias que se concentram em uma \u00e1rea grande, essa se espalha em patches irregulares, o que pode complicar o diagn\u00f3stico e o tratamento.<\/p>\n<h2>O que causa a broncopneumonia e como ela se desenvolve?<\/h2>\n<p>Imagine os pulm\u00f5es como uma \u00e1rvore: os br\u00f4nquios s\u00e3o os galhos principais, e os alv\u00e9olos, as folhas. Quando bact\u00e9rias como o <strong>Staphylococcus aureus<\/strong> ou <strong>Klebsiella<\/strong> invadem, elas causam inflama\u00e7\u00e3o nesses &#8216;galhos&#8217; e \u00e1reas pr\u00f3ximas. Isso \u00e9 mais comum em ambientes hospitalares, onde as bact\u00e9rias resistentes a antibi\u00f3ticos circulam mais facilmente.<\/p>\n<p>No caso de figuras p\u00fablicas como Bolsonaro, fatores como idade avan\u00e7ada \u2013 ele tem 69 anos \u2013 e hist\u00f3rico de sa\u00fade podem aumentar o risco. Eu analisei relatos m\u00e9dicos e vi que infec\u00e7\u00f5es respirat\u00f3rias podem evoluir rapidamente se n\u00e3o tratadas, levando a febre alta e dificuldade para respirar.<\/p>\n<h3>Sintomas que n\u00e3o podem ser ignorados<\/h3>\n<p>Os sinais iniciais incluem tosse com muco, dor no peito e febre. \u00c0 medida que progride, surge falta de ar e calafrios. Em idosos ou pessoas com condi\u00e7\u00f5es pr\u00e9-existentes, como problemas card\u00edacos, isso pode virar uma emerg\u00eancia, exigindo oxig\u00eanio e antibi\u00f3ticos intravenosos.<\/p>\n<h2>Por que esse quadro gerou tanta preocupa\u00e7\u00e3o com Bolsonaro?<\/h2>\n<p>A interna\u00e7\u00e3o de Bolsonaro destacou como a broncopneumonia pode afetar qualquer um, independentemente de status social. Ele foi admitido com sintomas respirat\u00f3rios ap\u00f3s uma infec\u00e7\u00e3o que se agravou, segundo fontes m\u00e9dicas. Isso nos lembra que, mesmo com acesso a cuidados de ponta, infec\u00e7\u00f5es pulmonares matam milh\u00f5es anualmente \u2013 cerca de 4 milh\u00f5es no mundo, de acordo com dados da OMS.<\/p>\n<p>Para o dia a dia, pense nos impactos: para pacientes, significa dias ou semanas de recupera\u00e7\u00e3o, perda de produtividade e, em casos graves, sequelas respirat\u00f3rias. Para a sociedade, sobrecarrega sistemas de sa\u00fade, especialmente em \u00e9pocas de epidemias como a gripe ou COVID-19, que podem desencadear pneumonias secund\u00e1rias.<\/p>\n<h2>Tratamento e preven\u00e7\u00e3o: caminhos para evitar o pior<\/h2>\n<p>O tratamento come\u00e7a com antibi\u00f3ticos espec\u00edficos, escolhidos com base no agente causador. Em hospitais, monitoram-se n\u00edveis de oxig\u00eanio e usam raios-X para acompanhar a evolu\u00e7\u00e3o. Vacinas contra pneumococo e influenza s\u00e3o aliadas chave, reduzindo riscos em at\u00e9 70% para grupos vulner\u00e1veis.<\/p>\n<p>Recomenda\u00e7\u00f5es pr\u00e1ticas? Lave as m\u00e3os frequentemente, evite fumar e, se tiver mais de 65 anos ou condi\u00e7\u00f5es cr\u00f4nicas, consulte um m\u00e9dico sobre vacinas. No contexto p\u00f3s-pandemia, manter o ar limpo em casa e monitorar sintomas gripais pode prevenir progress\u00f5es para broncopneumonia.<\/p>\n<ul>\n<li>Vacine-se anualmente contra gripe.<\/li>\n<li>N\u00e3o ignore febres persistentes.<\/li>\n<li>Fortale\u00e7a a imunidade com alimenta\u00e7\u00e3o equilibrada.<\/li>\n<\/ul>\n<h2>Reflex\u00f5es sobre sa\u00fade respirat\u00f3ria no Brasil<\/h2>\n<p>Analisando o caso de Bolsonaro, vemos que a broncopneumonia n\u00e3o \u00e9 s\u00f3 uma doen\u00e7a t\u00e9cnica \u2013 \u00e9 um lembrete de vulnerabilidades humanas. Como sociedade, precisamos investir mais em preven\u00e7\u00e3o e educa\u00e7\u00e3o. Se voc\u00ea ou um ente querido apresentar sintomas, procure ajuda m\u00e9dica imediatamente. Cuidar da sa\u00fade pulmonar \u00e9 investir em qualidade de vida para todos n\u00f3s.<\/p>\n","protected":false},"excerpt":{"rendered":"<p>Descubra o que \u00e9 broncopneumonia, seus sintomas, causas e tratamento. Veja por que essa infec\u00e7\u00e3o pulmonar levou \u00e0 interna\u00e7\u00e3o recente de Jair Bolsonaro e como se prevenir.<\/p>\n","protected":false},"author":1,"featured_media":476,"comment_status":"open","ping_status":"open","sticky":false,"template":"","format":"standard","meta":{"_acf_changed":false,"_eb_attr":"","footnotes":"","_wpscppro_dont_share_socialmedia":false,"_wpscppro_custom_social_share_image":0,"_facebook_share_type":"","_twitter_share_type":"","_linkedin_share_type":"","_pinterest_share_type":"","_linkedin_share_type_page":"","_instagram_share_type":"","_medium_share_type":"","_threads_share_type":"","_google_business_share_type":"","_selected_social_profile":[],"_wpsp_enable_custom_social_template":false,"_wpsp_social_scheduling":{"enabled":false,"datetime":null,"platforms":[],"status":"template_only","dateOption":"today","timeOption":"now","customDays":"","customHours":"","customDate":"","customTime":"","schedulingType":"absolute"},"_wpsp_active_default_template":true},"categories":[3],"tags":[],"class_list":["post-477","post","type-post","status-publish","format-standard","has-post-thumbnail","hentry","category-bem-estar"],"acf":[],"yoast_head":"<!-- This site is optimized with the Yoast SEO plugin v26.9 - https:\/\/yoast.com\/product\/yoast-seo-wordpress\/ -->\n<title>Broncopneumonia: O que \u00e9 e por que preocupa no caso de Bolsonaro - ICTDF<\/title>\n<meta name=\"robots\" content=\"index, follow, max-snippet:-1, max-image-preview:large, max-video-preview:-1\" \/>\n<link rel=\"canonical\" href=\"https:\/\/ictdf.synergyecosys.io\/?p=477\" \/>\n<meta property=\"og:locale\" content=\"pt_BR\" \/>\n<meta property=\"og:type\" content=\"article\" \/>\n<meta property=\"og:title\" content=\"Broncopneumonia: O que \u00e9 e por que preocupa no caso de Bolsonaro - ICTDF\" \/>\n<meta property=\"og:description\" content=\"Descubra o que \u00e9 broncopneumonia, seus sintomas, causas e tratamento. Veja por que essa infec\u00e7\u00e3o pulmonar levou \u00e0 interna\u00e7\u00e3o recente de Jair Bolsonaro e como se prevenir.\" \/>\n<meta property=\"og:url\" content=\"https:\/\/ictdf.synergyecosys.io\/?p=477\" \/>\n<meta property=\"og:site_name\" content=\"ICTDF\" \/>\n<meta property=\"article:published_time\" content=\"2026-03-13T19:33:14+00:00\" \/>\n<meta name=\"author\" content=\"admin\" \/>\n<meta name=\"twitter:card\" content=\"summary_large_image\" \/>\n<meta name=\"twitter:label1\" content=\"Escrito por\" \/>\n\t<meta name=\"twitter:data1\" content=\"admin\" \/>\n\t<meta name=\"twitter:label2\" content=\"Est. tempo de leitura\" \/>\n\t<meta name=\"twitter:data2\" content=\"3 minutos\" \/>\n<script type=\"application\/ld+json\" class=\"yoast-schema-graph\">{\"@context\":\"https:\/\/schema.org\",\"@graph\":[{\"@type\":\"Article\",\"@id\":\"https:\/\/ictdf.synergyecosys.io\/?p=477#article\",\"isPartOf\":{\"@id\":\"https:\/\/ictdf.synergyecosys.io\/?p=477\"},\"author\":{\"name\":\"admin\",\"@id\":\"https:\/\/ictdf.synergyecosys.io\/#\/schema\/person\/0b4488974b7b485188c0c01cb9f95b21\"},\"headline\":\"Broncopneumonia: O que \u00e9 e por que preocupa no caso de Bolsonaro\",\"datePublished\":\"2026-03-13T19:33:14+00:00\",\"mainEntityOfPage\":{\"@id\":\"https:\/\/ictdf.synergyecosys.io\/?p=477\"},\"wordCount\":660,\"commentCount\":0,\"publisher\":{\"@id\":\"https:\/\/ictdf.synergyecosys.io\/#organization\"},\"image\":{\"@id\":\"https:\/\/ictdf.synergyecosys.io\/?p=477#primaryimage\"},\"thumbnailUrl\":\"https:\/\/ictdf.synergyecosys.io\/wp-content\/uploads\/2026\/03\/imagem-Broncopneumonia-Entenda-o-Quadro-que-Internou-Bolsonaro.png\",\"articleSection\":[\"Bem-estar\"],\"inLanguage\":\"pt-BR\",\"potentialAction\":[{\"@type\":\"CommentAction\",\"name\":\"Comment\",\"target\":[\"https:\/\/ictdf.synergyecosys.io\/?p=477#respond\"]}]},{\"@type\":\"WebPage\",\"@id\":\"https:\/\/ictdf.synergyecosys.io\/?p=477\",\"url\":\"https:\/\/ictdf.synergyecosys.io\/?p=477\",\"name\":\"Broncopneumonia: O que \u00e9 e por que preocupa no caso de Bolsonaro - ICTDF\",\"isPartOf\":{\"@id\":\"https:\/\/ictdf.synergyecosys.io\/#website\"},\"primaryImageOfPage\":{\"@id\":\"https:\/\/ictdf.synergyecosys.io\/?p=477#primaryimage\"},\"image\":{\"@id\":\"https:\/\/ictdf.synergyecosys.io\/?p=477#primaryimage\"},\"thumbnailUrl\":\"https:\/\/ictdf.synergyecosys.io\/wp-content\/uploads\/2026\/03\/imagem-Broncopneumonia-Entenda-o-Quadro-que-Internou-Bolsonaro.png\",\"datePublished\":\"2026-03-13T19:33:14+00:00\",\"breadcrumb\":{\"@id\":\"https:\/\/ictdf.synergyecosys.io\/?p=477#breadcrumb\"},\"inLanguage\":\"pt-BR\",\"potentialAction\":[{\"@type\":\"ReadAction\",\"target\":[\"https:\/\/ictdf.synergyecosys.io\/?p=477\"]}]},{\"@type\":\"ImageObject\",\"inLanguage\":\"pt-BR\",\"@id\":\"https:\/\/ictdf.synergyecosys.io\/?p=477#primaryimage\",\"url\":\"https:\/\/ictdf.synergyecosys.io\/wp-content\/uploads\/2026\/03\/imagem-Broncopneumonia-Entenda-o-Quadro-que-Internou-Bolsonaro.png\",\"contentUrl\":\"https:\/\/ictdf.synergyecosys.io\/wp-content\/uploads\/2026\/03\/imagem-Broncopneumonia-Entenda-o-Quadro-que-Internou-Bolsonaro.png\",\"width\":1696,\"height\":960},{\"@type\":\"BreadcrumbList\",\"@id\":\"https:\/\/ictdf.synergyecosys.io\/?p=477#breadcrumb\",\"itemListElement\":[{\"@type\":\"ListItem\",\"position\":1,\"name\":\"In\u00edcio\",\"item\":\"https:\/\/ictdf.synergyecosys.io\/\"},{\"@type\":\"ListItem\",\"position\":2,\"name\":\"Broncopneumonia: O que \u00e9 e por que preocupa no caso de Bolsonaro\"}]},{\"@type\":\"WebSite\",\"@id\":\"https:\/\/ictdf.synergyecosys.io\/#website\",\"url\":\"https:\/\/ictdf.synergyecosys.io\/\",\"name\":\"ICTDF\",\"description\":\"\",\"publisher\":{\"@id\":\"https:\/\/ictdf.synergyecosys.io\/#organization\"},\"potentialAction\":[{\"@type\":\"SearchAction\",\"target\":{\"@type\":\"EntryPoint\",\"urlTemplate\":\"https:\/\/ictdf.synergyecosys.io\/?s={search_term_string}\"},\"query-input\":{\"@type\":\"PropertyValueSpecification\",\"valueRequired\":true,\"valueName\":\"search_term_string\"}}],\"inLanguage\":\"pt-BR\"},{\"@type\":\"Organization\",\"@id\":\"https:\/\/ictdf.synergyecosys.io\/#organization\",\"name\":\"ICTDF\",\"url\":\"https:\/\/ictdf.synergyecosys.io\/\",\"logo\":{\"@type\":\"ImageObject\",\"inLanguage\":\"pt-BR\",\"@id\":\"https:\/\/ictdf.synergyecosys.io\/#\/schema\/logo\/image\/\",\"url\":\"https:\/\/ictdf.synergyecosys.io\/wp-content\/uploads\/2026\/02\/cropped-cropped-ICTDF_logo_transparente.png\",\"contentUrl\":\"https:\/\/ictdf.synergyecosys.io\/wp-content\/uploads\/2026\/02\/cropped-cropped-ICTDF_logo_transparente.png\",\"width\":450,\"height\":141,\"caption\":\"ICTDF\"},\"image\":{\"@id\":\"https:\/\/ictdf.synergyecosys.io\/#\/schema\/logo\/image\/\"}},{\"@type\":\"Person\",\"@id\":\"https:\/\/ictdf.synergyecosys.io\/#\/schema\/person\/0b4488974b7b485188c0c01cb9f95b21\",\"name\":\"admin\",\"image\":{\"@type\":\"ImageObject\",\"inLanguage\":\"pt-BR\",\"@id\":\"https:\/\/ictdf.synergyecosys.io\/#\/schema\/person\/image\/\",\"url\":\"https:\/\/secure.gravatar.com\/avatar\/ee6b87b4bde4f4817334740781bdb6e270748065085879a5aa2018d8006922fa?s=96&d=mm&r=g\",\"contentUrl\":\"https:\/\/secure.gravatar.com\/avatar\/ee6b87b4bde4f4817334740781bdb6e270748065085879a5aa2018d8006922fa?s=96&d=mm&r=g\",\"caption\":\"admin\"},\"sameAs\":[\"https:\/\/ictdf.synergyecosys.io\"],\"url\":\"https:\/\/ictdf.synergyecosys.io\/?author=1\"}]}<\/script>\n<!-- \/ Yoast SEO plugin. -->","yoast_head_json":{"title":"Broncopneumonia: O que \u00e9 e por que preocupa no caso de Bolsonaro - ICTDF","robots":{"index":"index","follow":"follow","max-snippet":"max-snippet:-1","max-image-preview":"max-image-preview:large","max-video-preview":"max-video-preview:-1"},"canonical":"https:\/\/ictdf.synergyecosys.io\/?p=477","og_locale":"pt_BR","og_type":"article","og_title":"Broncopneumonia: O que \u00e9 e por que preocupa no caso de Bolsonaro - ICTDF","og_description":"Descubra o que \u00e9 broncopneumonia, seus sintomas, causas e tratamento. Veja por que essa infec\u00e7\u00e3o pulmonar levou \u00e0 interna\u00e7\u00e3o recente de Jair Bolsonaro e como se prevenir.","og_url":"https:\/\/ictdf.synergyecosys.io\/?p=477","og_site_name":"ICTDF","article_published_time":"2026-03-13T19:33:14+00:00","author":"admin","twitter_card":"summary_large_image","twitter_misc":{"Escrito por":"admin","Est. tempo de leitura":"3 minutos"},"schema":{"@context":"https:\/\/schema.org","@graph":[{"@type":"Article","@id":"https:\/\/ictdf.synergyecosys.io\/?p=477#article","isPartOf":{"@id":"https:\/\/ictdf.synergyecosys.io\/?p=477"},"author":{"name":"admin","@id":"https:\/\/ictdf.synergyecosys.io\/#\/schema\/person\/0b4488974b7b485188c0c01cb9f95b21"},"headline":"Broncopneumonia: O que \u00e9 e por que preocupa no caso de Bolsonaro","datePublished":"2026-03-13T19:33:14+00:00","mainEntityOfPage":{"@id":"https:\/\/ictdf.synergyecosys.io\/?p=477"},"wordCount":660,"commentCount":0,"publisher":{"@id":"https:\/\/ictdf.synergyecosys.io\/#organization"},"image":{"@id":"https:\/\/ictdf.synergyecosys.io\/?p=477#primaryimage"},"thumbnailUrl":"https:\/\/ictdf.synergyecosys.io\/wp-content\/uploads\/2026\/03\/imagem-Broncopneumonia-Entenda-o-Quadro-que-Internou-Bolsonaro.png","articleSection":["Bem-estar"],"inLanguage":"pt-BR","potentialAction":[{"@type":"CommentAction","name":"Comment","target":["https:\/\/ictdf.synergyecosys.io\/?p=477#respond"]}]},{"@type":"WebPage","@id":"https:\/\/ictdf.synergyecosys.io\/?p=477","url":"https:\/\/ictdf.synergyecosys.io\/?p=477","name":"Broncopneumonia: O que \u00e9 e por que preocupa no caso de Bolsonaro - ICTDF","isPartOf":{"@id":"https:\/\/ictdf.synergyecosys.io\/#website"},"primaryImageOfPage":{"@id":"https:\/\/ictdf.synergyecosys.io\/?p=477#primaryimage"},"image":{"@id":"https:\/\/ictdf.synergyecosys.io\/?p=477#primaryimage"},"thumbnailUrl":"https:\/\/ictdf.synergyecosys.io\/wp-content\/uploads\/2026\/03\/imagem-Broncopneumonia-Entenda-o-Quadro-que-Internou-Bolsonaro.png","datePublished":"2026-03-13T19:33:14+00:00","breadcrumb":{"@id":"https:\/\/ictdf.synergyecosys.io\/?p=477#breadcrumb"},"inLanguage":"pt-BR","potentialAction":[{"@type":"ReadAction","target":["https:\/\/ictdf.synergyecosys.io\/?p=477"]}]},{"@type":"ImageObject","inLanguage":"pt-BR","@id":"https:\/\/ictdf.synergyecosys.io\/?p=477#primaryimage","url":"https:\/\/ictdf.synergyecosys.io\/wp-content\/uploads\/2026\/03\/imagem-Broncopneumonia-Entenda-o-Quadro-que-Internou-Bolsonaro.png","contentUrl":"https:\/\/ictdf.synergyecosys.io\/wp-content\/uploads\/2026\/03\/imagem-Broncopneumonia-Entenda-o-Quadro-que-Internou-Bolsonaro.png","width":1696,"height":960},{"@type":"BreadcrumbList","@id":"https:\/\/ictdf.synergyecosys.io\/?p=477#breadcrumb","itemListElement":[{"@type":"ListItem","position":1,"name":"In\u00edcio","item":"https:\/\/ictdf.synergyecosys.io\/"},{"@type":"ListItem","position":2,"name":"Broncopneumonia: O que \u00e9 e por que preocupa no caso de Bolsonaro"}]},{"@type":"WebSite","@id":"https:\/\/ictdf.synergyecosys.io\/#website","url":"https:\/\/ictdf.synergyecosys.io\/","name":"ICTDF","description":"","publisher":{"@id":"https:\/\/ictdf.synergyecosys.io\/#organization"},"potentialAction":[{"@type":"SearchAction","target":{"@type":"EntryPoint","urlTemplate":"https:\/\/ictdf.synergyecosys.io\/?s={search_term_string}"},"query-input":{"@type":"PropertyValueSpecification","valueRequired":true,"valueName":"search_term_string"}}],"inLanguage":"pt-BR"},{"@type":"Organization","@id":"https:\/\/ictdf.synergyecosys.io\/#organization","name":"ICTDF","url":"https:\/\/ictdf.synergyecosys.io\/","logo":{"@type":"ImageObject","inLanguage":"pt-BR","@id":"https:\/\/ictdf.synergyecosys.io\/#\/schema\/logo\/image\/","url":"https:\/\/ictdf.synergyecosys.io\/wp-content\/uploads\/2026\/02\/cropped-cropped-ICTDF_logo_transparente.png","contentUrl":"https:\/\/ictdf.synergyecosys.io\/wp-content\/uploads\/2026\/02\/cropped-cropped-ICTDF_logo_transparente.png","width":450,"height":141,"caption":"ICTDF"},"image":{"@id":"https:\/\/ictdf.synergyecosys.io\/#\/schema\/logo\/image\/"}},{"@type":"Person","@id":"https:\/\/ictdf.synergyecosys.io\/#\/schema\/person\/0b4488974b7b485188c0c01cb9f95b21","name":"admin","image":{"@type":"ImageObject","inLanguage":"pt-BR","@id":"https:\/\/ictdf.synergyecosys.io\/#\/schema\/person\/image\/","url":"https:\/\/secure.gravatar.com\/avatar\/ee6b87b4bde4f4817334740781bdb6e270748065085879a5aa2018d8006922fa?s=96&d=mm&r=g","contentUrl":"https:\/\/secure.gravatar.com\/avatar\/ee6b87b4bde4f4817334740781bdb6e270748065085879a5aa2018d8006922fa?s=96&d=mm&r=g","caption":"admin"},"sameAs":["https:\/\/ictdf.synergyecosys.io"],"url":"https:\/\/ictdf.synergyecosys.io\/?author=1"}]}},"_links":{"self":[{"href":"https:\/\/ictdf.synergyecosys.io\/index.php?rest_route=\/wp\/v2\/posts\/477","targetHints":{"allow":["GET"]}}],"collection":[{"href":"https:\/\/ictdf.synergyecosys.io\/index.php?rest_route=\/wp\/v2\/posts"}],"about":[{"href":"https:\/\/ictdf.synergyecosys.io\/index.php?rest_route=\/wp\/v2\/types\/post"}],"author":[{"embeddable":true,"href":"https:\/\/ictdf.synergyecosys.io\/index.php?rest_route=\/wp\/v2\/users\/1"}],"replies":[{"embeddable":true,"href":"https:\/\/ictdf.synergyecosys.io\/index.php?rest_route=%2Fwp%2Fv2%2Fcomments&post=477"}],"version-history":[{"count":0,"href":"https:\/\/ictdf.synergyecosys.io\/index.php?rest_route=\/wp\/v2\/posts\/477\/revisions"}],"wp:featuredmedia":[{"embeddable":true,"href":"https:\/\/ictdf.synergyecosys.io\/index.php?rest_route=\/wp\/v2\/media\/476"}],"wp:attachment":[{"href":"https:\/\/ictdf.synergyecosys.io\/index.php?rest_route=%2Fwp%2Fv2%2Fmedia&parent=477"}],"wp:term":[{"taxonomy":"category","embeddable":true,"href":"https:\/\/ictdf.synergyecosys.io\/index.php?rest_route=%2Fwp%2Fv2%2Fcategories&post=477"},{"taxonomy":"post_tag","embeddable":true,"href":"https:\/\/ictdf.synergyecosys.io\/index.php?rest_route=%2Fwp%2Fv2%2Ftags&post=477"}],"curies":[{"name":"wp","href":"https:\/\/api.w.org\/{rel}","templated":true}]}}