{"id":475,"date":"2026-03-13T15:33:23","date_gmt":"2026-03-13T18:33:23","guid":{"rendered":"https:\/\/ictdf.synergyecosys.io\/?p=475"},"modified":"2026-03-13T15:33:23","modified_gmt":"2026-03-13T18:33:23","slug":"hospital-do-andarai-ganha-setor-de-trauma-e-area-de-clinica-medica","status":"publish","type":"post","link":"https:\/\/ictdf.synergyecosys.io\/?p=475","title":{"rendered":"Hospital do Andara\u00ed Ganha Setor de Trauma e \u00c1rea de Cl\u00ednica M\u00e9dica"},"content":{"rendered":"<p>Voc\u00ea j\u00e1 ouviu falar do Hospital Federal do Andara\u00ed? Essa unidade importante da Fiocruz, no Rio de Janeiro, acaba de dar um grande passo para melhorar o atendimento aos pacientes. Recentemente, o hospital inaugurou um novo setor de trauma e ampliou sua \u00e1rea de cl\u00ednica m\u00e9dica. Isso significa mais capacidade para tratar emerg\u00eancias graves e doen\u00e7as comuns de forma mais eficiente.<\/p>\n<p>Na minha an\u00e1lise como especialista em sa\u00fade p\u00fablica, essa expans\u00e3o \u00e9 um al\u00edvio para a popula\u00e7\u00e3o da Zona Norte do Rio, que muitas vezes enfrenta longas filas e falta de vagas em servi\u00e7os especializados.<\/p>\n<h2>Por Que Essa Expans\u00e3o \u00c9 T\u00e3o Importante Agora?<\/h2>\n<p>O Hospital do Andara\u00ed atende milhares de pessoas todos os meses, focando em pneumologia e outras especialidades. Com o crescimento da demanda por cuidados de emerg\u00eancia, especialmente ap\u00f3s a pandemia, adicionar um setor de trauma era essencial. Um <strong>setor de trauma<\/strong>, que na pr\u00e1tica \u00e9 uma unidade especializada em les\u00f5es corporais graves como fraturas, hemorragias e acidentes de tr\u00e2nsito, permite interven\u00e7\u00f5es r\u00e1pidas e salva vidas.<\/p>\n<p>Al\u00e9m disso, a amplia\u00e7\u00e3o da \u00e1rea de <strong>cl\u00ednica m\u00e9dica<\/strong> \u2013 o departamento que cuida de condi\u00e7\u00f5es como infec\u00e7\u00f5es, diabetes e problemas card\u00edacos sem necessidade imediata de cirurgia \u2013 vai ajudar a reduzir o tempo de espera para consultas e interna\u00e7\u00f5es.<\/p>\n<h3>O Que Muda no Atendimento Di\u00e1rio<\/h3>\n<p>Para os pacientes, isso se traduz em menos deslocamentos para outros hospitais e um servi\u00e7o mais integrado. Eu percebo que, em regi\u00f5es como Andara\u00ed e bairros vizinhos, o acesso a trauma centers era limitado, o que aumentava os riscos em casos urgentes.<\/p>\n<h2>Os Impactos Pr\u00e1ticos para a Popula\u00e7\u00e3o e o SUS<\/h2>\n<p>Essa novidade beneficia diretamente o Sistema \u00danico de Sa\u00fade (SUS), aliviando a press\u00e3o sobre outros centros. Para fam\u00edlias comuns, significa que um acidente dom\u00e9stico ou uma queda pode ser tratado localmente, sem o estresse de transfer\u00eancias.<\/p>\n<p>Empresas e a sociedade como um todo ganham com uma popula\u00e7\u00e3o mais saud\u00e1vel, reduzindo aus\u00eancias no trabalho por motivos de sa\u00fade. De acordo com dados da Fiocruz, investimentos como esse podem diminuir em at\u00e9 20% as complica\u00e7\u00f5es em traumas n\u00e3o atendidos a tempo.<\/p>\n<ul>\n<li>Melhor resposta a emerg\u00eancias urbanas, como acidentes de moto comuns no Rio.<\/li>\n<li>Amplia\u00e7\u00e3o de leitos para interna\u00e7\u00f5es m\u00e9dicas rotineiras.<\/li>\n<li>Forma\u00e7\u00e3o de equipes multidisciplinares para cuidados integrais.<\/li>\n<\/ul>\n<h2>Olhando para o Futuro: Tend\u00eancias e Recomenda\u00e7\u00f5es<\/h2>\n<p>Olhando adiante, espero que essa expans\u00e3o inspire outras unidades hospitalares a investirem em especialidades semelhantes. A tend\u00eancia \u00e9 de mais integra\u00e7\u00e3o entre hospitais federais e municipais, criando redes de atendimento mais robustas.<\/p>\n<p>Minha recomenda\u00e7\u00e3o? Acompanhe as atualiza\u00e7\u00f5es do hospital e, se poss\u00edvel, apoie campanhas de doa\u00e7\u00e3o ou voluntariado. Ficar informado sobre esses avan\u00e7os ajuda todos n\u00f3s a usarmos melhor o sistema de sa\u00fade.<\/p>\n<h2>Reflex\u00f5es Finais Sobre Essa Conquista<\/h2>\n<p>Em resumo, o Hospital do Andara\u00ed ganhando setor de trauma e \u00e1rea de cl\u00ednica m\u00e9dica \u00e9 um marco para a sa\u00fade p\u00fablica brasileira. \u00c9 um lembrete de que, com planejamento e investimento, podemos tornar o atendimento mais humano e acess\u00edvel. O que voc\u00ea acha dessa mudan\u00e7a? Compartilhe nos coment\u00e1rios!<\/p>\n","protected":false},"excerpt":{"rendered":"<p>Descubra como o Hospital do Andara\u00ed no Rio de Janeiro est\u00e1 se expandindo com um novo setor de trauma e \u00e1rea de cl\u00ednica m\u00e9dica, melhorando o atendimento \u00e0 sa\u00fade p\u00fablica. Saiba mais sobre os benef\u00edcios!<\/p>\n","protected":false},"author":1,"featured_media":474,"comment_status":"open","ping_status":"open","sticky":false,"template":"","format":"standard","meta":{"_acf_changed":false,"_eb_attr":"","footnotes":"","_wpscppro_dont_share_socialmedia":false,"_wpscppro_custom_social_share_image":0,"_facebook_share_type":"","_twitter_share_type":"","_linkedin_share_type":"","_pinterest_share_type":"","_linkedin_share_type_page":"","_instagram_share_type":"","_medium_share_type":"","_threads_share_type":"","_google_business_share_type":"","_selected_social_profile":[],"_wpsp_enable_custom_social_template":false,"_wpsp_social_scheduling":{"enabled":false,"datetime":null,"platforms":[],"status":"template_only","dateOption":"today","timeOption":"now","customDays":"","customHours":"","customDate":"","customTime":"","schedulingType":"absolute"},"_wpsp_active_default_template":true},"categories":[3],"tags":[],"class_list":["post-475","post","type-post","status-publish","format-standard","has-post-thumbnail","hentry","category-bem-estar"],"acf":[],"yoast_head":"<!-- This site is optimized with the Yoast SEO plugin v26.9 - https:\/\/yoast.com\/product\/yoast-seo-wordpress\/ -->\n<title>Hospital do Andara\u00ed Ganha Setor de Trauma e \u00c1rea de Cl\u00ednica M\u00e9dica - ICTDF<\/title>\n<meta name=\"robots\" content=\"index, follow, max-snippet:-1, max-image-preview:large, max-video-preview:-1\" \/>\n<link rel=\"canonical\" href=\"https:\/\/ictdf.synergyecosys.io\/?p=475\" \/>\n<meta property=\"og:locale\" content=\"pt_BR\" \/>\n<meta property=\"og:type\" content=\"article\" \/>\n<meta property=\"og:title\" content=\"Hospital do Andara\u00ed Ganha Setor de Trauma e \u00c1rea de Cl\u00ednica M\u00e9dica - ICTDF\" \/>\n<meta property=\"og:description\" content=\"Descubra como o Hospital do Andara\u00ed no Rio de Janeiro est\u00e1 se expandindo com um novo setor de trauma e \u00e1rea de cl\u00ednica m\u00e9dica, melhorando o atendimento \u00e0 sa\u00fade p\u00fablica. Saiba mais sobre os benef\u00edcios!\" \/>\n<meta property=\"og:url\" content=\"https:\/\/ictdf.synergyecosys.io\/?p=475\" \/>\n<meta property=\"og:site_name\" content=\"ICTDF\" \/>\n<meta property=\"article:published_time\" content=\"2026-03-13T18:33:23+00:00\" \/>\n<meta name=\"author\" content=\"admin\" \/>\n<meta name=\"twitter:card\" content=\"summary_large_image\" \/>\n<meta name=\"twitter:label1\" content=\"Escrito por\" \/>\n\t<meta name=\"twitter:data1\" content=\"admin\" \/>\n\t<meta name=\"twitter:label2\" content=\"Est. tempo de leitura\" \/>\n\t<meta name=\"twitter:data2\" content=\"3 minutos\" \/>\n<script type=\"application\/ld+json\" class=\"yoast-schema-graph\">{\"@context\":\"https:\/\/schema.org\",\"@graph\":[{\"@type\":\"Article\",\"@id\":\"https:\/\/ictdf.synergyecosys.io\/?p=475#article\",\"isPartOf\":{\"@id\":\"https:\/\/ictdf.synergyecosys.io\/?p=475\"},\"author\":{\"name\":\"admin\",\"@id\":\"https:\/\/ictdf.synergyecosys.io\/#\/schema\/person\/0b4488974b7b485188c0c01cb9f95b21\"},\"headline\":\"Hospital do Andara\u00ed Ganha Setor de Trauma e \u00c1rea de Cl\u00ednica M\u00e9dica\",\"datePublished\":\"2026-03-13T18:33:23+00:00\",\"mainEntityOfPage\":{\"@id\":\"https:\/\/ictdf.synergyecosys.io\/?p=475\"},\"wordCount\":568,\"commentCount\":0,\"publisher\":{\"@id\":\"https:\/\/ictdf.synergyecosys.io\/#organization\"},\"image\":{\"@id\":\"https:\/\/ictdf.synergyecosys.io\/?p=475#primaryimage\"},\"thumbnailUrl\":\"https:\/\/ictdf.synergyecosys.io\/wp-content\/uploads\/2026\/03\/imagem-Hospital-do-Andaray-Ganha-Setor-de-Trauma-e-Clynica-Mydica.png\",\"articleSection\":[\"Bem-estar\"],\"inLanguage\":\"pt-BR\",\"potentialAction\":[{\"@type\":\"CommentAction\",\"name\":\"Comment\",\"target\":[\"https:\/\/ictdf.synergyecosys.io\/?p=475#respond\"]}]},{\"@type\":\"WebPage\",\"@id\":\"https:\/\/ictdf.synergyecosys.io\/?p=475\",\"url\":\"https:\/\/ictdf.synergyecosys.io\/?p=475\",\"name\":\"Hospital do Andara\u00ed Ganha Setor de Trauma e \u00c1rea de Cl\u00ednica M\u00e9dica - ICTDF\",\"isPartOf\":{\"@id\":\"https:\/\/ictdf.synergyecosys.io\/#website\"},\"primaryImageOfPage\":{\"@id\":\"https:\/\/ictdf.synergyecosys.io\/?p=475#primaryimage\"},\"image\":{\"@id\":\"https:\/\/ictdf.synergyecosys.io\/?p=475#primaryimage\"},\"thumbnailUrl\":\"https:\/\/ictdf.synergyecosys.io\/wp-content\/uploads\/2026\/03\/imagem-Hospital-do-Andaray-Ganha-Setor-de-Trauma-e-Clynica-Mydica.png\",\"datePublished\":\"2026-03-13T18:33:23+00:00\",\"breadcrumb\":{\"@id\":\"https:\/\/ictdf.synergyecosys.io\/?p=475#breadcrumb\"},\"inLanguage\":\"pt-BR\",\"potentialAction\":[{\"@type\":\"ReadAction\",\"target\":[\"https:\/\/ictdf.synergyecosys.io\/?p=475\"]}]},{\"@type\":\"ImageObject\",\"inLanguage\":\"pt-BR\",\"@id\":\"https:\/\/ictdf.synergyecosys.io\/?p=475#primaryimage\",\"url\":\"https:\/\/ictdf.synergyecosys.io\/wp-content\/uploads\/2026\/03\/imagem-Hospital-do-Andaray-Ganha-Setor-de-Trauma-e-Clynica-Mydica.png\",\"contentUrl\":\"https:\/\/ictdf.synergyecosys.io\/wp-content\/uploads\/2026\/03\/imagem-Hospital-do-Andaray-Ganha-Setor-de-Trauma-e-Clynica-Mydica.png\",\"width\":1696,\"height\":960},{\"@type\":\"BreadcrumbList\",\"@id\":\"https:\/\/ictdf.synergyecosys.io\/?p=475#breadcrumb\",\"itemListElement\":[{\"@type\":\"ListItem\",\"position\":1,\"name\":\"In\u00edcio\",\"item\":\"https:\/\/ictdf.synergyecosys.io\/\"},{\"@type\":\"ListItem\",\"position\":2,\"name\":\"Hospital do Andara\u00ed Ganha Setor de Trauma e \u00c1rea de Cl\u00ednica M\u00e9dica\"}]},{\"@type\":\"WebSite\",\"@id\":\"https:\/\/ictdf.synergyecosys.io\/#website\",\"url\":\"https:\/\/ictdf.synergyecosys.io\/\",\"name\":\"ICTDF\",\"description\":\"\",\"publisher\":{\"@id\":\"https:\/\/ictdf.synergyecosys.io\/#organization\"},\"potentialAction\":[{\"@type\":\"SearchAction\",\"target\":{\"@type\":\"EntryPoint\",\"urlTemplate\":\"https:\/\/ictdf.synergyecosys.io\/?s={search_term_string}\"},\"query-input\":{\"@type\":\"PropertyValueSpecification\",\"valueRequired\":true,\"valueName\":\"search_term_string\"}}],\"inLanguage\":\"pt-BR\"},{\"@type\":\"Organization\",\"@id\":\"https:\/\/ictdf.synergyecosys.io\/#organization\",\"name\":\"ICTDF\",\"url\":\"https:\/\/ictdf.synergyecosys.io\/\",\"logo\":{\"@type\":\"ImageObject\",\"inLanguage\":\"pt-BR\",\"@id\":\"https:\/\/ictdf.synergyecosys.io\/#\/schema\/logo\/image\/\",\"url\":\"https:\/\/ictdf.synergyecosys.io\/wp-content\/uploads\/2026\/02\/cropped-cropped-ICTDF_logo_transparente.png\",\"contentUrl\":\"https:\/\/ictdf.synergyecosys.io\/wp-content\/uploads\/2026\/02\/cropped-cropped-ICTDF_logo_transparente.png\",\"width\":450,\"height\":141,\"caption\":\"ICTDF\"},\"image\":{\"@id\":\"https:\/\/ictdf.synergyecosys.io\/#\/schema\/logo\/image\/\"}},{\"@type\":\"Person\",\"@id\":\"https:\/\/ictdf.synergyecosys.io\/#\/schema\/person\/0b4488974b7b485188c0c01cb9f95b21\",\"name\":\"admin\",\"image\":{\"@type\":\"ImageObject\",\"inLanguage\":\"pt-BR\",\"@id\":\"https:\/\/ictdf.synergyecosys.io\/#\/schema\/person\/image\/\",\"url\":\"https:\/\/secure.gravatar.com\/avatar\/ee6b87b4bde4f4817334740781bdb6e270748065085879a5aa2018d8006922fa?s=96&d=mm&r=g\",\"contentUrl\":\"https:\/\/secure.gravatar.com\/avatar\/ee6b87b4bde4f4817334740781bdb6e270748065085879a5aa2018d8006922fa?s=96&d=mm&r=g\",\"caption\":\"admin\"},\"sameAs\":[\"https:\/\/ictdf.synergyecosys.io\"],\"url\":\"https:\/\/ictdf.synergyecosys.io\/?author=1\"}]}<\/script>\n<!-- \/ Yoast SEO plugin. -->","yoast_head_json":{"title":"Hospital do Andara\u00ed Ganha Setor de Trauma e \u00c1rea de Cl\u00ednica M\u00e9dica - ICTDF","robots":{"index":"index","follow":"follow","max-snippet":"max-snippet:-1","max-image-preview":"max-image-preview:large","max-video-preview":"max-video-preview:-1"},"canonical":"https:\/\/ictdf.synergyecosys.io\/?p=475","og_locale":"pt_BR","og_type":"article","og_title":"Hospital do Andara\u00ed Ganha Setor de Trauma e \u00c1rea de Cl\u00ednica M\u00e9dica - ICTDF","og_description":"Descubra como o Hospital do Andara\u00ed no Rio de Janeiro est\u00e1 se expandindo com um novo setor de trauma e \u00e1rea de cl\u00ednica m\u00e9dica, melhorando o atendimento \u00e0 sa\u00fade p\u00fablica. Saiba mais sobre os benef\u00edcios!","og_url":"https:\/\/ictdf.synergyecosys.io\/?p=475","og_site_name":"ICTDF","article_published_time":"2026-03-13T18:33:23+00:00","author":"admin","twitter_card":"summary_large_image","twitter_misc":{"Escrito por":"admin","Est. tempo de leitura":"3 minutos"},"schema":{"@context":"https:\/\/schema.org","@graph":[{"@type":"Article","@id":"https:\/\/ictdf.synergyecosys.io\/?p=475#article","isPartOf":{"@id":"https:\/\/ictdf.synergyecosys.io\/?p=475"},"author":{"name":"admin","@id":"https:\/\/ictdf.synergyecosys.io\/#\/schema\/person\/0b4488974b7b485188c0c01cb9f95b21"},"headline":"Hospital do Andara\u00ed Ganha Setor de Trauma e \u00c1rea de Cl\u00ednica M\u00e9dica","datePublished":"2026-03-13T18:33:23+00:00","mainEntityOfPage":{"@id":"https:\/\/ictdf.synergyecosys.io\/?p=475"},"wordCount":568,"commentCount":0,"publisher":{"@id":"https:\/\/ictdf.synergyecosys.io\/#organization"},"image":{"@id":"https:\/\/ictdf.synergyecosys.io\/?p=475#primaryimage"},"thumbnailUrl":"https:\/\/ictdf.synergyecosys.io\/wp-content\/uploads\/2026\/03\/imagem-Hospital-do-Andaray-Ganha-Setor-de-Trauma-e-Clynica-Mydica.png","articleSection":["Bem-estar"],"inLanguage":"pt-BR","potentialAction":[{"@type":"CommentAction","name":"Comment","target":["https:\/\/ictdf.synergyecosys.io\/?p=475#respond"]}]},{"@type":"WebPage","@id":"https:\/\/ictdf.synergyecosys.io\/?p=475","url":"https:\/\/ictdf.synergyecosys.io\/?p=475","name":"Hospital do Andara\u00ed Ganha Setor de Trauma e \u00c1rea de Cl\u00ednica M\u00e9dica - ICTDF","isPartOf":{"@id":"https:\/\/ictdf.synergyecosys.io\/#website"},"primaryImageOfPage":{"@id":"https:\/\/ictdf.synergyecosys.io\/?p=475#primaryimage"},"image":{"@id":"https:\/\/ictdf.synergyecosys.io\/?p=475#primaryimage"},"thumbnailUrl":"https:\/\/ictdf.synergyecosys.io\/wp-content\/uploads\/2026\/03\/imagem-Hospital-do-Andaray-Ganha-Setor-de-Trauma-e-Clynica-Mydica.png","datePublished":"2026-03-13T18:33:23+00:00","breadcrumb":{"@id":"https:\/\/ictdf.synergyecosys.io\/?p=475#breadcrumb"},"inLanguage":"pt-BR","potentialAction":[{"@type":"ReadAction","target":["https:\/\/ictdf.synergyecosys.io\/?p=475"]}]},{"@type":"ImageObject","inLanguage":"pt-BR","@id":"https:\/\/ictdf.synergyecosys.io\/?p=475#primaryimage","url":"https:\/\/ictdf.synergyecosys.io\/wp-content\/uploads\/2026\/03\/imagem-Hospital-do-Andaray-Ganha-Setor-de-Trauma-e-Clynica-Mydica.png","contentUrl":"https:\/\/ictdf.synergyecosys.io\/wp-content\/uploads\/2026\/03\/imagem-Hospital-do-Andaray-Ganha-Setor-de-Trauma-e-Clynica-Mydica.png","width":1696,"height":960},{"@type":"BreadcrumbList","@id":"https:\/\/ictdf.synergyecosys.io\/?p=475#breadcrumb","itemListElement":[{"@type":"ListItem","position":1,"name":"In\u00edcio","item":"https:\/\/ictdf.synergyecosys.io\/"},{"@type":"ListItem","position":2,"name":"Hospital do Andara\u00ed Ganha Setor de Trauma e \u00c1rea de Cl\u00ednica M\u00e9dica"}]},{"@type":"WebSite","@id":"https:\/\/ictdf.synergyecosys.io\/#website","url":"https:\/\/ictdf.synergyecosys.io\/","name":"ICTDF","description":"","publisher":{"@id":"https:\/\/ictdf.synergyecosys.io\/#organization"},"potentialAction":[{"@type":"SearchAction","target":{"@type":"EntryPoint","urlTemplate":"https:\/\/ictdf.synergyecosys.io\/?s={search_term_string}"},"query-input":{"@type":"PropertyValueSpecification","valueRequired":true,"valueName":"search_term_string"}}],"inLanguage":"pt-BR"},{"@type":"Organization","@id":"https:\/\/ictdf.synergyecosys.io\/#organization","name":"ICTDF","url":"https:\/\/ictdf.synergyecosys.io\/","logo":{"@type":"ImageObject","inLanguage":"pt-BR","@id":"https:\/\/ictdf.synergyecosys.io\/#\/schema\/logo\/image\/","url":"https:\/\/ictdf.synergyecosys.io\/wp-content\/uploads\/2026\/02\/cropped-cropped-ICTDF_logo_transparente.png","contentUrl":"https:\/\/ictdf.synergyecosys.io\/wp-content\/uploads\/2026\/02\/cropped-cropped-ICTDF_logo_transparente.png","width":450,"height":141,"caption":"ICTDF"},"image":{"@id":"https:\/\/ictdf.synergyecosys.io\/#\/schema\/logo\/image\/"}},{"@type":"Person","@id":"https:\/\/ictdf.synergyecosys.io\/#\/schema\/person\/0b4488974b7b485188c0c01cb9f95b21","name":"admin","image":{"@type":"ImageObject","inLanguage":"pt-BR","@id":"https:\/\/ictdf.synergyecosys.io\/#\/schema\/person\/image\/","url":"https:\/\/secure.gravatar.com\/avatar\/ee6b87b4bde4f4817334740781bdb6e270748065085879a5aa2018d8006922fa?s=96&d=mm&r=g","contentUrl":"https:\/\/secure.gravatar.com\/avatar\/ee6b87b4bde4f4817334740781bdb6e270748065085879a5aa2018d8006922fa?s=96&d=mm&r=g","caption":"admin"},"sameAs":["https:\/\/ictdf.synergyecosys.io"],"url":"https:\/\/ictdf.synergyecosys.io\/?author=1"}]}},"_links":{"self":[{"href":"https:\/\/ictdf.synergyecosys.io\/index.php?rest_route=\/wp\/v2\/posts\/475","targetHints":{"allow":["GET"]}}],"collection":[{"href":"https:\/\/ictdf.synergyecosys.io\/index.php?rest_route=\/wp\/v2\/posts"}],"about":[{"href":"https:\/\/ictdf.synergyecosys.io\/index.php?rest_route=\/wp\/v2\/types\/post"}],"author":[{"embeddable":true,"href":"https:\/\/ictdf.synergyecosys.io\/index.php?rest_route=\/wp\/v2\/users\/1"}],"replies":[{"embeddable":true,"href":"https:\/\/ictdf.synergyecosys.io\/index.php?rest_route=%2Fwp%2Fv2%2Fcomments&post=475"}],"version-history":[{"count":0,"href":"https:\/\/ictdf.synergyecosys.io\/index.php?rest_route=\/wp\/v2\/posts\/475\/revisions"}],"wp:featuredmedia":[{"embeddable":true,"href":"https:\/\/ictdf.synergyecosys.io\/index.php?rest_route=\/wp\/v2\/media\/474"}],"wp:attachment":[{"href":"https:\/\/ictdf.synergyecosys.io\/index.php?rest_route=%2Fwp%2Fv2%2Fmedia&parent=475"}],"wp:term":[{"taxonomy":"category","embeddable":true,"href":"https:\/\/ictdf.synergyecosys.io\/index.php?rest_route=%2Fwp%2Fv2%2Fcategories&post=475"},{"taxonomy":"post_tag","embeddable":true,"href":"https:\/\/ictdf.synergyecosys.io\/index.php?rest_route=%2Fwp%2Fv2%2Ftags&post=475"}],"curies":[{"name":"wp","href":"https:\/\/api.w.org\/{rel}","templated":true}]}}