{"id":471,"date":"2026-03-13T03:32:19","date_gmt":"2026-03-13T06:32:19","guid":{"rendered":"https:\/\/ictdf.synergyecosys.io\/?p=471"},"modified":"2026-03-13T03:32:19","modified_gmt":"2026-03-13T06:32:19","slug":"alzheimer-por-que-tambem-e-uma-doenca-vascular","status":"publish","type":"post","link":"https:\/\/ictdf.synergyecosys.io\/?p=471","title":{"rendered":"Alzheimer: Por Que Tamb\u00e9m \u00c9 Uma Doen\u00e7a Vascular?"},"content":{"rendered":"<p>Voc\u00ea j\u00e1 parou para pensar que o Alzheimer, essa doen\u00e7a que afeta milh\u00f5es de idosos ao redor do mundo, pode ter mais do que apenas causas neurol\u00f3gicas? Na minha an\u00e1lise de estudos recentes, percebi que h\u00e1 uma forte liga\u00e7\u00e3o com problemas vasculares, ou seja, relacionados aos vasos sangu\u00edneos do c\u00e9rebro. Isso muda completamente a forma como entendemos e prevenimos a doen\u00e7a.<\/p>\n<p>Imagine o c\u00e9rebro como uma rede complexa de estradas: se os vasos sangu\u00edneos entopem ou se danificam, o tr\u00e1fego de nutrientes e oxig\u00eanio para as c\u00e9lulas cerebrais \u00e9 interrompido, acelerando o decl\u00ednio cognitivo. \u00c9 isso que estamos vendo no Alzheimer vascular. Vamos explorar isso de forma simples e direta.<\/p>\n<h2>A Conex\u00e3o Entre Alzheimer e os Vasos Sangu\u00edneos<\/h2>\n<p>O termo <strong>Alzheimer vascular<\/strong> refere-se \u00e0 ideia de que danos nos vasos sangu\u00edneos do c\u00e9rebro contribuem significativamente para o desenvolvimento da doen\u00e7a. Na pr\u00e1tica, isso significa que condi\u00e7\u00f5es como hipertens\u00e3o, diabetes e colesterol alto podem piorar ou at\u00e9 iniciar o processo de Alzheimer.<\/p>\n<p>Estudos mostram que at\u00e9 80% dos casos de Alzheimer apresentam algum componente vascular. N\u00e3o \u00e9 \u00e0 toa que controlar a press\u00e3o arterial \u00e9 uma das recomenda\u00e7\u00f5es principais para idosos. Eu vejo isso como uma ponte entre o que ach\u00e1vamos ser puramente gen\u00e9tico e fatores do dia a dia que podemos modificar.<\/p>\n<h3>Fatores de Risco Vascular no Alzheimer<\/h3>\n<p>Os principais vil\u00f5es aqui s\u00e3o:<\/p>\n<ul>\n<li><strong>Hipertens\u00e3o arterial<\/strong>: A press\u00e3o alta danifica as art\u00e9rias cerebrais ao longo dos anos.<\/li>\n<li><strong>Diabetes<\/strong>: Afeta o fluxo sangu\u00edneo e causa inflama\u00e7\u00e3o.<\/li>\n<li><strong>Fumar<\/strong>: Acelera o envelhecimento vascular.<\/li>\n<li><strong>Sedentarismo<\/strong>: Reduz a circula\u00e7\u00e3o eficiente no c\u00e9rebro.<\/li>\n<\/ul>\n<p>Esses elementos criam um ambiente onde as placas amiloides, t\u00edpicas do Alzheimer, se acumulam mais facilmente.<\/p>\n<h2>Como Isso Afeta a Vida Cotidiana<\/h2>\n<p>No dia a dia, essa face vascular do Alzheimer se manifesta de formas sutis no in\u00edcio. Esquecimentos leves podem ser o primeiro sinal, mas acompanhados de fadiga ou problemas de equil\u00edbrio, que apontam para quest\u00f5es circulat\u00f3rias.<\/p>\n<p>Para fam\u00edlias, o impacto \u00e9 enorme: cuidadores precisam lidar n\u00e3o s\u00f3 com a perda de mem\u00f3ria, mas tamb\u00e9m com complica\u00e7\u00f5es como derrames menores. Economicamente, o custo global do Alzheimer ultrapassa trilh\u00f5es, e entender o lado vascular pode reduzir isso com preven\u00e7\u00f5es simples.<\/p>\n<p>Empresas de sa\u00fade est\u00e3o investindo em programas que combinam controle vascular com testes cognitivos, o que eu acho uma abordagem inteligente para o futuro.<\/p>\n<h2>Prevenindo o Alzheimer Vascular: Caminhos Pr\u00e1ticos<\/h2>\n<p>A boa not\u00edcia \u00e9 que, ao contr\u00e1rio da parte neurodegenerativa, o componente vascular \u00e9 mais control\u00e1vel. Recomendo come\u00e7ar com h\u00e1bitos b\u00e1sicos: dieta mediterr\u00e2nea rica em frutas, vegetais e peixes para manter os vasos saud\u00e1veis; exerc\u00edcios regulares, como caminhadas de 30 minutos por dia; e monitoramento anual da press\u00e3o e glicose.<\/p>\n<p>Tend\u00eancias futuras incluem medicamentos que atacam tanto as placas quanto os vasos, e pesquisas com IA para detectar riscos precocemente. Na minha opini\u00e3o, integrar isso \u00e0 rotina pode estender anos de qualidade de vida.<\/p>\n<h3>Dicas para Incorporar no Seu Dia a Dia<\/h3>\n<ol>\n<li>Me\u00e7a sua press\u00e3o semanalmente.<\/li>\n<li>Evite sal excessivo e prefira alimentos integrais.<\/li>\n<li>Participe de atividades sociais para estimular o c\u00e9rebro e o cora\u00e7\u00e3o.<\/li>\n<\/ol>\n<p>Essas pequenas mudan\u00e7as fazem a diferen\u00e7a, especialmente ap\u00f3s os 50 anos.<\/p>\n<h2>Reflex\u00f5es Finais Sobre o Alzheimer Vascular<\/h2>\n<p>Em resumo, ver o Alzheimer tamb\u00e9m como uma doen\u00e7a vascular nos empodera. N\u00e3o \u00e9 s\u00f3 esperar o inevit\u00e1vel; \u00e9 agir nos fatores que controlamos. Se voc\u00ea ou um ente querido mostram sinais, consulte um m\u00e9dico para uma avalia\u00e7\u00e3o completa. Juntos, podemos mudar o curso dessa epidemia silenciosa e promover c\u00e9rebros mais saud\u00e1veis para todos.<\/p>\n","protected":false},"excerpt":{"rendered":"<p>O Alzheimer n\u00e3o \u00e9 s\u00f3 neurodegenerativo; ele tamb\u00e9m tem ra\u00edzes vasculares. Descubra os fatores de risco, sintomas e como prevenir essa conex\u00e3o vital para a sa\u00fade cerebral. Leia e proteja seu c\u00e9rebro!<\/p>\n","protected":false},"author":1,"featured_media":470,"comment_status":"open","ping_status":"open","sticky":false,"template":"","format":"standard","meta":{"_acf_changed":false,"_eb_attr":"","footnotes":"","_wpscppro_dont_share_socialmedia":false,"_wpscppro_custom_social_share_image":0,"_facebook_share_type":"","_twitter_share_type":"","_linkedin_share_type":"","_pinterest_share_type":"","_linkedin_share_type_page":"","_instagram_share_type":"","_medium_share_type":"","_threads_share_type":"","_google_business_share_type":"","_selected_social_profile":[],"_wpsp_enable_custom_social_template":false,"_wpsp_social_scheduling":{"enabled":false,"datetime":null,"platforms":[],"status":"template_only","dateOption":"today","timeOption":"now","customDays":"","customHours":"","customDate":"","customTime":"","schedulingType":"absolute"},"_wpsp_active_default_template":true},"categories":[3],"tags":[],"class_list":["post-471","post","type-post","status-publish","format-standard","has-post-thumbnail","hentry","category-bem-estar"],"acf":[],"yoast_head":"<!-- This site is optimized with the Yoast SEO plugin v26.9 - https:\/\/yoast.com\/product\/yoast-seo-wordpress\/ -->\n<title>Alzheimer: Por Que Tamb\u00e9m \u00c9 Uma Doen\u00e7a Vascular? - ICTDF<\/title>\n<meta name=\"robots\" content=\"index, follow, max-snippet:-1, max-image-preview:large, max-video-preview:-1\" \/>\n<link rel=\"canonical\" href=\"https:\/\/ictdf.synergyecosys.io\/?p=471\" \/>\n<meta property=\"og:locale\" content=\"pt_BR\" \/>\n<meta property=\"og:type\" content=\"article\" \/>\n<meta property=\"og:title\" content=\"Alzheimer: Por Que Tamb\u00e9m \u00c9 Uma Doen\u00e7a Vascular? - ICTDF\" \/>\n<meta property=\"og:description\" content=\"O Alzheimer n\u00e3o \u00e9 s\u00f3 neurodegenerativo; ele tamb\u00e9m tem ra\u00edzes vasculares. Descubra os fatores de risco, sintomas e como prevenir essa conex\u00e3o vital para a sa\u00fade cerebral. Leia e proteja seu c\u00e9rebro!\" \/>\n<meta property=\"og:url\" content=\"https:\/\/ictdf.synergyecosys.io\/?p=471\" \/>\n<meta property=\"og:site_name\" content=\"ICTDF\" \/>\n<meta property=\"article:published_time\" content=\"2026-03-13T06:32:19+00:00\" \/>\n<meta name=\"author\" content=\"admin\" \/>\n<meta name=\"twitter:card\" content=\"summary_large_image\" \/>\n<meta name=\"twitter:label1\" content=\"Escrito por\" \/>\n\t<meta name=\"twitter:data1\" content=\"admin\" \/>\n\t<meta name=\"twitter:label2\" content=\"Est. tempo de leitura\" \/>\n\t<meta name=\"twitter:data2\" content=\"3 minutos\" \/>\n<script type=\"application\/ld+json\" class=\"yoast-schema-graph\">{\"@context\":\"https:\/\/schema.org\",\"@graph\":[{\"@type\":\"Article\",\"@id\":\"https:\/\/ictdf.synergyecosys.io\/?p=471#article\",\"isPartOf\":{\"@id\":\"https:\/\/ictdf.synergyecosys.io\/?p=471\"},\"author\":{\"name\":\"admin\",\"@id\":\"https:\/\/ictdf.synergyecosys.io\/#\/schema\/person\/0b4488974b7b485188c0c01cb9f95b21\"},\"headline\":\"Alzheimer: Por Que Tamb\u00e9m \u00c9 Uma Doen\u00e7a Vascular?\",\"datePublished\":\"2026-03-13T06:32:19+00:00\",\"mainEntityOfPage\":{\"@id\":\"https:\/\/ictdf.synergyecosys.io\/?p=471\"},\"wordCount\":644,\"commentCount\":0,\"publisher\":{\"@id\":\"https:\/\/ictdf.synergyecosys.io\/#organization\"},\"image\":{\"@id\":\"https:\/\/ictdf.synergyecosys.io\/?p=471#primaryimage\"},\"thumbnailUrl\":\"https:\/\/ictdf.synergyecosys.io\/wp-content\/uploads\/2026\/03\/imagem-Alzheimer-Tambym-y-Doenya-Vascular-Entenda-Agora.png\",\"articleSection\":[\"Bem-estar\"],\"inLanguage\":\"pt-BR\",\"potentialAction\":[{\"@type\":\"CommentAction\",\"name\":\"Comment\",\"target\":[\"https:\/\/ictdf.synergyecosys.io\/?p=471#respond\"]}]},{\"@type\":\"WebPage\",\"@id\":\"https:\/\/ictdf.synergyecosys.io\/?p=471\",\"url\":\"https:\/\/ictdf.synergyecosys.io\/?p=471\",\"name\":\"Alzheimer: Por Que Tamb\u00e9m \u00c9 Uma Doen\u00e7a Vascular? - ICTDF\",\"isPartOf\":{\"@id\":\"https:\/\/ictdf.synergyecosys.io\/#website\"},\"primaryImageOfPage\":{\"@id\":\"https:\/\/ictdf.synergyecosys.io\/?p=471#primaryimage\"},\"image\":{\"@id\":\"https:\/\/ictdf.synergyecosys.io\/?p=471#primaryimage\"},\"thumbnailUrl\":\"https:\/\/ictdf.synergyecosys.io\/wp-content\/uploads\/2026\/03\/imagem-Alzheimer-Tambym-y-Doenya-Vascular-Entenda-Agora.png\",\"datePublished\":\"2026-03-13T06:32:19+00:00\",\"breadcrumb\":{\"@id\":\"https:\/\/ictdf.synergyecosys.io\/?p=471#breadcrumb\"},\"inLanguage\":\"pt-BR\",\"potentialAction\":[{\"@type\":\"ReadAction\",\"target\":[\"https:\/\/ictdf.synergyecosys.io\/?p=471\"]}]},{\"@type\":\"ImageObject\",\"inLanguage\":\"pt-BR\",\"@id\":\"https:\/\/ictdf.synergyecosys.io\/?p=471#primaryimage\",\"url\":\"https:\/\/ictdf.synergyecosys.io\/wp-content\/uploads\/2026\/03\/imagem-Alzheimer-Tambym-y-Doenya-Vascular-Entenda-Agora.png\",\"contentUrl\":\"https:\/\/ictdf.synergyecosys.io\/wp-content\/uploads\/2026\/03\/imagem-Alzheimer-Tambym-y-Doenya-Vascular-Entenda-Agora.png\",\"width\":1696,\"height\":960},{\"@type\":\"BreadcrumbList\",\"@id\":\"https:\/\/ictdf.synergyecosys.io\/?p=471#breadcrumb\",\"itemListElement\":[{\"@type\":\"ListItem\",\"position\":1,\"name\":\"In\u00edcio\",\"item\":\"https:\/\/ictdf.synergyecosys.io\/\"},{\"@type\":\"ListItem\",\"position\":2,\"name\":\"Alzheimer: Por Que Tamb\u00e9m \u00c9 Uma Doen\u00e7a Vascular?\"}]},{\"@type\":\"WebSite\",\"@id\":\"https:\/\/ictdf.synergyecosys.io\/#website\",\"url\":\"https:\/\/ictdf.synergyecosys.io\/\",\"name\":\"ICTDF\",\"description\":\"\",\"publisher\":{\"@id\":\"https:\/\/ictdf.synergyecosys.io\/#organization\"},\"potentialAction\":[{\"@type\":\"SearchAction\",\"target\":{\"@type\":\"EntryPoint\",\"urlTemplate\":\"https:\/\/ictdf.synergyecosys.io\/?s={search_term_string}\"},\"query-input\":{\"@type\":\"PropertyValueSpecification\",\"valueRequired\":true,\"valueName\":\"search_term_string\"}}],\"inLanguage\":\"pt-BR\"},{\"@type\":\"Organization\",\"@id\":\"https:\/\/ictdf.synergyecosys.io\/#organization\",\"name\":\"ICTDF\",\"url\":\"https:\/\/ictdf.synergyecosys.io\/\",\"logo\":{\"@type\":\"ImageObject\",\"inLanguage\":\"pt-BR\",\"@id\":\"https:\/\/ictdf.synergyecosys.io\/#\/schema\/logo\/image\/\",\"url\":\"https:\/\/ictdf.synergyecosys.io\/wp-content\/uploads\/2026\/02\/cropped-cropped-ICTDF_logo_transparente.png\",\"contentUrl\":\"https:\/\/ictdf.synergyecosys.io\/wp-content\/uploads\/2026\/02\/cropped-cropped-ICTDF_logo_transparente.png\",\"width\":450,\"height\":141,\"caption\":\"ICTDF\"},\"image\":{\"@id\":\"https:\/\/ictdf.synergyecosys.io\/#\/schema\/logo\/image\/\"}},{\"@type\":\"Person\",\"@id\":\"https:\/\/ictdf.synergyecosys.io\/#\/schema\/person\/0b4488974b7b485188c0c01cb9f95b21\",\"name\":\"admin\",\"image\":{\"@type\":\"ImageObject\",\"inLanguage\":\"pt-BR\",\"@id\":\"https:\/\/ictdf.synergyecosys.io\/#\/schema\/person\/image\/\",\"url\":\"https:\/\/secure.gravatar.com\/avatar\/ee6b87b4bde4f4817334740781bdb6e270748065085879a5aa2018d8006922fa?s=96&d=mm&r=g\",\"contentUrl\":\"https:\/\/secure.gravatar.com\/avatar\/ee6b87b4bde4f4817334740781bdb6e270748065085879a5aa2018d8006922fa?s=96&d=mm&r=g\",\"caption\":\"admin\"},\"sameAs\":[\"https:\/\/ictdf.synergyecosys.io\"],\"url\":\"https:\/\/ictdf.synergyecosys.io\/?author=1\"}]}<\/script>\n<!-- \/ Yoast SEO plugin. -->","yoast_head_json":{"title":"Alzheimer: Por Que Tamb\u00e9m \u00c9 Uma Doen\u00e7a Vascular? - ICTDF","robots":{"index":"index","follow":"follow","max-snippet":"max-snippet:-1","max-image-preview":"max-image-preview:large","max-video-preview":"max-video-preview:-1"},"canonical":"https:\/\/ictdf.synergyecosys.io\/?p=471","og_locale":"pt_BR","og_type":"article","og_title":"Alzheimer: Por Que Tamb\u00e9m \u00c9 Uma Doen\u00e7a Vascular? - ICTDF","og_description":"O Alzheimer n\u00e3o \u00e9 s\u00f3 neurodegenerativo; ele tamb\u00e9m tem ra\u00edzes vasculares. Descubra os fatores de risco, sintomas e como prevenir essa conex\u00e3o vital para a sa\u00fade cerebral. Leia e proteja seu c\u00e9rebro!","og_url":"https:\/\/ictdf.synergyecosys.io\/?p=471","og_site_name":"ICTDF","article_published_time":"2026-03-13T06:32:19+00:00","author":"admin","twitter_card":"summary_large_image","twitter_misc":{"Escrito por":"admin","Est. tempo de leitura":"3 minutos"},"schema":{"@context":"https:\/\/schema.org","@graph":[{"@type":"Article","@id":"https:\/\/ictdf.synergyecosys.io\/?p=471#article","isPartOf":{"@id":"https:\/\/ictdf.synergyecosys.io\/?p=471"},"author":{"name":"admin","@id":"https:\/\/ictdf.synergyecosys.io\/#\/schema\/person\/0b4488974b7b485188c0c01cb9f95b21"},"headline":"Alzheimer: Por Que Tamb\u00e9m \u00c9 Uma Doen\u00e7a Vascular?","datePublished":"2026-03-13T06:32:19+00:00","mainEntityOfPage":{"@id":"https:\/\/ictdf.synergyecosys.io\/?p=471"},"wordCount":644,"commentCount":0,"publisher":{"@id":"https:\/\/ictdf.synergyecosys.io\/#organization"},"image":{"@id":"https:\/\/ictdf.synergyecosys.io\/?p=471#primaryimage"},"thumbnailUrl":"https:\/\/ictdf.synergyecosys.io\/wp-content\/uploads\/2026\/03\/imagem-Alzheimer-Tambym-y-Doenya-Vascular-Entenda-Agora.png","articleSection":["Bem-estar"],"inLanguage":"pt-BR","potentialAction":[{"@type":"CommentAction","name":"Comment","target":["https:\/\/ictdf.synergyecosys.io\/?p=471#respond"]}]},{"@type":"WebPage","@id":"https:\/\/ictdf.synergyecosys.io\/?p=471","url":"https:\/\/ictdf.synergyecosys.io\/?p=471","name":"Alzheimer: Por Que Tamb\u00e9m \u00c9 Uma Doen\u00e7a Vascular? - ICTDF","isPartOf":{"@id":"https:\/\/ictdf.synergyecosys.io\/#website"},"primaryImageOfPage":{"@id":"https:\/\/ictdf.synergyecosys.io\/?p=471#primaryimage"},"image":{"@id":"https:\/\/ictdf.synergyecosys.io\/?p=471#primaryimage"},"thumbnailUrl":"https:\/\/ictdf.synergyecosys.io\/wp-content\/uploads\/2026\/03\/imagem-Alzheimer-Tambym-y-Doenya-Vascular-Entenda-Agora.png","datePublished":"2026-03-13T06:32:19+00:00","breadcrumb":{"@id":"https:\/\/ictdf.synergyecosys.io\/?p=471#breadcrumb"},"inLanguage":"pt-BR","potentialAction":[{"@type":"ReadAction","target":["https:\/\/ictdf.synergyecosys.io\/?p=471"]}]},{"@type":"ImageObject","inLanguage":"pt-BR","@id":"https:\/\/ictdf.synergyecosys.io\/?p=471#primaryimage","url":"https:\/\/ictdf.synergyecosys.io\/wp-content\/uploads\/2026\/03\/imagem-Alzheimer-Tambym-y-Doenya-Vascular-Entenda-Agora.png","contentUrl":"https:\/\/ictdf.synergyecosys.io\/wp-content\/uploads\/2026\/03\/imagem-Alzheimer-Tambym-y-Doenya-Vascular-Entenda-Agora.png","width":1696,"height":960},{"@type":"BreadcrumbList","@id":"https:\/\/ictdf.synergyecosys.io\/?p=471#breadcrumb","itemListElement":[{"@type":"ListItem","position":1,"name":"In\u00edcio","item":"https:\/\/ictdf.synergyecosys.io\/"},{"@type":"ListItem","position":2,"name":"Alzheimer: Por Que Tamb\u00e9m \u00c9 Uma Doen\u00e7a Vascular?"}]},{"@type":"WebSite","@id":"https:\/\/ictdf.synergyecosys.io\/#website","url":"https:\/\/ictdf.synergyecosys.io\/","name":"ICTDF","description":"","publisher":{"@id":"https:\/\/ictdf.synergyecosys.io\/#organization"},"potentialAction":[{"@type":"SearchAction","target":{"@type":"EntryPoint","urlTemplate":"https:\/\/ictdf.synergyecosys.io\/?s={search_term_string}"},"query-input":{"@type":"PropertyValueSpecification","valueRequired":true,"valueName":"search_term_string"}}],"inLanguage":"pt-BR"},{"@type":"Organization","@id":"https:\/\/ictdf.synergyecosys.io\/#organization","name":"ICTDF","url":"https:\/\/ictdf.synergyecosys.io\/","logo":{"@type":"ImageObject","inLanguage":"pt-BR","@id":"https:\/\/ictdf.synergyecosys.io\/#\/schema\/logo\/image\/","url":"https:\/\/ictdf.synergyecosys.io\/wp-content\/uploads\/2026\/02\/cropped-cropped-ICTDF_logo_transparente.png","contentUrl":"https:\/\/ictdf.synergyecosys.io\/wp-content\/uploads\/2026\/02\/cropped-cropped-ICTDF_logo_transparente.png","width":450,"height":141,"caption":"ICTDF"},"image":{"@id":"https:\/\/ictdf.synergyecosys.io\/#\/schema\/logo\/image\/"}},{"@type":"Person","@id":"https:\/\/ictdf.synergyecosys.io\/#\/schema\/person\/0b4488974b7b485188c0c01cb9f95b21","name":"admin","image":{"@type":"ImageObject","inLanguage":"pt-BR","@id":"https:\/\/ictdf.synergyecosys.io\/#\/schema\/person\/image\/","url":"https:\/\/secure.gravatar.com\/avatar\/ee6b87b4bde4f4817334740781bdb6e270748065085879a5aa2018d8006922fa?s=96&d=mm&r=g","contentUrl":"https:\/\/secure.gravatar.com\/avatar\/ee6b87b4bde4f4817334740781bdb6e270748065085879a5aa2018d8006922fa?s=96&d=mm&r=g","caption":"admin"},"sameAs":["https:\/\/ictdf.synergyecosys.io"],"url":"https:\/\/ictdf.synergyecosys.io\/?author=1"}]}},"_links":{"self":[{"href":"https:\/\/ictdf.synergyecosys.io\/index.php?rest_route=\/wp\/v2\/posts\/471","targetHints":{"allow":["GET"]}}],"collection":[{"href":"https:\/\/ictdf.synergyecosys.io\/index.php?rest_route=\/wp\/v2\/posts"}],"about":[{"href":"https:\/\/ictdf.synergyecosys.io\/index.php?rest_route=\/wp\/v2\/types\/post"}],"author":[{"embeddable":true,"href":"https:\/\/ictdf.synergyecosys.io\/index.php?rest_route=\/wp\/v2\/users\/1"}],"replies":[{"embeddable":true,"href":"https:\/\/ictdf.synergyecosys.io\/index.php?rest_route=%2Fwp%2Fv2%2Fcomments&post=471"}],"version-history":[{"count":0,"href":"https:\/\/ictdf.synergyecosys.io\/index.php?rest_route=\/wp\/v2\/posts\/471\/revisions"}],"wp:featuredmedia":[{"embeddable":true,"href":"https:\/\/ictdf.synergyecosys.io\/index.php?rest_route=\/wp\/v2\/media\/470"}],"wp:attachment":[{"href":"https:\/\/ictdf.synergyecosys.io\/index.php?rest_route=%2Fwp%2Fv2%2Fmedia&parent=471"}],"wp:term":[{"taxonomy":"category","embeddable":true,"href":"https:\/\/ictdf.synergyecosys.io\/index.php?rest_route=%2Fwp%2Fv2%2Fcategories&post=471"},{"taxonomy":"post_tag","embeddable":true,"href":"https:\/\/ictdf.synergyecosys.io\/index.php?rest_route=%2Fwp%2Fv2%2Ftags&post=471"}],"curies":[{"name":"wp","href":"https:\/\/api.w.org\/{rel}","templated":true}]}}