{"id":467,"date":"2026-03-12T22:32:27","date_gmt":"2026-03-13T01:32:27","guid":{"rendered":"https:\/\/ictdf.synergyecosys.io\/?p=467"},"modified":"2026-03-12T22:32:27","modified_gmt":"2026-03-13T01:32:27","slug":"carlos-alberto-de-nobrega-se-recupera-de-pneumonia-aos-90-anos-riscos-para-idosos","status":"publish","type":"post","link":"https:\/\/ictdf.synergyecosys.io\/?p=467","title":{"rendered":"Carlos Alberto de N\u00f3brega se Recupera de Pneumonia aos 90 Anos: Riscos para Idosos"},"content":{"rendered":"<p>Recentemente, o mundo do humor brasileiro ficou aliviado ao saber que Carlos Alberto de N\u00f3brega, um dos maiores \u00edcones da TV nacional, est\u00e1 se recuperando de um quadro de pneumonia aos 90 anos. Como f\u00e3 de longa data de programas como <em>A Pra\u00e7a \u00e9 Nossa<\/em>, eu me preocupei bastante com a not\u00edcia. Mas essa situa\u00e7\u00e3o nos lembra da import\u00e2ncia de cuidar da sa\u00fade respirat\u00f3ria, especialmente na terceira idade.<\/p>\n<p>Neste artigo, vamos explorar o caso dele de forma simples e did\u00e1tica, explicando o que \u00e9 pneumonia e por que ela representa um risco maior para idosos. Ao final, voc\u00ea vai entender como prevenir e o que fazer se algo assim acontecer com algu\u00e9m pr\u00f3ximo.<\/p>\n<h2>Quem \u00e9 Carlos Alberto de N\u00f3brega e sua Trajet\u00f3ria na TV<\/h2>\n<p>Carlos Alberto de N\u00f3brega nasceu em 1936, no Rio de Janeiro, e \u00e9 filho do lend\u00e1rio comediante Manuel de N\u00f3brega. Formado em Direito pela Universidade Federal do Rio de Janeiro, ele optou pela carreira art\u00edstica, tornando-se roteirista, ator e apresentador. Desde 1987, ele comanda <strong>A Pra\u00e7a \u00e9 Nossa<\/strong> no SBT, um programa de humor que j\u00e1 dura mais de 35 anos e \u00e9 um cl\u00e1ssico da televis\u00e3o brasileira.<\/p>\n<p>Sua carreira inclui roteiros para sucessos como <em>Os Trapalh\u00f5es<\/em> e <em>Fam\u00edlia Trapo<\/em>. Aos 88 anos \u2013 embora a not\u00edcia mencione 90, celebrando sua longevidade \u2013, ele continua ativo, mostrando resili\u00eancia. Na minha an\u00e1lise, sua dedica\u00e7\u00e3o ao trabalho inspira muitos, mas tamb\u00e9m destaca a necessidade de pausas para a sa\u00fade.<\/p>\n<h2>O Que \u00e9 Pneumonia e Como Ela Afeta o Corpo<\/h2>\n<p>Pneumonia \u00e9 uma inflama\u00e7\u00e3o nos pulm\u00f5es, especificamente nos alv\u00e9olos, que s\u00e3o os pequenos sacos de ar respons\u00e1veis pela troca de oxig\u00eanio. Na pr\u00e1tica, isso significa que o pulm\u00e3o fica cheio de pus ou fluido, dificultando a respira\u00e7\u00e3o. Geralmente causada por bact\u00e9rias, v\u00edrus ou fungos, ela pode ser comunit\u00e1ria (pega no dia a dia) ou hospitalar.<\/p>\n<p>Eu pesquisei na Wikip\u00e9dia para confirmar: os sintomas incluem tosse com catarro, febre, dor no peito e falta de ar. Em casos graves, pode levar a complica\u00e7\u00f5es como septicemia. Para idosos como Carlos Alberto, o corpo j\u00e1 enfraquecido pelo tempo torna a recupera\u00e7\u00e3o mais desafiadora.<\/p>\n<h3>Sintomas Mais Comuns e Quando Suspeitar<\/h3>\n<p>Nos idosos, os sinais nem sempre s\u00e3o \u00f3bvios. Em vez de febre alta, pode haver confus\u00e3o mental ou fraqueza extrema. Outros alertas incluem respira\u00e7\u00e3o r\u00e1pida e cansa\u00e7o ao m\u00ednimo esfor\u00e7o. Se voc\u00ea notar isso em um familiar idoso, especialmente no inverno, procure ajuda m\u00e9dica imediatamente.<\/p>\n<h2>Por Que os Idosos S\u00e3o Mais Vulner\u00e1veis \u00e0 Pneumonia<\/h2>\n<p>Com o envelhecimento, o sistema imunol\u00f3gico perde for\u00e7a, e os pulm\u00f5es n\u00e3o limpam t\u00e3o bem as secre\u00e7\u00f5es. Doen\u00e7as cr\u00f4nicas como diabetes, cora\u00e7\u00e3o fraco ou DPOC (Doen\u00e7a Pulmonar Obstrutiva Cr\u00f4nica) agravam o risco. Fumar no passado ou pouca atividade f\u00edsica tamb\u00e9m contam.<\/p>\n<p>No caso de Carlos Alberto, sua idade avan\u00e7ada e possivelmente o estresse da rotina televisiva podem ter contribu\u00eddo. Estat\u00edsticas mostram que pneumonia \u00e9 uma das principais causas de morte em maiores de 65 anos, matando milh\u00f5es globalmente. Mas com tratamento precoce, a maioria se recupera, como ele est\u00e1 fazendo.<\/p>\n<ul>\n<li>Fatores de risco: Idade acima de 65, imunossupress\u00e3o, tabagismo.<\/li>\n<li>Impacto: Hospitaliza\u00e7\u00f5es frequentes e tempo de recupera\u00e7\u00e3o longo.<\/li>\n<li>Consequ\u00eancias: Pode levar a insufici\u00eancia respirat\u00f3ria ou infec\u00e7\u00f5es secund\u00e1rias.<\/li>\n<\/ul>\n<h2>Preven\u00e7\u00e3o e Tratamento: Dicas Pr\u00e1ticas para Idosos<\/h2>\n<p>A boa not\u00edcia \u00e9 que pneumonia pode ser prevenida. Vacinas contra pneumococo e influenza s\u00e3o essenciais para idosos. Mantenha as m\u00e3os limpas, evite aglomera\u00e7\u00f5es em \u00e9pocas de gripe e incentive exerc\u00edcios leves, como caminhadas.<\/p>\n<p>Para tratamento, antibi\u00f3ticos s\u00e3o o padr\u00e3o para casos bacterianos, al\u00e9m de oxig\u00eanio e repouso. Em idosos, o monitoramento \u00e9 crucial para evitar complica\u00e7\u00f5es. Na minha opini\u00e3o, hist\u00f3rias como a de Carlos Alberto nos motivam a priorizar check-ups anuais.<\/p>\n<h3>Recomenda\u00e7\u00f5es Di\u00e1rias para uma Vida Saud\u00e1vel<\/h3>\n<p>Inclua uma dieta rica em frutas e vegetais para fortalecer a imunidade. Hidrate-se bem e, se poss\u00edvel, pratique respira\u00e7\u00e3o profunda. Para quem cuida de idosos, fique atento a mudan\u00e7as sutis no comportamento.<\/p>\n<ol>\n<li>Vacine-se anualmente contra gripe.<\/li>\n<li>Fa\u00e7a exames preventivos nos pulm\u00f5es.<\/li>\n<li>Evite exposi\u00e7\u00e3o a poluentes.<\/li>\n<\/ol>\n<h2>Reflex\u00f5es Finais: Li\u00e7\u00f5es da Recupera\u00e7\u00e3o de Carlos Alberto<\/h2>\n<p>A recupera\u00e7\u00e3o de Carlos Alberto de N\u00f3brega nos mostra que, com cuidados m\u00e9dicos adequados, \u00e9 poss\u00edvel superar desafios mesmo na idade avan\u00e7ada. Esse caso destaca os riscos da pneumonia em idosos, mas tamb\u00e9m a import\u00e2ncia da preven\u00e7\u00e3o. Vamos valorizar \u00edcones como ele, torcendo por sua sa\u00fade plena. Se voc\u00ea tem um idoso na fam\u00edlia, converse sobre vacina\u00e7\u00e3o hoje mesmo \u2013 pode salvar vidas.<\/p>\n","protected":false},"excerpt":{"rendered":"<p>Descubra como Carlos Alberto de N\u00f3brega, aos 90 anos, est\u00e1 se recuperando de pneumonia. Entenda os riscos para idosos e dicas de preven\u00e7\u00e3o para uma vida mais saud\u00e1vel.<\/p>\n","protected":false},"author":1,"featured_media":466,"comment_status":"open","ping_status":"open","sticky":false,"template":"","format":"standard","meta":{"_acf_changed":false,"_eb_attr":"","footnotes":"","_wpscppro_dont_share_socialmedia":false,"_wpscppro_custom_social_share_image":0,"_facebook_share_type":"","_twitter_share_type":"","_linkedin_share_type":"","_pinterest_share_type":"","_linkedin_share_type_page":"","_instagram_share_type":"","_medium_share_type":"","_threads_share_type":"","_google_business_share_type":"","_selected_social_profile":[],"_wpsp_enable_custom_social_template":false,"_wpsp_social_scheduling":{"enabled":false,"datetime":null,"platforms":[],"status":"template_only","dateOption":"today","timeOption":"now","customDays":"","customHours":"","customDate":"","customTime":"","schedulingType":"absolute"},"_wpsp_active_default_template":true},"categories":[3],"tags":[],"class_list":["post-467","post","type-post","status-publish","format-standard","has-post-thumbnail","hentry","category-bem-estar"],"acf":[],"yoast_head":"<!-- This site is optimized with the Yoast SEO plugin v26.9 - https:\/\/yoast.com\/product\/yoast-seo-wordpress\/ -->\n<title>Carlos Alberto de N\u00f3brega se Recupera de Pneumonia aos 90 Anos: Riscos para Idosos - ICTDF<\/title>\n<meta name=\"robots\" content=\"index, follow, max-snippet:-1, max-image-preview:large, max-video-preview:-1\" \/>\n<link rel=\"canonical\" href=\"https:\/\/ictdf.synergyecosys.io\/?p=467\" \/>\n<meta property=\"og:locale\" content=\"pt_BR\" \/>\n<meta property=\"og:type\" content=\"article\" \/>\n<meta property=\"og:title\" content=\"Carlos Alberto de N\u00f3brega se Recupera de Pneumonia aos 90 Anos: Riscos para Idosos - ICTDF\" \/>\n<meta property=\"og:description\" content=\"Descubra como Carlos Alberto de N\u00f3brega, aos 90 anos, est\u00e1 se recuperando de pneumonia. Entenda os riscos para idosos e dicas de preven\u00e7\u00e3o para uma vida mais saud\u00e1vel.\" \/>\n<meta property=\"og:url\" content=\"https:\/\/ictdf.synergyecosys.io\/?p=467\" \/>\n<meta property=\"og:site_name\" content=\"ICTDF\" \/>\n<meta property=\"article:published_time\" content=\"2026-03-13T01:32:27+00:00\" \/>\n<meta name=\"author\" content=\"admin\" \/>\n<meta name=\"twitter:card\" content=\"summary_large_image\" \/>\n<meta name=\"twitter:label1\" content=\"Escrito por\" \/>\n\t<meta name=\"twitter:data1\" content=\"admin\" \/>\n\t<meta name=\"twitter:label2\" content=\"Est. tempo de leitura\" \/>\n\t<meta name=\"twitter:data2\" content=\"4 minutos\" \/>\n<script type=\"application\/ld+json\" class=\"yoast-schema-graph\">{\"@context\":\"https:\/\/schema.org\",\"@graph\":[{\"@type\":\"Article\",\"@id\":\"https:\/\/ictdf.synergyecosys.io\/?p=467#article\",\"isPartOf\":{\"@id\":\"https:\/\/ictdf.synergyecosys.io\/?p=467\"},\"author\":{\"name\":\"admin\",\"@id\":\"https:\/\/ictdf.synergyecosys.io\/#\/schema\/person\/0b4488974b7b485188c0c01cb9f95b21\"},\"headline\":\"Carlos Alberto de N\u00f3brega se Recupera de Pneumonia aos 90 Anos: Riscos para Idosos\",\"datePublished\":\"2026-03-13T01:32:27+00:00\",\"mainEntityOfPage\":{\"@id\":\"https:\/\/ictdf.synergyecosys.io\/?p=467\"},\"wordCount\":833,\"commentCount\":0,\"publisher\":{\"@id\":\"https:\/\/ictdf.synergyecosys.io\/#organization\"},\"image\":{\"@id\":\"https:\/\/ictdf.synergyecosys.io\/?p=467#primaryimage\"},\"thumbnailUrl\":\"https:\/\/ictdf.synergyecosys.io\/wp-content\/uploads\/2026\/03\/imagem-Carlos-Alberto-de-Nybrega-se-recupera-de-pneumonia-aos-90.png\",\"articleSection\":[\"Bem-estar\"],\"inLanguage\":\"pt-BR\",\"potentialAction\":[{\"@type\":\"CommentAction\",\"name\":\"Comment\",\"target\":[\"https:\/\/ictdf.synergyecosys.io\/?p=467#respond\"]}]},{\"@type\":\"WebPage\",\"@id\":\"https:\/\/ictdf.synergyecosys.io\/?p=467\",\"url\":\"https:\/\/ictdf.synergyecosys.io\/?p=467\",\"name\":\"Carlos Alberto de N\u00f3brega se Recupera de Pneumonia aos 90 Anos: Riscos para Idosos - ICTDF\",\"isPartOf\":{\"@id\":\"https:\/\/ictdf.synergyecosys.io\/#website\"},\"primaryImageOfPage\":{\"@id\":\"https:\/\/ictdf.synergyecosys.io\/?p=467#primaryimage\"},\"image\":{\"@id\":\"https:\/\/ictdf.synergyecosys.io\/?p=467#primaryimage\"},\"thumbnailUrl\":\"https:\/\/ictdf.synergyecosys.io\/wp-content\/uploads\/2026\/03\/imagem-Carlos-Alberto-de-Nybrega-se-recupera-de-pneumonia-aos-90.png\",\"datePublished\":\"2026-03-13T01:32:27+00:00\",\"breadcrumb\":{\"@id\":\"https:\/\/ictdf.synergyecosys.io\/?p=467#breadcrumb\"},\"inLanguage\":\"pt-BR\",\"potentialAction\":[{\"@type\":\"ReadAction\",\"target\":[\"https:\/\/ictdf.synergyecosys.io\/?p=467\"]}]},{\"@type\":\"ImageObject\",\"inLanguage\":\"pt-BR\",\"@id\":\"https:\/\/ictdf.synergyecosys.io\/?p=467#primaryimage\",\"url\":\"https:\/\/ictdf.synergyecosys.io\/wp-content\/uploads\/2026\/03\/imagem-Carlos-Alberto-de-Nybrega-se-recupera-de-pneumonia-aos-90.png\",\"contentUrl\":\"https:\/\/ictdf.synergyecosys.io\/wp-content\/uploads\/2026\/03\/imagem-Carlos-Alberto-de-Nybrega-se-recupera-de-pneumonia-aos-90.png\",\"width\":1696,\"height\":960},{\"@type\":\"BreadcrumbList\",\"@id\":\"https:\/\/ictdf.synergyecosys.io\/?p=467#breadcrumb\",\"itemListElement\":[{\"@type\":\"ListItem\",\"position\":1,\"name\":\"In\u00edcio\",\"item\":\"https:\/\/ictdf.synergyecosys.io\/\"},{\"@type\":\"ListItem\",\"position\":2,\"name\":\"Carlos Alberto de N\u00f3brega se Recupera de Pneumonia aos 90 Anos: Riscos para Idosos\"}]},{\"@type\":\"WebSite\",\"@id\":\"https:\/\/ictdf.synergyecosys.io\/#website\",\"url\":\"https:\/\/ictdf.synergyecosys.io\/\",\"name\":\"ICTDF\",\"description\":\"\",\"publisher\":{\"@id\":\"https:\/\/ictdf.synergyecosys.io\/#organization\"},\"potentialAction\":[{\"@type\":\"SearchAction\",\"target\":{\"@type\":\"EntryPoint\",\"urlTemplate\":\"https:\/\/ictdf.synergyecosys.io\/?s={search_term_string}\"},\"query-input\":{\"@type\":\"PropertyValueSpecification\",\"valueRequired\":true,\"valueName\":\"search_term_string\"}}],\"inLanguage\":\"pt-BR\"},{\"@type\":\"Organization\",\"@id\":\"https:\/\/ictdf.synergyecosys.io\/#organization\",\"name\":\"ICTDF\",\"url\":\"https:\/\/ictdf.synergyecosys.io\/\",\"logo\":{\"@type\":\"ImageObject\",\"inLanguage\":\"pt-BR\",\"@id\":\"https:\/\/ictdf.synergyecosys.io\/#\/schema\/logo\/image\/\",\"url\":\"https:\/\/ictdf.synergyecosys.io\/wp-content\/uploads\/2026\/02\/cropped-cropped-ICTDF_logo_transparente.png\",\"contentUrl\":\"https:\/\/ictdf.synergyecosys.io\/wp-content\/uploads\/2026\/02\/cropped-cropped-ICTDF_logo_transparente.png\",\"width\":450,\"height\":141,\"caption\":\"ICTDF\"},\"image\":{\"@id\":\"https:\/\/ictdf.synergyecosys.io\/#\/schema\/logo\/image\/\"}},{\"@type\":\"Person\",\"@id\":\"https:\/\/ictdf.synergyecosys.io\/#\/schema\/person\/0b4488974b7b485188c0c01cb9f95b21\",\"name\":\"admin\",\"image\":{\"@type\":\"ImageObject\",\"inLanguage\":\"pt-BR\",\"@id\":\"https:\/\/ictdf.synergyecosys.io\/#\/schema\/person\/image\/\",\"url\":\"https:\/\/secure.gravatar.com\/avatar\/ee6b87b4bde4f4817334740781bdb6e270748065085879a5aa2018d8006922fa?s=96&d=mm&r=g\",\"contentUrl\":\"https:\/\/secure.gravatar.com\/avatar\/ee6b87b4bde4f4817334740781bdb6e270748065085879a5aa2018d8006922fa?s=96&d=mm&r=g\",\"caption\":\"admin\"},\"sameAs\":[\"https:\/\/ictdf.synergyecosys.io\"],\"url\":\"https:\/\/ictdf.synergyecosys.io\/?author=1\"}]}<\/script>\n<!-- \/ Yoast SEO plugin. -->","yoast_head_json":{"title":"Carlos Alberto de N\u00f3brega se Recupera de Pneumonia aos 90 Anos: Riscos para Idosos - ICTDF","robots":{"index":"index","follow":"follow","max-snippet":"max-snippet:-1","max-image-preview":"max-image-preview:large","max-video-preview":"max-video-preview:-1"},"canonical":"https:\/\/ictdf.synergyecosys.io\/?p=467","og_locale":"pt_BR","og_type":"article","og_title":"Carlos Alberto de N\u00f3brega se Recupera de Pneumonia aos 90 Anos: Riscos para Idosos - ICTDF","og_description":"Descubra como Carlos Alberto de N\u00f3brega, aos 90 anos, est\u00e1 se recuperando de pneumonia. Entenda os riscos para idosos e dicas de preven\u00e7\u00e3o para uma vida mais saud\u00e1vel.","og_url":"https:\/\/ictdf.synergyecosys.io\/?p=467","og_site_name":"ICTDF","article_published_time":"2026-03-13T01:32:27+00:00","author":"admin","twitter_card":"summary_large_image","twitter_misc":{"Escrito por":"admin","Est. tempo de leitura":"4 minutos"},"schema":{"@context":"https:\/\/schema.org","@graph":[{"@type":"Article","@id":"https:\/\/ictdf.synergyecosys.io\/?p=467#article","isPartOf":{"@id":"https:\/\/ictdf.synergyecosys.io\/?p=467"},"author":{"name":"admin","@id":"https:\/\/ictdf.synergyecosys.io\/#\/schema\/person\/0b4488974b7b485188c0c01cb9f95b21"},"headline":"Carlos Alberto de N\u00f3brega se Recupera de Pneumonia aos 90 Anos: Riscos para Idosos","datePublished":"2026-03-13T01:32:27+00:00","mainEntityOfPage":{"@id":"https:\/\/ictdf.synergyecosys.io\/?p=467"},"wordCount":833,"commentCount":0,"publisher":{"@id":"https:\/\/ictdf.synergyecosys.io\/#organization"},"image":{"@id":"https:\/\/ictdf.synergyecosys.io\/?p=467#primaryimage"},"thumbnailUrl":"https:\/\/ictdf.synergyecosys.io\/wp-content\/uploads\/2026\/03\/imagem-Carlos-Alberto-de-Nybrega-se-recupera-de-pneumonia-aos-90.png","articleSection":["Bem-estar"],"inLanguage":"pt-BR","potentialAction":[{"@type":"CommentAction","name":"Comment","target":["https:\/\/ictdf.synergyecosys.io\/?p=467#respond"]}]},{"@type":"WebPage","@id":"https:\/\/ictdf.synergyecosys.io\/?p=467","url":"https:\/\/ictdf.synergyecosys.io\/?p=467","name":"Carlos Alberto de N\u00f3brega se Recupera de Pneumonia aos 90 Anos: Riscos para Idosos - ICTDF","isPartOf":{"@id":"https:\/\/ictdf.synergyecosys.io\/#website"},"primaryImageOfPage":{"@id":"https:\/\/ictdf.synergyecosys.io\/?p=467#primaryimage"},"image":{"@id":"https:\/\/ictdf.synergyecosys.io\/?p=467#primaryimage"},"thumbnailUrl":"https:\/\/ictdf.synergyecosys.io\/wp-content\/uploads\/2026\/03\/imagem-Carlos-Alberto-de-Nybrega-se-recupera-de-pneumonia-aos-90.png","datePublished":"2026-03-13T01:32:27+00:00","breadcrumb":{"@id":"https:\/\/ictdf.synergyecosys.io\/?p=467#breadcrumb"},"inLanguage":"pt-BR","potentialAction":[{"@type":"ReadAction","target":["https:\/\/ictdf.synergyecosys.io\/?p=467"]}]},{"@type":"ImageObject","inLanguage":"pt-BR","@id":"https:\/\/ictdf.synergyecosys.io\/?p=467#primaryimage","url":"https:\/\/ictdf.synergyecosys.io\/wp-content\/uploads\/2026\/03\/imagem-Carlos-Alberto-de-Nybrega-se-recupera-de-pneumonia-aos-90.png","contentUrl":"https:\/\/ictdf.synergyecosys.io\/wp-content\/uploads\/2026\/03\/imagem-Carlos-Alberto-de-Nybrega-se-recupera-de-pneumonia-aos-90.png","width":1696,"height":960},{"@type":"BreadcrumbList","@id":"https:\/\/ictdf.synergyecosys.io\/?p=467#breadcrumb","itemListElement":[{"@type":"ListItem","position":1,"name":"In\u00edcio","item":"https:\/\/ictdf.synergyecosys.io\/"},{"@type":"ListItem","position":2,"name":"Carlos Alberto de N\u00f3brega se Recupera de Pneumonia aos 90 Anos: Riscos para Idosos"}]},{"@type":"WebSite","@id":"https:\/\/ictdf.synergyecosys.io\/#website","url":"https:\/\/ictdf.synergyecosys.io\/","name":"ICTDF","description":"","publisher":{"@id":"https:\/\/ictdf.synergyecosys.io\/#organization"},"potentialAction":[{"@type":"SearchAction","target":{"@type":"EntryPoint","urlTemplate":"https:\/\/ictdf.synergyecosys.io\/?s={search_term_string}"},"query-input":{"@type":"PropertyValueSpecification","valueRequired":true,"valueName":"search_term_string"}}],"inLanguage":"pt-BR"},{"@type":"Organization","@id":"https:\/\/ictdf.synergyecosys.io\/#organization","name":"ICTDF","url":"https:\/\/ictdf.synergyecosys.io\/","logo":{"@type":"ImageObject","inLanguage":"pt-BR","@id":"https:\/\/ictdf.synergyecosys.io\/#\/schema\/logo\/image\/","url":"https:\/\/ictdf.synergyecosys.io\/wp-content\/uploads\/2026\/02\/cropped-cropped-ICTDF_logo_transparente.png","contentUrl":"https:\/\/ictdf.synergyecosys.io\/wp-content\/uploads\/2026\/02\/cropped-cropped-ICTDF_logo_transparente.png","width":450,"height":141,"caption":"ICTDF"},"image":{"@id":"https:\/\/ictdf.synergyecosys.io\/#\/schema\/logo\/image\/"}},{"@type":"Person","@id":"https:\/\/ictdf.synergyecosys.io\/#\/schema\/person\/0b4488974b7b485188c0c01cb9f95b21","name":"admin","image":{"@type":"ImageObject","inLanguage":"pt-BR","@id":"https:\/\/ictdf.synergyecosys.io\/#\/schema\/person\/image\/","url":"https:\/\/secure.gravatar.com\/avatar\/ee6b87b4bde4f4817334740781bdb6e270748065085879a5aa2018d8006922fa?s=96&d=mm&r=g","contentUrl":"https:\/\/secure.gravatar.com\/avatar\/ee6b87b4bde4f4817334740781bdb6e270748065085879a5aa2018d8006922fa?s=96&d=mm&r=g","caption":"admin"},"sameAs":["https:\/\/ictdf.synergyecosys.io"],"url":"https:\/\/ictdf.synergyecosys.io\/?author=1"}]}},"_links":{"self":[{"href":"https:\/\/ictdf.synergyecosys.io\/index.php?rest_route=\/wp\/v2\/posts\/467","targetHints":{"allow":["GET"]}}],"collection":[{"href":"https:\/\/ictdf.synergyecosys.io\/index.php?rest_route=\/wp\/v2\/posts"}],"about":[{"href":"https:\/\/ictdf.synergyecosys.io\/index.php?rest_route=\/wp\/v2\/types\/post"}],"author":[{"embeddable":true,"href":"https:\/\/ictdf.synergyecosys.io\/index.php?rest_route=\/wp\/v2\/users\/1"}],"replies":[{"embeddable":true,"href":"https:\/\/ictdf.synergyecosys.io\/index.php?rest_route=%2Fwp%2Fv2%2Fcomments&post=467"}],"version-history":[{"count":0,"href":"https:\/\/ictdf.synergyecosys.io\/index.php?rest_route=\/wp\/v2\/posts\/467\/revisions"}],"wp:featuredmedia":[{"embeddable":true,"href":"https:\/\/ictdf.synergyecosys.io\/index.php?rest_route=\/wp\/v2\/media\/466"}],"wp:attachment":[{"href":"https:\/\/ictdf.synergyecosys.io\/index.php?rest_route=%2Fwp%2Fv2%2Fmedia&parent=467"}],"wp:term":[{"taxonomy":"category","embeddable":true,"href":"https:\/\/ictdf.synergyecosys.io\/index.php?rest_route=%2Fwp%2Fv2%2Fcategories&post=467"},{"taxonomy":"post_tag","embeddable":true,"href":"https:\/\/ictdf.synergyecosys.io\/index.php?rest_route=%2Fwp%2Fv2%2Ftags&post=467"}],"curies":[{"name":"wp","href":"https:\/\/api.w.org\/{rel}","templated":true}]}}