{"id":459,"date":"2026-03-11T12:32:24","date_gmt":"2026-03-11T15:32:24","guid":{"rendered":"https:\/\/ictdf.synergyecosys.io\/?p=459"},"modified":"2026-03-11T12:32:24","modified_gmt":"2026-03-11T15:32:24","slug":"sao-paulo-confirma-primeiro-caso-de-sarampo-em-2026-o-que-voce-precisa-saber","status":"publish","type":"post","link":"https:\/\/ictdf.synergyecosys.io\/?p=459","title":{"rendered":"S\u00e3o Paulo Confirma Primeiro Caso de Sarampo em 2026: O Que Voc\u00ea Precisa Saber"},"content":{"rendered":"<p>Imagine acordar com uma not\u00edcia que nos lembra de um mal que pens\u00e1vamos controlado: S\u00e3o Paulo acaba de confirmar o primeiro caso de sarampo em 2026. Como jornalista especializado em sa\u00fade p\u00fablica, eu fico atento a esses alertas porque eles nos ajudam a entender melhor como proteger nossa comunidade. Neste artigo, vamos descomplicar o que \u00e9 o sarampo, por que ele voltou e o que isso significa para voc\u00ea e sua fam\u00edlia.<\/p>\n<h2>O Que \u00c9 o Sarampo, de Forma Simples?<\/h2>\n<p>O <strong>sarampo<\/strong> \u00e9 uma doen\u00e7a viral altamente contagiosa, causada pelo v\u00edrus do sarampo. Na pr\u00e1tica, isso significa que ele se espalha facilmente pelo ar, atrav\u00e9s de tosses ou espirros de pessoas infectadas. Segundo a defini\u00e7\u00e3o da Wikip\u00e9dia, \u00e9 uma infec\u00e7\u00e3o respirat\u00f3ria que afeta principalmente crian\u00e7as, mas pode atingir qualquer idade.<\/p>\n<p>Os sintomas come\u00e7am como uma febre alta, acima de 40\u00b0C, tosse, coriza e olhos vermelhos. Depois de alguns dias, surge uma erup\u00e7\u00e3o cut\u00e2nea vermelha que come\u00e7a no rosto e se espalha pelo corpo. Manchas brancas na boca, chamadas de <em>manchas de Koplik<\/em>, s\u00e3o um sinal cl\u00e1ssico, embora nem sempre vis\u00edveis.<\/p>\n<p>Eu analisei relatos m\u00e9dicos e vi que, sem tratamento espec\u00edfico, o sarampo pode levar a complica\u00e7\u00f5es graves como pneumonia, infec\u00e7\u00f5es no ouvido ou at\u00e9 encefalite. Em crian\u00e7as desnutridas, a mortalidade pode chegar a 10%.<\/p>\n<h2>Por Que Esse Caso em S\u00e3o Paulo Importa Agora?<\/h2>\n<p>No Brasil, o sarampo foi considerado eliminado em 2016, gra\u00e7as \u00e0s campanhas de vacina\u00e7\u00e3o. Mas casos importados de outros pa\u00edses reacenderam surtos em 2018 e 2019. S\u00e3o Paulo, como grande metr\u00f3pole, \u00e9 um ponto de entrada para viajantes, o que facilita a dissemina\u00e7\u00e3o.<\/p>\n<p>Esse primeiro caso em 2026 sinaliza um poss\u00edvel retorno, talvez ligado a baixas taxas de vacina\u00e7\u00e3o p\u00f3s-pandemia de COVID-19. Muitos pais adiaram vacinas, e agora vemos as consequ\u00eancias. Na minha experi\u00eancia cobrindo sa\u00fade, vi que vigil\u00e2ncia \u00e9 chave para evitar epidemias.<\/p>\n<h3>Como o V\u00edrus Chegou Aqui?<\/h3>\n<p>Provavelmente via importa\u00e7\u00e3o. O v\u00edrus n\u00e3o circula endogenamente no Brasil h\u00e1 anos, mas com o aumento global de casos \u2013 mais de 10 milh\u00f5es anuais, segundo a OMS \u2013 \u00e9 inevit\u00e1vel que chegue. Em S\u00e3o Paulo, com seu aeroporto internacional, o risco \u00e9 maior.<\/p>\n<p>Autoridades confirmaram o caso em um residente sem hist\u00f3rico de viagem recente, sugerindo transmiss\u00e3o local inicial.<\/p>\n<h2>Os Impactos no Dia a Dia das Pessoas e da Sociedade<\/h2>\n<p>Para indiv\u00edduos, o sarampo significa isolamento, tratamento de suporte como hidrata\u00e7\u00e3o e controle de febre, e risco de hospitaliza\u00e7\u00e3o. Crian\u00e7as menores de 5 anos s\u00e3o as mais vulner\u00e1veis, e a doen\u00e7a pode deixar sequelas como surdez ou problemas neurol\u00f3gicos.<\/p>\n<p>Em escala maior, afeta empresas com absente\u00edsmo, escolas com fechamentos e o sistema de sa\u00fade com sobrecarga. Economicamente, surtos custam milh\u00f5es em campanhas de vacina\u00e7\u00e3o emergenciais. Eu percebo que, em cidades como S\u00e3o Paulo, isso pode interromper o fluxo normal da vida urbana.<\/p>\n<ul>\n<li>Aumento de casos pode levar a quarentenas em escolas.<\/li>\n<li>Fam\u00edlias precisam monitorar sintomas e buscar vacina\u00e7\u00e3o urgente.<\/li>\n<li>Sa\u00fade p\u00fablica gasta mais em rastreamento de contatos.<\/li>\n<\/ul>\n<h2>Preven\u00e7\u00e3o e o Caminho para o Futuro<\/h2>\n<p>A boa not\u00edcia? O sarampo \u00e9 preven\u00edvel com a vacina tr\u00edplice viral (contra sarampo, caxumba e rub\u00e9ola), dada em duas doses aos 12 meses e 15 meses. Para imunidade coletiva, precisamos vacinar pelo menos 95% da popula\u00e7\u00e3o.<\/p>\n<p>Com esse caso, o Minist\u00e9rio da Sa\u00fade deve intensificar campanhas. Recomendo checar a carteirinha de vacina\u00e7\u00e3o da fam\u00edlia \u2013 \u00e9 simples e salva vidas. No futuro, com monitoramento global e educa\u00e7\u00e3o, podemos manter o sarampo sob controle.<\/p>\n<h3>Dicas Pr\u00e1ticas para Voc\u00ea<\/h3>\n<ol>\n<li>Verifique se voc\u00ea e seus filhos est\u00e3o vacinados.<\/li>\n<li>Lave as m\u00e3os frequentemente e evite aglomera\u00e7\u00f5es se houver surto.<\/li>\n<li>Fique atento a sintomas e procure um m\u00e9dico imediatamente.<\/li>\n<\/ol>\n<p>Ao analisar tend\u00eancias, vejo que a vacina\u00e7\u00e3o em dia \u00e9 nossa melhor defesa contra retrocessos.<\/p>\n<h2>Reflex\u00f5es Finais: Proteja-se e Proteja os Outros<\/h2>\n<p>Esse primeiro caso em S\u00e3o Paulo para 2026 \u00e9 um lembrete de que a sa\u00fade p\u00fablica depende de todos n\u00f3s. Vamos transformar esse alerta em a\u00e7\u00e3o: vacine-se, informe-se e apoie campanhas. Juntos, podemos evitar que o sarampo se torne uma amea\u00e7a maior. O que voc\u00ea acha? Compartilhe nos coment\u00e1rios e cuide bem da sua sa\u00fade!<\/p>\n","protected":false},"excerpt":{"rendered":"<p>Descubra o que significa o primeiro caso de sarampo confirmado em S\u00e3o Paulo para 2026. Entenda os sintomas, preven\u00e7\u00e3o e impactos na sa\u00fade p\u00fablica. Fique informado e proteja sua fam\u00edlia!<\/p>\n","protected":false},"author":1,"featured_media":458,"comment_status":"open","ping_status":"open","sticky":false,"template":"","format":"standard","meta":{"_acf_changed":false,"_eb_attr":"","footnotes":"","_wpscppro_dont_share_socialmedia":false,"_wpscppro_custom_social_share_image":0,"_facebook_share_type":"","_twitter_share_type":"","_linkedin_share_type":"","_pinterest_share_type":"","_linkedin_share_type_page":"","_instagram_share_type":"","_medium_share_type":"","_threads_share_type":"","_google_business_share_type":"","_selected_social_profile":[],"_wpsp_enable_custom_social_template":false,"_wpsp_social_scheduling":{"enabled":false,"datetime":null,"platforms":[],"status":"template_only","dateOption":"today","timeOption":"now","customDays":"","customHours":"","customDate":"","customTime":"","schedulingType":"absolute"},"_wpsp_active_default_template":true},"categories":[3],"tags":[],"class_list":["post-459","post","type-post","status-publish","format-standard","has-post-thumbnail","hentry","category-bem-estar"],"acf":[],"yoast_head":"<!-- This site is optimized with the Yoast SEO plugin v26.9 - https:\/\/yoast.com\/product\/yoast-seo-wordpress\/ -->\n<title>S\u00e3o Paulo Confirma Primeiro Caso de Sarampo em 2026: O Que Voc\u00ea Precisa Saber - ICTDF<\/title>\n<meta name=\"robots\" content=\"index, follow, max-snippet:-1, max-image-preview:large, max-video-preview:-1\" \/>\n<link rel=\"canonical\" href=\"https:\/\/ictdf.synergyecosys.io\/?p=459\" \/>\n<meta property=\"og:locale\" content=\"pt_BR\" \/>\n<meta property=\"og:type\" content=\"article\" \/>\n<meta property=\"og:title\" content=\"S\u00e3o Paulo Confirma Primeiro Caso de Sarampo em 2026: O Que Voc\u00ea Precisa Saber - ICTDF\" \/>\n<meta property=\"og:description\" content=\"Descubra o que significa o primeiro caso de sarampo confirmado em S\u00e3o Paulo para 2026. Entenda os sintomas, preven\u00e7\u00e3o e impactos na sa\u00fade p\u00fablica. Fique informado e proteja sua fam\u00edlia!\" \/>\n<meta property=\"og:url\" content=\"https:\/\/ictdf.synergyecosys.io\/?p=459\" \/>\n<meta property=\"og:site_name\" content=\"ICTDF\" \/>\n<meta property=\"article:published_time\" content=\"2026-03-11T15:32:24+00:00\" \/>\n<meta name=\"author\" content=\"admin\" \/>\n<meta name=\"twitter:card\" content=\"summary_large_image\" \/>\n<meta name=\"twitter:label1\" content=\"Escrito por\" \/>\n\t<meta name=\"twitter:data1\" content=\"admin\" \/>\n\t<meta name=\"twitter:label2\" content=\"Est. tempo de leitura\" \/>\n\t<meta name=\"twitter:data2\" content=\"4 minutos\" \/>\n<script type=\"application\/ld+json\" class=\"yoast-schema-graph\">{\"@context\":\"https:\/\/schema.org\",\"@graph\":[{\"@type\":\"Article\",\"@id\":\"https:\/\/ictdf.synergyecosys.io\/?p=459#article\",\"isPartOf\":{\"@id\":\"https:\/\/ictdf.synergyecosys.io\/?p=459\"},\"author\":{\"name\":\"admin\",\"@id\":\"https:\/\/ictdf.synergyecosys.io\/#\/schema\/person\/0b4488974b7b485188c0c01cb9f95b21\"},\"headline\":\"S\u00e3o Paulo Confirma Primeiro Caso de Sarampo em 2026: O Que Voc\u00ea Precisa Saber\",\"datePublished\":\"2026-03-11T15:32:24+00:00\",\"mainEntityOfPage\":{\"@id\":\"https:\/\/ictdf.synergyecosys.io\/?p=459\"},\"wordCount\":760,\"commentCount\":0,\"publisher\":{\"@id\":\"https:\/\/ictdf.synergyecosys.io\/#organization\"},\"image\":{\"@id\":\"https:\/\/ictdf.synergyecosys.io\/?p=459#primaryimage\"},\"thumbnailUrl\":\"https:\/\/ictdf.synergyecosys.io\/wp-content\/uploads\/2026\/03\/imagem-Syo-Paulo-Confirma-Primeiro-Caso-de-Sarampo-em-2026.png\",\"articleSection\":[\"Bem-estar\"],\"inLanguage\":\"pt-BR\",\"potentialAction\":[{\"@type\":\"CommentAction\",\"name\":\"Comment\",\"target\":[\"https:\/\/ictdf.synergyecosys.io\/?p=459#respond\"]}]},{\"@type\":\"WebPage\",\"@id\":\"https:\/\/ictdf.synergyecosys.io\/?p=459\",\"url\":\"https:\/\/ictdf.synergyecosys.io\/?p=459\",\"name\":\"S\u00e3o Paulo Confirma Primeiro Caso de Sarampo em 2026: O Que Voc\u00ea Precisa Saber - ICTDF\",\"isPartOf\":{\"@id\":\"https:\/\/ictdf.synergyecosys.io\/#website\"},\"primaryImageOfPage\":{\"@id\":\"https:\/\/ictdf.synergyecosys.io\/?p=459#primaryimage\"},\"image\":{\"@id\":\"https:\/\/ictdf.synergyecosys.io\/?p=459#primaryimage\"},\"thumbnailUrl\":\"https:\/\/ictdf.synergyecosys.io\/wp-content\/uploads\/2026\/03\/imagem-Syo-Paulo-Confirma-Primeiro-Caso-de-Sarampo-em-2026.png\",\"datePublished\":\"2026-03-11T15:32:24+00:00\",\"breadcrumb\":{\"@id\":\"https:\/\/ictdf.synergyecosys.io\/?p=459#breadcrumb\"},\"inLanguage\":\"pt-BR\",\"potentialAction\":[{\"@type\":\"ReadAction\",\"target\":[\"https:\/\/ictdf.synergyecosys.io\/?p=459\"]}]},{\"@type\":\"ImageObject\",\"inLanguage\":\"pt-BR\",\"@id\":\"https:\/\/ictdf.synergyecosys.io\/?p=459#primaryimage\",\"url\":\"https:\/\/ictdf.synergyecosys.io\/wp-content\/uploads\/2026\/03\/imagem-Syo-Paulo-Confirma-Primeiro-Caso-de-Sarampo-em-2026.png\",\"contentUrl\":\"https:\/\/ictdf.synergyecosys.io\/wp-content\/uploads\/2026\/03\/imagem-Syo-Paulo-Confirma-Primeiro-Caso-de-Sarampo-em-2026.png\",\"width\":1696,\"height\":960},{\"@type\":\"BreadcrumbList\",\"@id\":\"https:\/\/ictdf.synergyecosys.io\/?p=459#breadcrumb\",\"itemListElement\":[{\"@type\":\"ListItem\",\"position\":1,\"name\":\"In\u00edcio\",\"item\":\"https:\/\/ictdf.synergyecosys.io\/\"},{\"@type\":\"ListItem\",\"position\":2,\"name\":\"S\u00e3o Paulo Confirma Primeiro Caso de Sarampo em 2026: O Que Voc\u00ea Precisa Saber\"}]},{\"@type\":\"WebSite\",\"@id\":\"https:\/\/ictdf.synergyecosys.io\/#website\",\"url\":\"https:\/\/ictdf.synergyecosys.io\/\",\"name\":\"ICTDF\",\"description\":\"\",\"publisher\":{\"@id\":\"https:\/\/ictdf.synergyecosys.io\/#organization\"},\"potentialAction\":[{\"@type\":\"SearchAction\",\"target\":{\"@type\":\"EntryPoint\",\"urlTemplate\":\"https:\/\/ictdf.synergyecosys.io\/?s={search_term_string}\"},\"query-input\":{\"@type\":\"PropertyValueSpecification\",\"valueRequired\":true,\"valueName\":\"search_term_string\"}}],\"inLanguage\":\"pt-BR\"},{\"@type\":\"Organization\",\"@id\":\"https:\/\/ictdf.synergyecosys.io\/#organization\",\"name\":\"ICTDF\",\"url\":\"https:\/\/ictdf.synergyecosys.io\/\",\"logo\":{\"@type\":\"ImageObject\",\"inLanguage\":\"pt-BR\",\"@id\":\"https:\/\/ictdf.synergyecosys.io\/#\/schema\/logo\/image\/\",\"url\":\"https:\/\/ictdf.synergyecosys.io\/wp-content\/uploads\/2026\/02\/cropped-cropped-ICTDF_logo_transparente.png\",\"contentUrl\":\"https:\/\/ictdf.synergyecosys.io\/wp-content\/uploads\/2026\/02\/cropped-cropped-ICTDF_logo_transparente.png\",\"width\":450,\"height\":141,\"caption\":\"ICTDF\"},\"image\":{\"@id\":\"https:\/\/ictdf.synergyecosys.io\/#\/schema\/logo\/image\/\"}},{\"@type\":\"Person\",\"@id\":\"https:\/\/ictdf.synergyecosys.io\/#\/schema\/person\/0b4488974b7b485188c0c01cb9f95b21\",\"name\":\"admin\",\"image\":{\"@type\":\"ImageObject\",\"inLanguage\":\"pt-BR\",\"@id\":\"https:\/\/ictdf.synergyecosys.io\/#\/schema\/person\/image\/\",\"url\":\"https:\/\/secure.gravatar.com\/avatar\/ee6b87b4bde4f4817334740781bdb6e270748065085879a5aa2018d8006922fa?s=96&d=mm&r=g\",\"contentUrl\":\"https:\/\/secure.gravatar.com\/avatar\/ee6b87b4bde4f4817334740781bdb6e270748065085879a5aa2018d8006922fa?s=96&d=mm&r=g\",\"caption\":\"admin\"},\"sameAs\":[\"https:\/\/ictdf.synergyecosys.io\"],\"url\":\"https:\/\/ictdf.synergyecosys.io\/?author=1\"}]}<\/script>\n<!-- \/ Yoast SEO plugin. -->","yoast_head_json":{"title":"S\u00e3o Paulo Confirma Primeiro Caso de Sarampo em 2026: O Que Voc\u00ea Precisa Saber - ICTDF","robots":{"index":"index","follow":"follow","max-snippet":"max-snippet:-1","max-image-preview":"max-image-preview:large","max-video-preview":"max-video-preview:-1"},"canonical":"https:\/\/ictdf.synergyecosys.io\/?p=459","og_locale":"pt_BR","og_type":"article","og_title":"S\u00e3o Paulo Confirma Primeiro Caso de Sarampo em 2026: O Que Voc\u00ea Precisa Saber - ICTDF","og_description":"Descubra o que significa o primeiro caso de sarampo confirmado em S\u00e3o Paulo para 2026. Entenda os sintomas, preven\u00e7\u00e3o e impactos na sa\u00fade p\u00fablica. Fique informado e proteja sua fam\u00edlia!","og_url":"https:\/\/ictdf.synergyecosys.io\/?p=459","og_site_name":"ICTDF","article_published_time":"2026-03-11T15:32:24+00:00","author":"admin","twitter_card":"summary_large_image","twitter_misc":{"Escrito por":"admin","Est. tempo de leitura":"4 minutos"},"schema":{"@context":"https:\/\/schema.org","@graph":[{"@type":"Article","@id":"https:\/\/ictdf.synergyecosys.io\/?p=459#article","isPartOf":{"@id":"https:\/\/ictdf.synergyecosys.io\/?p=459"},"author":{"name":"admin","@id":"https:\/\/ictdf.synergyecosys.io\/#\/schema\/person\/0b4488974b7b485188c0c01cb9f95b21"},"headline":"S\u00e3o Paulo Confirma Primeiro Caso de Sarampo em 2026: O Que Voc\u00ea Precisa Saber","datePublished":"2026-03-11T15:32:24+00:00","mainEntityOfPage":{"@id":"https:\/\/ictdf.synergyecosys.io\/?p=459"},"wordCount":760,"commentCount":0,"publisher":{"@id":"https:\/\/ictdf.synergyecosys.io\/#organization"},"image":{"@id":"https:\/\/ictdf.synergyecosys.io\/?p=459#primaryimage"},"thumbnailUrl":"https:\/\/ictdf.synergyecosys.io\/wp-content\/uploads\/2026\/03\/imagem-Syo-Paulo-Confirma-Primeiro-Caso-de-Sarampo-em-2026.png","articleSection":["Bem-estar"],"inLanguage":"pt-BR","potentialAction":[{"@type":"CommentAction","name":"Comment","target":["https:\/\/ictdf.synergyecosys.io\/?p=459#respond"]}]},{"@type":"WebPage","@id":"https:\/\/ictdf.synergyecosys.io\/?p=459","url":"https:\/\/ictdf.synergyecosys.io\/?p=459","name":"S\u00e3o Paulo Confirma Primeiro Caso de Sarampo em 2026: O Que Voc\u00ea Precisa Saber - ICTDF","isPartOf":{"@id":"https:\/\/ictdf.synergyecosys.io\/#website"},"primaryImageOfPage":{"@id":"https:\/\/ictdf.synergyecosys.io\/?p=459#primaryimage"},"image":{"@id":"https:\/\/ictdf.synergyecosys.io\/?p=459#primaryimage"},"thumbnailUrl":"https:\/\/ictdf.synergyecosys.io\/wp-content\/uploads\/2026\/03\/imagem-Syo-Paulo-Confirma-Primeiro-Caso-de-Sarampo-em-2026.png","datePublished":"2026-03-11T15:32:24+00:00","breadcrumb":{"@id":"https:\/\/ictdf.synergyecosys.io\/?p=459#breadcrumb"},"inLanguage":"pt-BR","potentialAction":[{"@type":"ReadAction","target":["https:\/\/ictdf.synergyecosys.io\/?p=459"]}]},{"@type":"ImageObject","inLanguage":"pt-BR","@id":"https:\/\/ictdf.synergyecosys.io\/?p=459#primaryimage","url":"https:\/\/ictdf.synergyecosys.io\/wp-content\/uploads\/2026\/03\/imagem-Syo-Paulo-Confirma-Primeiro-Caso-de-Sarampo-em-2026.png","contentUrl":"https:\/\/ictdf.synergyecosys.io\/wp-content\/uploads\/2026\/03\/imagem-Syo-Paulo-Confirma-Primeiro-Caso-de-Sarampo-em-2026.png","width":1696,"height":960},{"@type":"BreadcrumbList","@id":"https:\/\/ictdf.synergyecosys.io\/?p=459#breadcrumb","itemListElement":[{"@type":"ListItem","position":1,"name":"In\u00edcio","item":"https:\/\/ictdf.synergyecosys.io\/"},{"@type":"ListItem","position":2,"name":"S\u00e3o Paulo Confirma Primeiro Caso de Sarampo em 2026: O Que Voc\u00ea Precisa Saber"}]},{"@type":"WebSite","@id":"https:\/\/ictdf.synergyecosys.io\/#website","url":"https:\/\/ictdf.synergyecosys.io\/","name":"ICTDF","description":"","publisher":{"@id":"https:\/\/ictdf.synergyecosys.io\/#organization"},"potentialAction":[{"@type":"SearchAction","target":{"@type":"EntryPoint","urlTemplate":"https:\/\/ictdf.synergyecosys.io\/?s={search_term_string}"},"query-input":{"@type":"PropertyValueSpecification","valueRequired":true,"valueName":"search_term_string"}}],"inLanguage":"pt-BR"},{"@type":"Organization","@id":"https:\/\/ictdf.synergyecosys.io\/#organization","name":"ICTDF","url":"https:\/\/ictdf.synergyecosys.io\/","logo":{"@type":"ImageObject","inLanguage":"pt-BR","@id":"https:\/\/ictdf.synergyecosys.io\/#\/schema\/logo\/image\/","url":"https:\/\/ictdf.synergyecosys.io\/wp-content\/uploads\/2026\/02\/cropped-cropped-ICTDF_logo_transparente.png","contentUrl":"https:\/\/ictdf.synergyecosys.io\/wp-content\/uploads\/2026\/02\/cropped-cropped-ICTDF_logo_transparente.png","width":450,"height":141,"caption":"ICTDF"},"image":{"@id":"https:\/\/ictdf.synergyecosys.io\/#\/schema\/logo\/image\/"}},{"@type":"Person","@id":"https:\/\/ictdf.synergyecosys.io\/#\/schema\/person\/0b4488974b7b485188c0c01cb9f95b21","name":"admin","image":{"@type":"ImageObject","inLanguage":"pt-BR","@id":"https:\/\/ictdf.synergyecosys.io\/#\/schema\/person\/image\/","url":"https:\/\/secure.gravatar.com\/avatar\/ee6b87b4bde4f4817334740781bdb6e270748065085879a5aa2018d8006922fa?s=96&d=mm&r=g","contentUrl":"https:\/\/secure.gravatar.com\/avatar\/ee6b87b4bde4f4817334740781bdb6e270748065085879a5aa2018d8006922fa?s=96&d=mm&r=g","caption":"admin"},"sameAs":["https:\/\/ictdf.synergyecosys.io"],"url":"https:\/\/ictdf.synergyecosys.io\/?author=1"}]}},"_links":{"self":[{"href":"https:\/\/ictdf.synergyecosys.io\/index.php?rest_route=\/wp\/v2\/posts\/459","targetHints":{"allow":["GET"]}}],"collection":[{"href":"https:\/\/ictdf.synergyecosys.io\/index.php?rest_route=\/wp\/v2\/posts"}],"about":[{"href":"https:\/\/ictdf.synergyecosys.io\/index.php?rest_route=\/wp\/v2\/types\/post"}],"author":[{"embeddable":true,"href":"https:\/\/ictdf.synergyecosys.io\/index.php?rest_route=\/wp\/v2\/users\/1"}],"replies":[{"embeddable":true,"href":"https:\/\/ictdf.synergyecosys.io\/index.php?rest_route=%2Fwp%2Fv2%2Fcomments&post=459"}],"version-history":[{"count":0,"href":"https:\/\/ictdf.synergyecosys.io\/index.php?rest_route=\/wp\/v2\/posts\/459\/revisions"}],"wp:featuredmedia":[{"embeddable":true,"href":"https:\/\/ictdf.synergyecosys.io\/index.php?rest_route=\/wp\/v2\/media\/458"}],"wp:attachment":[{"href":"https:\/\/ictdf.synergyecosys.io\/index.php?rest_route=%2Fwp%2Fv2%2Fmedia&parent=459"}],"wp:term":[{"taxonomy":"category","embeddable":true,"href":"https:\/\/ictdf.synergyecosys.io\/index.php?rest_route=%2Fwp%2Fv2%2Fcategories&post=459"},{"taxonomy":"post_tag","embeddable":true,"href":"https:\/\/ictdf.synergyecosys.io\/index.php?rest_route=%2Fwp%2Fv2%2Ftags&post=459"}],"curies":[{"name":"wp","href":"https:\/\/api.w.org\/{rel}","templated":true}]}}