{"id":457,"date":"2026-03-11T11:32:26","date_gmt":"2026-03-11T14:32:26","guid":{"rendered":"https:\/\/ictdf.synergyecosys.io\/?p=457"},"modified":"2026-03-11T11:32:26","modified_gmt":"2026-03-11T14:32:26","slug":"estresse-na-adolescencia-alteracoes-cerebrais-que-podem-durar-a-vida-toda","status":"publish","type":"post","link":"https:\/\/ictdf.synergyecosys.io\/?p=457","title":{"rendered":"Estresse na Adolesc\u00eancia: Altera\u00e7\u00f5es Cerebrais que Podem Durar a Vida Toda"},"content":{"rendered":"<p>Voc\u00ea sabia que o per\u00edodo da adolesc\u00eancia \u00e9 uma fase cr\u00edtica para o desenvolvimento do c\u00e9rebro? Um estudo recente revela que o estresse durante esses anos pode causar mudan\u00e7as cerebrais que duram a vida toda. Como especialista em jornalismo did\u00e1tico, eu mergulhei nesse tema para trazer explica\u00e7\u00f5es simples e \u00fateis para voc\u00ea.<\/p>\n<p>O estresse, que \u00e9 a resposta do corpo a situa\u00e7\u00f5es desafiadoras, pode ser especialmente prejudicial quando o c\u00e9rebro ainda est\u00e1 em forma\u00e7\u00e3o. Vamos explorar o que a ci\u00eancia diz sobre isso e como isso afeta o dia a dia dos jovens.<\/p>\n<h2>Por Que a Adolesc\u00eancia \u00e9 uma Fase Vulner\u00e1vel para o C\u00e9rebro?<\/h2>\n<p>Durante a adolesc\u00eancia, o c\u00e9rebro passa por uma verdadeira revolu\u00e7\u00e3o. Regi\u00f5es como o <strong>c\u00f3rtex pr\u00e9-frontal<\/strong>, respons\u00e1vel pelo controle de impulsos e tomada de decis\u00f5es, ainda est\u00e3o se desenvolvendo. O <em>hipocampo<\/em>, que lida com mem\u00f3ria e aprendizado, tamb\u00e9m \u00e9 sens\u00edvel a influ\u00eancias externas.<\/p>\n<p>Estudos mostram que o estresse cr\u00f4nico libera horm\u00f4nios como o cortisol em excesso, que podem interferir nesse processo. Na pr\u00e1tica, isso significa que um adolescente sob press\u00e3o constante pode ter dificuldades para regular emo\u00e7\u00f5es no futuro.<\/p>\n<h3>O Papel do Cortisol nas Mudan\u00e7as Cerebrais<\/h3>\n<p>O cortisol, conhecido como horm\u00f4nio do estresse, em n\u00edveis altos e prolongados, pode encolher partes do c\u00e9rebro. Por exemplo, ele afeta a plasticidade neural, que \u00e9 a capacidade do c\u00e9rebro de se adaptar e formar novas conex\u00f5es.<\/p>\n<p>Eu percebo que muitos pais subestimam o impacto de rotinas estressantes, como excesso de estudos ou bullying, mas a ci\u00eancia alerta para riscos duradouros.<\/p>\n<h2>Os Impactos Pr\u00e1ticos no Dia a Dia e na Sociedade<\/h2>\n<p>Essas altera\u00e7\u00f5es n\u00e3o ficam s\u00f3 no c\u00e9rebro; elas se refletem na vida real. Adolescentes estressados t\u00eam maior risco de desenvolver ansiedade, depress\u00e3o e at\u00e9 problemas de aprendizado na idade adulta.<\/p>\n<p>Para as fam\u00edlias, isso significa mais desafios emocionais. Na sociedade, vemos um aumento em transtornos mentais entre jovens, o que sobrecarrega sistemas de sa\u00fade. Um estudo apontou que o estresse na adolesc\u00eancia pode at\u00e9 influenciar o desempenho profissional anos depois.<\/p>\n<ul>\n<li>Aumento de vulnerabilidade a transtornos mentais.<\/li>\n<li>Dificuldades em relacionamentos interpessoais.<\/li>\n<li>Impactos na educa\u00e7\u00e3o e carreira.<\/li>\n<\/ul>\n<h2>Vislumbrando o Futuro: Como Mitigar Esses Efeitos?<\/h2>\n<p>A boa not\u00edcia \u00e9 que o c\u00e9rebro \u00e9 resiliente. Atividades como exerc\u00edcios f\u00edsicos, sono adequado e suporte emocional podem contrabalan\u00e7ar os efeitos do estresse. Recomendo que pais e educadores promovam ambientes mais calmos.<\/p>\n<p>Olhando para tend\u00eancias, pesquisas futuras podem focar em interven\u00e7\u00f5es precoces, como mindfulness para adolescentes. Na minha an\u00e1lise, investir em bem-estar mental agora pode prevenir problemas graves amanh\u00e3.<\/p>\n<h3>Estrat\u00e9gias Simples para Reduzir o Estresse<\/h3>\n<p>Comece com rotinas di\u00e1rias: incentive hobbies, converse abertamente sobre sentimentos e limite o tempo em telas. Pequenas mudan\u00e7as fazem grande diferen\u00e7a.<\/p>\n<ol>\n<li>Pratique medita\u00e7\u00e3o guiada por 10 minutos di\u00e1rios.<\/li>\n<li> Incentive esportes em grupo.<\/li>\n<li>Monitore sinais de estresse, como ins\u00f4nia ou irritabilidade.<\/li>\n<\/ol>\n<h2>Reflex\u00f5es Finais: Proteja o Futuro dos Jovens<\/h2>\n<p>Em resumo, o estresse na adolesc\u00eancia provoca altera\u00e7\u00f5es cerebrais duradouras, mas com conscientiza\u00e7\u00e3o e a\u00e7\u00f5es preventivas, podemos mudar isso. Como sociedade, \u00e9 nossa responsabilidade criar um mundo menos estressante para as novas gera\u00e7\u00f5es. O que voc\u00ea pode fazer hoje para ajudar um adolescente ao seu redor?<\/p>\n","protected":false},"excerpt":{"rendered":"<p>Descubra como o estresse na adolesc\u00eancia provoca altera\u00e7\u00f5es cerebrais duradouras, segundo estudo recente. Entenda os impactos e como proteger o c\u00e9rebro jovem. Leia agora!<\/p>\n","protected":false},"author":1,"featured_media":456,"comment_status":"open","ping_status":"open","sticky":false,"template":"","format":"standard","meta":{"_acf_changed":false,"_eb_attr":"","footnotes":"","_wpscppro_dont_share_socialmedia":false,"_wpscppro_custom_social_share_image":0,"_facebook_share_type":"","_twitter_share_type":"","_linkedin_share_type":"","_pinterest_share_type":"","_linkedin_share_type_page":"","_instagram_share_type":"","_medium_share_type":"","_threads_share_type":"","_google_business_share_type":"","_selected_social_profile":[],"_wpsp_enable_custom_social_template":false,"_wpsp_social_scheduling":{"enabled":false,"datetime":null,"platforms":[],"status":"template_only","dateOption":"today","timeOption":"now","customDays":"","customHours":"","customDate":"","customTime":"","schedulingType":"absolute"},"_wpsp_active_default_template":true},"categories":[3],"tags":[],"class_list":["post-457","post","type-post","status-publish","format-standard","has-post-thumbnail","hentry","category-bem-estar"],"acf":[],"yoast_head":"<!-- This site is optimized with the Yoast SEO plugin v26.9 - https:\/\/yoast.com\/product\/yoast-seo-wordpress\/ -->\n<title>Estresse na Adolesc\u00eancia: Altera\u00e7\u00f5es Cerebrais que Podem Durar a Vida Toda - ICTDF<\/title>\n<meta name=\"robots\" content=\"index, follow, max-snippet:-1, max-image-preview:large, max-video-preview:-1\" \/>\n<link rel=\"canonical\" href=\"https:\/\/ictdf.synergyecosys.io\/?p=457\" \/>\n<meta property=\"og:locale\" content=\"pt_BR\" \/>\n<meta property=\"og:type\" content=\"article\" \/>\n<meta property=\"og:title\" content=\"Estresse na Adolesc\u00eancia: Altera\u00e7\u00f5es Cerebrais que Podem Durar a Vida Toda - ICTDF\" \/>\n<meta property=\"og:description\" content=\"Descubra como o estresse na adolesc\u00eancia provoca altera\u00e7\u00f5es cerebrais duradouras, segundo estudo recente. Entenda os impactos e como proteger o c\u00e9rebro jovem. Leia agora!\" \/>\n<meta property=\"og:url\" content=\"https:\/\/ictdf.synergyecosys.io\/?p=457\" \/>\n<meta property=\"og:site_name\" content=\"ICTDF\" \/>\n<meta property=\"article:published_time\" content=\"2026-03-11T14:32:26+00:00\" \/>\n<meta name=\"author\" content=\"admin\" \/>\n<meta name=\"twitter:card\" content=\"summary_large_image\" \/>\n<meta name=\"twitter:label1\" content=\"Escrito por\" \/>\n\t<meta name=\"twitter:data1\" content=\"admin\" \/>\n\t<meta name=\"twitter:label2\" content=\"Est. tempo de leitura\" \/>\n\t<meta name=\"twitter:data2\" content=\"3 minutos\" \/>\n<script type=\"application\/ld+json\" class=\"yoast-schema-graph\">{\"@context\":\"https:\/\/schema.org\",\"@graph\":[{\"@type\":\"Article\",\"@id\":\"https:\/\/ictdf.synergyecosys.io\/?p=457#article\",\"isPartOf\":{\"@id\":\"https:\/\/ictdf.synergyecosys.io\/?p=457\"},\"author\":{\"name\":\"admin\",\"@id\":\"https:\/\/ictdf.synergyecosys.io\/#\/schema\/person\/0b4488974b7b485188c0c01cb9f95b21\"},\"headline\":\"Estresse na Adolesc\u00eancia: Altera\u00e7\u00f5es Cerebrais que Podem Durar a Vida Toda\",\"datePublished\":\"2026-03-11T14:32:26+00:00\",\"mainEntityOfPage\":{\"@id\":\"https:\/\/ictdf.synergyecosys.io\/?p=457\"},\"wordCount\":585,\"commentCount\":0,\"publisher\":{\"@id\":\"https:\/\/ictdf.synergyecosys.io\/#organization\"},\"image\":{\"@id\":\"https:\/\/ictdf.synergyecosys.io\/?p=457#primaryimage\"},\"thumbnailUrl\":\"https:\/\/ictdf.synergyecosys.io\/wp-content\/uploads\/2026\/03\/imagem-Estresse-na-Adolescyncia-Causa-Mudanyas-Cerebrais-Duradouras.png\",\"articleSection\":[\"Bem-estar\"],\"inLanguage\":\"pt-BR\",\"potentialAction\":[{\"@type\":\"CommentAction\",\"name\":\"Comment\",\"target\":[\"https:\/\/ictdf.synergyecosys.io\/?p=457#respond\"]}]},{\"@type\":\"WebPage\",\"@id\":\"https:\/\/ictdf.synergyecosys.io\/?p=457\",\"url\":\"https:\/\/ictdf.synergyecosys.io\/?p=457\",\"name\":\"Estresse na Adolesc\u00eancia: Altera\u00e7\u00f5es Cerebrais que Podem Durar a Vida Toda - ICTDF\",\"isPartOf\":{\"@id\":\"https:\/\/ictdf.synergyecosys.io\/#website\"},\"primaryImageOfPage\":{\"@id\":\"https:\/\/ictdf.synergyecosys.io\/?p=457#primaryimage\"},\"image\":{\"@id\":\"https:\/\/ictdf.synergyecosys.io\/?p=457#primaryimage\"},\"thumbnailUrl\":\"https:\/\/ictdf.synergyecosys.io\/wp-content\/uploads\/2026\/03\/imagem-Estresse-na-Adolescyncia-Causa-Mudanyas-Cerebrais-Duradouras.png\",\"datePublished\":\"2026-03-11T14:32:26+00:00\",\"breadcrumb\":{\"@id\":\"https:\/\/ictdf.synergyecosys.io\/?p=457#breadcrumb\"},\"inLanguage\":\"pt-BR\",\"potentialAction\":[{\"@type\":\"ReadAction\",\"target\":[\"https:\/\/ictdf.synergyecosys.io\/?p=457\"]}]},{\"@type\":\"ImageObject\",\"inLanguage\":\"pt-BR\",\"@id\":\"https:\/\/ictdf.synergyecosys.io\/?p=457#primaryimage\",\"url\":\"https:\/\/ictdf.synergyecosys.io\/wp-content\/uploads\/2026\/03\/imagem-Estresse-na-Adolescyncia-Causa-Mudanyas-Cerebrais-Duradouras.png\",\"contentUrl\":\"https:\/\/ictdf.synergyecosys.io\/wp-content\/uploads\/2026\/03\/imagem-Estresse-na-Adolescyncia-Causa-Mudanyas-Cerebrais-Duradouras.png\",\"width\":1696,\"height\":960},{\"@type\":\"BreadcrumbList\",\"@id\":\"https:\/\/ictdf.synergyecosys.io\/?p=457#breadcrumb\",\"itemListElement\":[{\"@type\":\"ListItem\",\"position\":1,\"name\":\"In\u00edcio\",\"item\":\"https:\/\/ictdf.synergyecosys.io\/\"},{\"@type\":\"ListItem\",\"position\":2,\"name\":\"Estresse na Adolesc\u00eancia: Altera\u00e7\u00f5es Cerebrais que Podem Durar a Vida Toda\"}]},{\"@type\":\"WebSite\",\"@id\":\"https:\/\/ictdf.synergyecosys.io\/#website\",\"url\":\"https:\/\/ictdf.synergyecosys.io\/\",\"name\":\"ICTDF\",\"description\":\"\",\"publisher\":{\"@id\":\"https:\/\/ictdf.synergyecosys.io\/#organization\"},\"potentialAction\":[{\"@type\":\"SearchAction\",\"target\":{\"@type\":\"EntryPoint\",\"urlTemplate\":\"https:\/\/ictdf.synergyecosys.io\/?s={search_term_string}\"},\"query-input\":{\"@type\":\"PropertyValueSpecification\",\"valueRequired\":true,\"valueName\":\"search_term_string\"}}],\"inLanguage\":\"pt-BR\"},{\"@type\":\"Organization\",\"@id\":\"https:\/\/ictdf.synergyecosys.io\/#organization\",\"name\":\"ICTDF\",\"url\":\"https:\/\/ictdf.synergyecosys.io\/\",\"logo\":{\"@type\":\"ImageObject\",\"inLanguage\":\"pt-BR\",\"@id\":\"https:\/\/ictdf.synergyecosys.io\/#\/schema\/logo\/image\/\",\"url\":\"https:\/\/ictdf.synergyecosys.io\/wp-content\/uploads\/2026\/02\/cropped-cropped-ICTDF_logo_transparente.png\",\"contentUrl\":\"https:\/\/ictdf.synergyecosys.io\/wp-content\/uploads\/2026\/02\/cropped-cropped-ICTDF_logo_transparente.png\",\"width\":450,\"height\":141,\"caption\":\"ICTDF\"},\"image\":{\"@id\":\"https:\/\/ictdf.synergyecosys.io\/#\/schema\/logo\/image\/\"}},{\"@type\":\"Person\",\"@id\":\"https:\/\/ictdf.synergyecosys.io\/#\/schema\/person\/0b4488974b7b485188c0c01cb9f95b21\",\"name\":\"admin\",\"image\":{\"@type\":\"ImageObject\",\"inLanguage\":\"pt-BR\",\"@id\":\"https:\/\/ictdf.synergyecosys.io\/#\/schema\/person\/image\/\",\"url\":\"https:\/\/secure.gravatar.com\/avatar\/ee6b87b4bde4f4817334740781bdb6e270748065085879a5aa2018d8006922fa?s=96&d=mm&r=g\",\"contentUrl\":\"https:\/\/secure.gravatar.com\/avatar\/ee6b87b4bde4f4817334740781bdb6e270748065085879a5aa2018d8006922fa?s=96&d=mm&r=g\",\"caption\":\"admin\"},\"sameAs\":[\"https:\/\/ictdf.synergyecosys.io\"],\"url\":\"https:\/\/ictdf.synergyecosys.io\/?author=1\"}]}<\/script>\n<!-- \/ Yoast SEO plugin. -->","yoast_head_json":{"title":"Estresse na Adolesc\u00eancia: Altera\u00e7\u00f5es Cerebrais que Podem Durar a Vida Toda - ICTDF","robots":{"index":"index","follow":"follow","max-snippet":"max-snippet:-1","max-image-preview":"max-image-preview:large","max-video-preview":"max-video-preview:-1"},"canonical":"https:\/\/ictdf.synergyecosys.io\/?p=457","og_locale":"pt_BR","og_type":"article","og_title":"Estresse na Adolesc\u00eancia: Altera\u00e7\u00f5es Cerebrais que Podem Durar a Vida Toda - ICTDF","og_description":"Descubra como o estresse na adolesc\u00eancia provoca altera\u00e7\u00f5es cerebrais duradouras, segundo estudo recente. Entenda os impactos e como proteger o c\u00e9rebro jovem. Leia agora!","og_url":"https:\/\/ictdf.synergyecosys.io\/?p=457","og_site_name":"ICTDF","article_published_time":"2026-03-11T14:32:26+00:00","author":"admin","twitter_card":"summary_large_image","twitter_misc":{"Escrito por":"admin","Est. tempo de leitura":"3 minutos"},"schema":{"@context":"https:\/\/schema.org","@graph":[{"@type":"Article","@id":"https:\/\/ictdf.synergyecosys.io\/?p=457#article","isPartOf":{"@id":"https:\/\/ictdf.synergyecosys.io\/?p=457"},"author":{"name":"admin","@id":"https:\/\/ictdf.synergyecosys.io\/#\/schema\/person\/0b4488974b7b485188c0c01cb9f95b21"},"headline":"Estresse na Adolesc\u00eancia: Altera\u00e7\u00f5es Cerebrais que Podem Durar a Vida Toda","datePublished":"2026-03-11T14:32:26+00:00","mainEntityOfPage":{"@id":"https:\/\/ictdf.synergyecosys.io\/?p=457"},"wordCount":585,"commentCount":0,"publisher":{"@id":"https:\/\/ictdf.synergyecosys.io\/#organization"},"image":{"@id":"https:\/\/ictdf.synergyecosys.io\/?p=457#primaryimage"},"thumbnailUrl":"https:\/\/ictdf.synergyecosys.io\/wp-content\/uploads\/2026\/03\/imagem-Estresse-na-Adolescyncia-Causa-Mudanyas-Cerebrais-Duradouras.png","articleSection":["Bem-estar"],"inLanguage":"pt-BR","potentialAction":[{"@type":"CommentAction","name":"Comment","target":["https:\/\/ictdf.synergyecosys.io\/?p=457#respond"]}]},{"@type":"WebPage","@id":"https:\/\/ictdf.synergyecosys.io\/?p=457","url":"https:\/\/ictdf.synergyecosys.io\/?p=457","name":"Estresse na Adolesc\u00eancia: Altera\u00e7\u00f5es Cerebrais que Podem Durar a Vida Toda - ICTDF","isPartOf":{"@id":"https:\/\/ictdf.synergyecosys.io\/#website"},"primaryImageOfPage":{"@id":"https:\/\/ictdf.synergyecosys.io\/?p=457#primaryimage"},"image":{"@id":"https:\/\/ictdf.synergyecosys.io\/?p=457#primaryimage"},"thumbnailUrl":"https:\/\/ictdf.synergyecosys.io\/wp-content\/uploads\/2026\/03\/imagem-Estresse-na-Adolescyncia-Causa-Mudanyas-Cerebrais-Duradouras.png","datePublished":"2026-03-11T14:32:26+00:00","breadcrumb":{"@id":"https:\/\/ictdf.synergyecosys.io\/?p=457#breadcrumb"},"inLanguage":"pt-BR","potentialAction":[{"@type":"ReadAction","target":["https:\/\/ictdf.synergyecosys.io\/?p=457"]}]},{"@type":"ImageObject","inLanguage":"pt-BR","@id":"https:\/\/ictdf.synergyecosys.io\/?p=457#primaryimage","url":"https:\/\/ictdf.synergyecosys.io\/wp-content\/uploads\/2026\/03\/imagem-Estresse-na-Adolescyncia-Causa-Mudanyas-Cerebrais-Duradouras.png","contentUrl":"https:\/\/ictdf.synergyecosys.io\/wp-content\/uploads\/2026\/03\/imagem-Estresse-na-Adolescyncia-Causa-Mudanyas-Cerebrais-Duradouras.png","width":1696,"height":960},{"@type":"BreadcrumbList","@id":"https:\/\/ictdf.synergyecosys.io\/?p=457#breadcrumb","itemListElement":[{"@type":"ListItem","position":1,"name":"In\u00edcio","item":"https:\/\/ictdf.synergyecosys.io\/"},{"@type":"ListItem","position":2,"name":"Estresse na Adolesc\u00eancia: Altera\u00e7\u00f5es Cerebrais que Podem Durar a Vida Toda"}]},{"@type":"WebSite","@id":"https:\/\/ictdf.synergyecosys.io\/#website","url":"https:\/\/ictdf.synergyecosys.io\/","name":"ICTDF","description":"","publisher":{"@id":"https:\/\/ictdf.synergyecosys.io\/#organization"},"potentialAction":[{"@type":"SearchAction","target":{"@type":"EntryPoint","urlTemplate":"https:\/\/ictdf.synergyecosys.io\/?s={search_term_string}"},"query-input":{"@type":"PropertyValueSpecification","valueRequired":true,"valueName":"search_term_string"}}],"inLanguage":"pt-BR"},{"@type":"Organization","@id":"https:\/\/ictdf.synergyecosys.io\/#organization","name":"ICTDF","url":"https:\/\/ictdf.synergyecosys.io\/","logo":{"@type":"ImageObject","inLanguage":"pt-BR","@id":"https:\/\/ictdf.synergyecosys.io\/#\/schema\/logo\/image\/","url":"https:\/\/ictdf.synergyecosys.io\/wp-content\/uploads\/2026\/02\/cropped-cropped-ICTDF_logo_transparente.png","contentUrl":"https:\/\/ictdf.synergyecosys.io\/wp-content\/uploads\/2026\/02\/cropped-cropped-ICTDF_logo_transparente.png","width":450,"height":141,"caption":"ICTDF"},"image":{"@id":"https:\/\/ictdf.synergyecosys.io\/#\/schema\/logo\/image\/"}},{"@type":"Person","@id":"https:\/\/ictdf.synergyecosys.io\/#\/schema\/person\/0b4488974b7b485188c0c01cb9f95b21","name":"admin","image":{"@type":"ImageObject","inLanguage":"pt-BR","@id":"https:\/\/ictdf.synergyecosys.io\/#\/schema\/person\/image\/","url":"https:\/\/secure.gravatar.com\/avatar\/ee6b87b4bde4f4817334740781bdb6e270748065085879a5aa2018d8006922fa?s=96&d=mm&r=g","contentUrl":"https:\/\/secure.gravatar.com\/avatar\/ee6b87b4bde4f4817334740781bdb6e270748065085879a5aa2018d8006922fa?s=96&d=mm&r=g","caption":"admin"},"sameAs":["https:\/\/ictdf.synergyecosys.io"],"url":"https:\/\/ictdf.synergyecosys.io\/?author=1"}]}},"_links":{"self":[{"href":"https:\/\/ictdf.synergyecosys.io\/index.php?rest_route=\/wp\/v2\/posts\/457","targetHints":{"allow":["GET"]}}],"collection":[{"href":"https:\/\/ictdf.synergyecosys.io\/index.php?rest_route=\/wp\/v2\/posts"}],"about":[{"href":"https:\/\/ictdf.synergyecosys.io\/index.php?rest_route=\/wp\/v2\/types\/post"}],"author":[{"embeddable":true,"href":"https:\/\/ictdf.synergyecosys.io\/index.php?rest_route=\/wp\/v2\/users\/1"}],"replies":[{"embeddable":true,"href":"https:\/\/ictdf.synergyecosys.io\/index.php?rest_route=%2Fwp%2Fv2%2Fcomments&post=457"}],"version-history":[{"count":0,"href":"https:\/\/ictdf.synergyecosys.io\/index.php?rest_route=\/wp\/v2\/posts\/457\/revisions"}],"wp:featuredmedia":[{"embeddable":true,"href":"https:\/\/ictdf.synergyecosys.io\/index.php?rest_route=\/wp\/v2\/media\/456"}],"wp:attachment":[{"href":"https:\/\/ictdf.synergyecosys.io\/index.php?rest_route=%2Fwp%2Fv2%2Fmedia&parent=457"}],"wp:term":[{"taxonomy":"category","embeddable":true,"href":"https:\/\/ictdf.synergyecosys.io\/index.php?rest_route=%2Fwp%2Fv2%2Fcategories&post=457"},{"taxonomy":"post_tag","embeddable":true,"href":"https:\/\/ictdf.synergyecosys.io\/index.php?rest_route=%2Fwp%2Fv2%2Ftags&post=457"}],"curies":[{"name":"wp","href":"https:\/\/api.w.org\/{rel}","templated":true}]}}