{"id":455,"date":"2026-03-11T07:32:30","date_gmt":"2026-03-11T10:32:30","guid":{"rendered":"https:\/\/ictdf.synergyecosys.io\/?p=455"},"modified":"2026-03-11T07:32:30","modified_gmt":"2026-03-11T10:32:30","slug":"cancer-nas-areias-oleosas-o-drama-dos-vizinhos-do-norte","status":"publish","type":"post","link":"https:\/\/ictdf.synergyecosys.io\/?p=455","title":{"rendered":"C\u00e2ncer nas Areias Oleosas: O Drama dos Vizinhos do Norte"},"content":{"rendered":"<p>Voc\u00ea j\u00e1 parou para pensar no pre\u00e7o que as comunidades pagam pela busca incessante por energia? No cora\u00e7\u00e3o de Alberta, no Canad\u00e1, as areias oleosas \u2013 ou areias betuminosas, como s\u00e3o conhecidas tecnicamente \u2013 representam uma das maiores reservas de petr\u00f3leo n\u00e3o convencional do mundo. Mas, para os vizinhos dessas vastas \u00e1reas de extra\u00e7\u00e3o, o que deveria ser uma fonte de prosperidade se transformou em um fantasma sombrio: o c\u00e2ncer.<\/p>\n<p>Eu me aprofundei nesse tema ao analisar relat\u00f3rios e estudos sobre a regi\u00e3o de Athabasca, e o que encontrei \u00e9 alarmante. Comunidades ind\u00edgenas, como a de Fort Chipewyan, relatam taxas elevadas de doen\u00e7as raras, ligadas \u00e0 polui\u00e7\u00e3o gerada pela minera\u00e7\u00e3o de petr\u00f3leo. Vamos descomplicar isso juntos e entender o que est\u00e1 acontecendo.<\/p>\n<h2>O que s\u00e3o as areias oleosas e por que elas importam?<\/h2>\n<p>As areias oleosas s\u00e3o dep\u00f3sitos naturais de areia, argila e \u00e1gua impregnados com <strong>betume<\/strong>, uma forma densa e viscosa de petr\u00f3leo. Diferente do \u00f3leo convencional, que flui facilmente, o betume \u00e9 como uma melado grosso em temperatura ambiente. Para extra\u00ed-lo, as empresas usam m\u00e9todos intensivos, como escava\u00e7\u00e3o a c\u00e9u aberto ou inje\u00e7\u00e3o de vapor no subsolo.<\/p>\n<p>Essa ind\u00fastria impulsiona a economia canadense, gerando bilh\u00f5es em receitas e empregos. No entanto, o processo consome enormes quantidades de \u00e1gua \u2013 equivalente a duas vezes o necess\u00e1rio para uma cidade como Calgary \u2013 e produz res\u00edduos t\u00f3xicos armazenados em lagoas de rejeitos. Esses elementos criam um cen\u00e1rio ambiental preocupante, especialmente para as popula\u00e7\u00f5es downstream.<\/p>\n<h2>Os fantasmas da sa\u00fade: c\u00e2ncer e outras doen\u00e7as<\/h2>\n<p>Em Fort Chipewyan, uma pequena comunidade ind\u00edgena a 300 km de Fort McMurray, o medo do c\u00e2ncer \u00e9 palp\u00e1vel. Estudos independentes, como o de 2006 liderado pelo m\u00e9dico John O&#8217;Connor, identificaram taxas 30% mais altas de c\u00e2nceres raros, como de ducto biliar e sarcomas de tecidos moles, em compara\u00e7\u00e3o com a m\u00e9dia provincial.<\/p>\n<p>A polui\u00e7\u00e3o vem na forma de emiss\u00f5es de ars\u00eanico, merc\u00fario e hidrocarbonetos arom\u00e1ticos polic\u00edclicos (PAHs), subst\u00e2ncias cancer\u00edgenas liberadas no ar, \u00e1gua e solo. Rios como o Athabasca, vital para a pesca e ca\u00e7a local, mostram n\u00edveis elevados de contaminantes. Para essas fam\u00edlias, que dependem da terra para sobreviver, o impacto \u00e9 devastador \u2013 n\u00e3o s\u00f3 na sa\u00fade f\u00edsica, mas no modo de vida cultural.<\/p>\n<h3>Evid\u00eancias cient\u00edficas e controv\u00e9rsias<\/h3>\n<p>Governo e ind\u00fastrias argumentam que n\u00e3o h\u00e1 liga\u00e7\u00e3o causal direta, citando estudos como o da Alberta Cancer Board, que questionou a metodologia de O&#8217;Connor. Mas relat\u00f3rios recentes da ONU e ONGs como a Pembina Institute refor\u00e7am as preocupa\u00e7\u00f5es, apontando para falhas na monitora\u00e7\u00e3o ambiental. Na minha vis\u00e3o, ao analisar esses dados conflitantes, fica claro que a precau\u00e7\u00e3o deve prevalecer sobre o lucro.<\/p>\n<h2>Impactos al\u00e9m da sa\u00fade: economia e sociedade<\/h2>\n<p>Para as comunidades, o c\u00e2ncer n\u00e3o \u00e9 s\u00f3 uma estat\u00edstica; \u00e9 uma crise que sobrecarrega sistemas de sa\u00fade limitados e erode a coes\u00e3o social. Economicamente, enquanto a extra\u00e7\u00e3o traz empregos tempor\u00e1rios, os custos de longo prazo com sa\u00fade e remedia\u00e7\u00e3o ambiental podem superar os benef\u00edcios. Ind\u00edgenas, que representam grande parte dos afetados, veem seus direitos ancestrais amea\u00e7ados pela expans\u00e3o industrial.<\/p>\n<p>Globalmente, isso reflete o dilema da transi\u00e7\u00e3o energ\u00e9tica: como equilibrar necessidades atuais com sustentabilidade futura? O Canad\u00e1, como exportador chave de petr\u00f3leo, enfrenta press\u00e3o internacional para reduzir emiss\u00f5es, que nas areias oleosas s\u00e3o 31% maiores que no \u00f3leo convencional.<\/p>\n<h2>Rumo a um futuro mais limpo: o que podemos aprender?<\/h2>\n<p>Olhando adiante, tend\u00eancias apontam para tecnologias mais verdes, como captura de carbono e extra\u00e7\u00e3o in-situ com menor impacto. Recomendo que governos invistam em monitora\u00e7\u00e3o independente e consulta genu\u00edna com povos ind\u00edgenas. Para n\u00f3s, consumidores, escolher fontes de energia renov\u00e1veis pode pressionar por mudan\u00e7as.<\/p>\n<p>Em resumo, o &#8216;fantasma&#8217; do c\u00e2ncer nas areias oleosas do Canad\u00e1 nos lembra que o progresso n\u00e3o pode vir \u00e0s custas da vida humana. Vamos nos informar e advogar por um mundo onde energia e sa\u00fade coexistam harmoniosamente. O que voc\u00ea acha? Compartilhe nos coment\u00e1rios.<\/p>\n","protected":false},"excerpt":{"rendered":"<p>A extra\u00e7\u00e3o nas areias betuminosas do Canad\u00e1 levanta preocupa\u00e7\u00f5es com c\u00e2ncer em comunidades pr\u00f3ximas. Saiba os impactos ambientais e de sa\u00fade nessa regi\u00e3o remota.<\/p>\n","protected":false},"author":1,"featured_media":454,"comment_status":"open","ping_status":"open","sticky":false,"template":"","format":"standard","meta":{"_acf_changed":false,"_eb_attr":"","footnotes":"","_wpscppro_dont_share_socialmedia":false,"_wpscppro_custom_social_share_image":0,"_facebook_share_type":"","_twitter_share_type":"","_linkedin_share_type":"","_pinterest_share_type":"","_linkedin_share_type_page":"","_instagram_share_type":"","_medium_share_type":"","_threads_share_type":"","_google_business_share_type":"","_selected_social_profile":[],"_wpsp_enable_custom_social_template":false,"_wpsp_social_scheduling":{"enabled":false,"datetime":null,"platforms":[],"status":"template_only","dateOption":"today","timeOption":"now","customDays":"","customHours":"","customDate":"","customTime":"","schedulingType":"absolute"},"_wpsp_active_default_template":true},"categories":[3],"tags":[],"class_list":["post-455","post","type-post","status-publish","format-standard","has-post-thumbnail","hentry","category-bem-estar"],"acf":[],"yoast_head":"<!-- This site is optimized with the Yoast SEO plugin v26.9 - https:\/\/yoast.com\/product\/yoast-seo-wordpress\/ -->\n<title>C\u00e2ncer nas Areias Oleosas: O Drama dos Vizinhos do Norte - ICTDF<\/title>\n<meta name=\"robots\" content=\"index, follow, max-snippet:-1, max-image-preview:large, max-video-preview:-1\" \/>\n<link rel=\"canonical\" href=\"https:\/\/ictdf.synergyecosys.io\/?p=455\" \/>\n<meta property=\"og:locale\" content=\"pt_BR\" \/>\n<meta property=\"og:type\" content=\"article\" \/>\n<meta property=\"og:title\" content=\"C\u00e2ncer nas Areias Oleosas: O Drama dos Vizinhos do Norte - ICTDF\" \/>\n<meta property=\"og:description\" content=\"A extra\u00e7\u00e3o nas areias betuminosas do Canad\u00e1 levanta preocupa\u00e7\u00f5es com c\u00e2ncer em comunidades pr\u00f3ximas. Saiba os impactos ambientais e de sa\u00fade nessa regi\u00e3o remota.\" \/>\n<meta property=\"og:url\" content=\"https:\/\/ictdf.synergyecosys.io\/?p=455\" \/>\n<meta property=\"og:site_name\" content=\"ICTDF\" \/>\n<meta property=\"article:published_time\" content=\"2026-03-11T10:32:30+00:00\" \/>\n<meta name=\"author\" content=\"admin\" \/>\n<meta name=\"twitter:card\" content=\"summary_large_image\" \/>\n<meta name=\"twitter:label1\" content=\"Escrito por\" \/>\n\t<meta name=\"twitter:data1\" content=\"admin\" \/>\n\t<meta name=\"twitter:label2\" content=\"Est. tempo de leitura\" \/>\n\t<meta name=\"twitter:data2\" content=\"4 minutos\" \/>\n<script type=\"application\/ld+json\" class=\"yoast-schema-graph\">{\"@context\":\"https:\/\/schema.org\",\"@graph\":[{\"@type\":\"Article\",\"@id\":\"https:\/\/ictdf.synergyecosys.io\/?p=455#article\",\"isPartOf\":{\"@id\":\"https:\/\/ictdf.synergyecosys.io\/?p=455\"},\"author\":{\"name\":\"admin\",\"@id\":\"https:\/\/ictdf.synergyecosys.io\/#\/schema\/person\/0b4488974b7b485188c0c01cb9f95b21\"},\"headline\":\"C\u00e2ncer nas Areias Oleosas: O Drama dos Vizinhos do Norte\",\"datePublished\":\"2026-03-11T10:32:30+00:00\",\"mainEntityOfPage\":{\"@id\":\"https:\/\/ictdf.synergyecosys.io\/?p=455\"},\"wordCount\":735,\"commentCount\":0,\"publisher\":{\"@id\":\"https:\/\/ictdf.synergyecosys.io\/#organization\"},\"image\":{\"@id\":\"https:\/\/ictdf.synergyecosys.io\/?p=455#primaryimage\"},\"thumbnailUrl\":\"https:\/\/ictdf.synergyecosys.io\/wp-content\/uploads\/2026\/03\/imagem-Cyncer-Assombra-Vizinhos-das-Areias-Oleosas-do-Canady.png\",\"articleSection\":[\"Bem-estar\"],\"inLanguage\":\"pt-BR\",\"potentialAction\":[{\"@type\":\"CommentAction\",\"name\":\"Comment\",\"target\":[\"https:\/\/ictdf.synergyecosys.io\/?p=455#respond\"]}]},{\"@type\":\"WebPage\",\"@id\":\"https:\/\/ictdf.synergyecosys.io\/?p=455\",\"url\":\"https:\/\/ictdf.synergyecosys.io\/?p=455\",\"name\":\"C\u00e2ncer nas Areias Oleosas: O Drama dos Vizinhos do Norte - ICTDF\",\"isPartOf\":{\"@id\":\"https:\/\/ictdf.synergyecosys.io\/#website\"},\"primaryImageOfPage\":{\"@id\":\"https:\/\/ictdf.synergyecosys.io\/?p=455#primaryimage\"},\"image\":{\"@id\":\"https:\/\/ictdf.synergyecosys.io\/?p=455#primaryimage\"},\"thumbnailUrl\":\"https:\/\/ictdf.synergyecosys.io\/wp-content\/uploads\/2026\/03\/imagem-Cyncer-Assombra-Vizinhos-das-Areias-Oleosas-do-Canady.png\",\"datePublished\":\"2026-03-11T10:32:30+00:00\",\"breadcrumb\":{\"@id\":\"https:\/\/ictdf.synergyecosys.io\/?p=455#breadcrumb\"},\"inLanguage\":\"pt-BR\",\"potentialAction\":[{\"@type\":\"ReadAction\",\"target\":[\"https:\/\/ictdf.synergyecosys.io\/?p=455\"]}]},{\"@type\":\"ImageObject\",\"inLanguage\":\"pt-BR\",\"@id\":\"https:\/\/ictdf.synergyecosys.io\/?p=455#primaryimage\",\"url\":\"https:\/\/ictdf.synergyecosys.io\/wp-content\/uploads\/2026\/03\/imagem-Cyncer-Assombra-Vizinhos-das-Areias-Oleosas-do-Canady.png\",\"contentUrl\":\"https:\/\/ictdf.synergyecosys.io\/wp-content\/uploads\/2026\/03\/imagem-Cyncer-Assombra-Vizinhos-das-Areias-Oleosas-do-Canady.png\",\"width\":1696,\"height\":960},{\"@type\":\"BreadcrumbList\",\"@id\":\"https:\/\/ictdf.synergyecosys.io\/?p=455#breadcrumb\",\"itemListElement\":[{\"@type\":\"ListItem\",\"position\":1,\"name\":\"In\u00edcio\",\"item\":\"https:\/\/ictdf.synergyecosys.io\/\"},{\"@type\":\"ListItem\",\"position\":2,\"name\":\"C\u00e2ncer nas Areias Oleosas: O Drama dos Vizinhos do Norte\"}]},{\"@type\":\"WebSite\",\"@id\":\"https:\/\/ictdf.synergyecosys.io\/#website\",\"url\":\"https:\/\/ictdf.synergyecosys.io\/\",\"name\":\"ICTDF\",\"description\":\"\",\"publisher\":{\"@id\":\"https:\/\/ictdf.synergyecosys.io\/#organization\"},\"potentialAction\":[{\"@type\":\"SearchAction\",\"target\":{\"@type\":\"EntryPoint\",\"urlTemplate\":\"https:\/\/ictdf.synergyecosys.io\/?s={search_term_string}\"},\"query-input\":{\"@type\":\"PropertyValueSpecification\",\"valueRequired\":true,\"valueName\":\"search_term_string\"}}],\"inLanguage\":\"pt-BR\"},{\"@type\":\"Organization\",\"@id\":\"https:\/\/ictdf.synergyecosys.io\/#organization\",\"name\":\"ICTDF\",\"url\":\"https:\/\/ictdf.synergyecosys.io\/\",\"logo\":{\"@type\":\"ImageObject\",\"inLanguage\":\"pt-BR\",\"@id\":\"https:\/\/ictdf.synergyecosys.io\/#\/schema\/logo\/image\/\",\"url\":\"https:\/\/ictdf.synergyecosys.io\/wp-content\/uploads\/2026\/02\/cropped-cropped-ICTDF_logo_transparente.png\",\"contentUrl\":\"https:\/\/ictdf.synergyecosys.io\/wp-content\/uploads\/2026\/02\/cropped-cropped-ICTDF_logo_transparente.png\",\"width\":450,\"height\":141,\"caption\":\"ICTDF\"},\"image\":{\"@id\":\"https:\/\/ictdf.synergyecosys.io\/#\/schema\/logo\/image\/\"}},{\"@type\":\"Person\",\"@id\":\"https:\/\/ictdf.synergyecosys.io\/#\/schema\/person\/0b4488974b7b485188c0c01cb9f95b21\",\"name\":\"admin\",\"image\":{\"@type\":\"ImageObject\",\"inLanguage\":\"pt-BR\",\"@id\":\"https:\/\/ictdf.synergyecosys.io\/#\/schema\/person\/image\/\",\"url\":\"https:\/\/secure.gravatar.com\/avatar\/ee6b87b4bde4f4817334740781bdb6e270748065085879a5aa2018d8006922fa?s=96&d=mm&r=g\",\"contentUrl\":\"https:\/\/secure.gravatar.com\/avatar\/ee6b87b4bde4f4817334740781bdb6e270748065085879a5aa2018d8006922fa?s=96&d=mm&r=g\",\"caption\":\"admin\"},\"sameAs\":[\"https:\/\/ictdf.synergyecosys.io\"],\"url\":\"https:\/\/ictdf.synergyecosys.io\/?author=1\"}]}<\/script>\n<!-- \/ Yoast SEO plugin. -->","yoast_head_json":{"title":"C\u00e2ncer nas Areias Oleosas: O Drama dos Vizinhos do Norte - ICTDF","robots":{"index":"index","follow":"follow","max-snippet":"max-snippet:-1","max-image-preview":"max-image-preview:large","max-video-preview":"max-video-preview:-1"},"canonical":"https:\/\/ictdf.synergyecosys.io\/?p=455","og_locale":"pt_BR","og_type":"article","og_title":"C\u00e2ncer nas Areias Oleosas: O Drama dos Vizinhos do Norte - ICTDF","og_description":"A extra\u00e7\u00e3o nas areias betuminosas do Canad\u00e1 levanta preocupa\u00e7\u00f5es com c\u00e2ncer em comunidades pr\u00f3ximas. Saiba os impactos ambientais e de sa\u00fade nessa regi\u00e3o remota.","og_url":"https:\/\/ictdf.synergyecosys.io\/?p=455","og_site_name":"ICTDF","article_published_time":"2026-03-11T10:32:30+00:00","author":"admin","twitter_card":"summary_large_image","twitter_misc":{"Escrito por":"admin","Est. tempo de leitura":"4 minutos"},"schema":{"@context":"https:\/\/schema.org","@graph":[{"@type":"Article","@id":"https:\/\/ictdf.synergyecosys.io\/?p=455#article","isPartOf":{"@id":"https:\/\/ictdf.synergyecosys.io\/?p=455"},"author":{"name":"admin","@id":"https:\/\/ictdf.synergyecosys.io\/#\/schema\/person\/0b4488974b7b485188c0c01cb9f95b21"},"headline":"C\u00e2ncer nas Areias Oleosas: O Drama dos Vizinhos do Norte","datePublished":"2026-03-11T10:32:30+00:00","mainEntityOfPage":{"@id":"https:\/\/ictdf.synergyecosys.io\/?p=455"},"wordCount":735,"commentCount":0,"publisher":{"@id":"https:\/\/ictdf.synergyecosys.io\/#organization"},"image":{"@id":"https:\/\/ictdf.synergyecosys.io\/?p=455#primaryimage"},"thumbnailUrl":"https:\/\/ictdf.synergyecosys.io\/wp-content\/uploads\/2026\/03\/imagem-Cyncer-Assombra-Vizinhos-das-Areias-Oleosas-do-Canady.png","articleSection":["Bem-estar"],"inLanguage":"pt-BR","potentialAction":[{"@type":"CommentAction","name":"Comment","target":["https:\/\/ictdf.synergyecosys.io\/?p=455#respond"]}]},{"@type":"WebPage","@id":"https:\/\/ictdf.synergyecosys.io\/?p=455","url":"https:\/\/ictdf.synergyecosys.io\/?p=455","name":"C\u00e2ncer nas Areias Oleosas: O Drama dos Vizinhos do Norte - ICTDF","isPartOf":{"@id":"https:\/\/ictdf.synergyecosys.io\/#website"},"primaryImageOfPage":{"@id":"https:\/\/ictdf.synergyecosys.io\/?p=455#primaryimage"},"image":{"@id":"https:\/\/ictdf.synergyecosys.io\/?p=455#primaryimage"},"thumbnailUrl":"https:\/\/ictdf.synergyecosys.io\/wp-content\/uploads\/2026\/03\/imagem-Cyncer-Assombra-Vizinhos-das-Areias-Oleosas-do-Canady.png","datePublished":"2026-03-11T10:32:30+00:00","breadcrumb":{"@id":"https:\/\/ictdf.synergyecosys.io\/?p=455#breadcrumb"},"inLanguage":"pt-BR","potentialAction":[{"@type":"ReadAction","target":["https:\/\/ictdf.synergyecosys.io\/?p=455"]}]},{"@type":"ImageObject","inLanguage":"pt-BR","@id":"https:\/\/ictdf.synergyecosys.io\/?p=455#primaryimage","url":"https:\/\/ictdf.synergyecosys.io\/wp-content\/uploads\/2026\/03\/imagem-Cyncer-Assombra-Vizinhos-das-Areias-Oleosas-do-Canady.png","contentUrl":"https:\/\/ictdf.synergyecosys.io\/wp-content\/uploads\/2026\/03\/imagem-Cyncer-Assombra-Vizinhos-das-Areias-Oleosas-do-Canady.png","width":1696,"height":960},{"@type":"BreadcrumbList","@id":"https:\/\/ictdf.synergyecosys.io\/?p=455#breadcrumb","itemListElement":[{"@type":"ListItem","position":1,"name":"In\u00edcio","item":"https:\/\/ictdf.synergyecosys.io\/"},{"@type":"ListItem","position":2,"name":"C\u00e2ncer nas Areias Oleosas: O Drama dos Vizinhos do Norte"}]},{"@type":"WebSite","@id":"https:\/\/ictdf.synergyecosys.io\/#website","url":"https:\/\/ictdf.synergyecosys.io\/","name":"ICTDF","description":"","publisher":{"@id":"https:\/\/ictdf.synergyecosys.io\/#organization"},"potentialAction":[{"@type":"SearchAction","target":{"@type":"EntryPoint","urlTemplate":"https:\/\/ictdf.synergyecosys.io\/?s={search_term_string}"},"query-input":{"@type":"PropertyValueSpecification","valueRequired":true,"valueName":"search_term_string"}}],"inLanguage":"pt-BR"},{"@type":"Organization","@id":"https:\/\/ictdf.synergyecosys.io\/#organization","name":"ICTDF","url":"https:\/\/ictdf.synergyecosys.io\/","logo":{"@type":"ImageObject","inLanguage":"pt-BR","@id":"https:\/\/ictdf.synergyecosys.io\/#\/schema\/logo\/image\/","url":"https:\/\/ictdf.synergyecosys.io\/wp-content\/uploads\/2026\/02\/cropped-cropped-ICTDF_logo_transparente.png","contentUrl":"https:\/\/ictdf.synergyecosys.io\/wp-content\/uploads\/2026\/02\/cropped-cropped-ICTDF_logo_transparente.png","width":450,"height":141,"caption":"ICTDF"},"image":{"@id":"https:\/\/ictdf.synergyecosys.io\/#\/schema\/logo\/image\/"}},{"@type":"Person","@id":"https:\/\/ictdf.synergyecosys.io\/#\/schema\/person\/0b4488974b7b485188c0c01cb9f95b21","name":"admin","image":{"@type":"ImageObject","inLanguage":"pt-BR","@id":"https:\/\/ictdf.synergyecosys.io\/#\/schema\/person\/image\/","url":"https:\/\/secure.gravatar.com\/avatar\/ee6b87b4bde4f4817334740781bdb6e270748065085879a5aa2018d8006922fa?s=96&d=mm&r=g","contentUrl":"https:\/\/secure.gravatar.com\/avatar\/ee6b87b4bde4f4817334740781bdb6e270748065085879a5aa2018d8006922fa?s=96&d=mm&r=g","caption":"admin"},"sameAs":["https:\/\/ictdf.synergyecosys.io"],"url":"https:\/\/ictdf.synergyecosys.io\/?author=1"}]}},"_links":{"self":[{"href":"https:\/\/ictdf.synergyecosys.io\/index.php?rest_route=\/wp\/v2\/posts\/455","targetHints":{"allow":["GET"]}}],"collection":[{"href":"https:\/\/ictdf.synergyecosys.io\/index.php?rest_route=\/wp\/v2\/posts"}],"about":[{"href":"https:\/\/ictdf.synergyecosys.io\/index.php?rest_route=\/wp\/v2\/types\/post"}],"author":[{"embeddable":true,"href":"https:\/\/ictdf.synergyecosys.io\/index.php?rest_route=\/wp\/v2\/users\/1"}],"replies":[{"embeddable":true,"href":"https:\/\/ictdf.synergyecosys.io\/index.php?rest_route=%2Fwp%2Fv2%2Fcomments&post=455"}],"version-history":[{"count":0,"href":"https:\/\/ictdf.synergyecosys.io\/index.php?rest_route=\/wp\/v2\/posts\/455\/revisions"}],"wp:featuredmedia":[{"embeddable":true,"href":"https:\/\/ictdf.synergyecosys.io\/index.php?rest_route=\/wp\/v2\/media\/454"}],"wp:attachment":[{"href":"https:\/\/ictdf.synergyecosys.io\/index.php?rest_route=%2Fwp%2Fv2%2Fmedia&parent=455"}],"wp:term":[{"taxonomy":"category","embeddable":true,"href":"https:\/\/ictdf.synergyecosys.io\/index.php?rest_route=%2Fwp%2Fv2%2Fcategories&post=455"},{"taxonomy":"post_tag","embeddable":true,"href":"https:\/\/ictdf.synergyecosys.io\/index.php?rest_route=%2Fwp%2Fv2%2Ftags&post=455"}],"curies":[{"name":"wp","href":"https:\/\/api.w.org\/{rel}","templated":true}]}}