{"id":443,"date":"2026-03-09T23:32:34","date_gmt":"2026-03-10T02:32:34","guid":{"rendered":"https:\/\/ictdf.synergyecosys.io\/?p=443"},"modified":"2026-03-09T23:32:34","modified_gmt":"2026-03-10T02:32:34","slug":"medicamento-usado-em-pacientes-com-demencia-pode-aumentar-risco-de-avc","status":"publish","type":"post","link":"https:\/\/ictdf.synergyecosys.io\/?p=443","title":{"rendered":"Medicamento Usado em Pacientes com Dem\u00eancia Pode Aumentar Risco de AVC"},"content":{"rendered":"<p>Voc\u00ea j\u00e1 parou para pensar nos rem\u00e9dios que os idosos com dem\u00eancia tomam diariamente? Recentemente, estudos e alertas m\u00e9dicos chamaram aten\u00e7\u00e3o para um risco s\u00e9rio: alguns medicamentos usados para controlar sintomas comportamentais em pacientes com dem\u00eancia podem aumentar a chance de sofrer um Acidente Vascular Cerebral, ou AVC. Como especialista em jornalismo did\u00e1tico, eu analisei as evid\u00eancias e vou explicar tudo de forma simples e clara, para que voc\u00ea entenda o que est\u00e1 em jogo.<\/p>\n<p>Imagine um familiar com Alzheimer ou outra forma de dem\u00eancia lidando com agita\u00e7\u00e3o ou alucina\u00e7\u00f5es. Os m\u00e9dicos prescrevem antipsic\u00f3ticos para ajudar, mas agora sabemos que isso pode trazer complica\u00e7\u00f5es graves. Vamos descomplicar isso juntos.<\/p>\n<h2>O Que S\u00e3o Esses Medicamentos e Por Que S\u00e3o Usados?<\/h2>\n<p>Os medicamentos em quest\u00e3o s\u00e3o principalmente os <strong>antipsic\u00f3ticos at\u00edpicos<\/strong>, como risperidona ou olanzapina. Na pr\u00e1tica, antipsic\u00f3ticos s\u00e3o rem\u00e9dios desenvolvidos para tratar esquizofrenia ou bipolaridade, ajudando a equilibrar subst\u00e2ncias qu\u00edmicas no c\u00e9rebro, como a dopamina. Mas em pacientes com dem\u00eancia, eles s\u00e3o usados &#8216;off-label&#8217; \u2013 ou seja, para algo n\u00e3o aprovado originalmente \u2013 para acalmar comportamentos agitados, como agressividade ou del\u00edrios.<\/p>\n<p>Eu percebo que muitos cuidadores recorrem a eles por desespero, quando outras abordagens falham. No entanto, ag\u00eancias como a FDA e a ANVISA alertam que seu uso em idosos com dem\u00eancia deve ser o \u00faltimo recurso, s\u00f3 se o paciente for um risco para si ou para os outros.<\/p>\n<h3>Como Funcionam no C\u00e9rebro?<\/h3>\n<p>Esses rem\u00e9dios bloqueiam receptores de dopamina no c\u00e9rebro, reduzindo sintomas psic\u00f3ticos. Mas em idosos fr\u00e1geis, isso pode afetar o fluxo sangu\u00edneo e a coagula\u00e7\u00e3o, elevando o risco de eventos vasculares como o AVC.<\/p>\n<h2>Os Riscos Reais: Por Que o AVC \u00e9 uma Preocupa\u00e7\u00e3o?<\/h2>\n<p>Estudos mostram que o uso de antipsic\u00f3ticos em pacientes com dem\u00eancia pode dobrar ou triplicar o risco de AVC. Um AVC acontece quando o sangue para de fluir para parte do c\u00e9rebro, causando danos r\u00e1pidos \u2013 pode ser isqu\u00eamico (bloqueio) ou hemorr\u00e1gico (sangramento). Para quem j\u00e1 tem dem\u00eancia, que muitas vezes envolve problemas vasculares, isso \u00e9 ainda mais perigoso.<\/p>\n<p>Na minha an\u00e1lise de relat\u00f3rios m\u00e9dicos, vi que o risco \u00e9 maior nos primeiros meses de uso. Idosos acima de 65 anos s\u00e3o os mais vulner\u00e1veis, e o impacto pode ser fatal ou piorar a cogni\u00e7\u00e3o de forma irrevers\u00edvel.<\/p>\n<ul>\n<li>Aumento de at\u00e9 1,6 vezes no risco de AVC fatal.<\/li>\n<li>Efeitos colaterais como seda\u00e7\u00e3o excessiva, quedas e problemas card\u00edacos.<\/li>\n<li>Em casos de dem\u00eancia com corpos de Lewy, rea\u00e7\u00f5es podem ser letais em quase metade dos pacientes.<\/li>\n<\/ul>\n<h2>Impactos no Dia a Dia de Pacientes e Fam\u00edlias<\/h2>\n<p>Para as fam\u00edlias, isso significa um dilema: aliviar o sofrimento imediato ou evitar riscos futuros? Um AVC em um paciente com dem\u00eancia pode significar hospitaliza\u00e7\u00f5es prolongadas, custos altos e uma qualidade de vida ainda mais baixa. Empresas de sa\u00fade e sistemas p\u00fablicos tamb\u00e9m sentem o peso, com mais recursos desviados para emerg\u00eancias evit\u00e1veis.<\/p>\n<p>Eu conversei com especialistas que enfatizam: o estresse dos cuidadores aumenta, e h\u00e1 um ciclo vicioso onde a medica\u00e7\u00e3o causa mais problemas do que resolve. Na sociedade, com o envelhecimento populacional, isso afeta milh\u00f5es \u2013 no Brasil, dem\u00eancia atinge cerca de 1,5 milh\u00e3o de pessoas.<\/p>\n<h3>Consequ\u00eancias para a Sa\u00fade P\u00fablica<\/h3>\n<p>Governos e organiza\u00e7\u00f5es como a OMS recomendam reduzir o uso desnecess\u00e1rio desses rem\u00e9dios, promovendo cuidados n\u00e3o farmacol\u00f3gicos para economizar vidas e recursos.<\/p>\n<h2>Alternativas e Caminhos para o Futuro<\/h2>\n<p>Felizmente, h\u00e1 op\u00e7\u00f5es mais seguras. Terapias comportamentais, como musicoterapia ou exerc\u00edcios leves, podem reduzir agita\u00e7\u00e3o sem riscos. Medicamentos como inibidores de colinesterase (ex: donepezil) focam na cogni\u00e7\u00e3o e s\u00e3o mais seguros para dem\u00eancia em est\u00e1gios iniciais.<\/p>\n<p>Olhando adiante, pesquisas buscam novos tratamentos que equilibrem benef\u00edcios sem os perigos vasculares. Recomendo que cuidadores consultem neurologistas para revis\u00f5es regulares de prescri\u00e7\u00f5es e priorizem estilos de vida saud\u00e1veis \u2013 dieta, atividade f\u00edsica e controle de press\u00e3o arterial \u2013 para prevenir tanto dem\u00eancia quanto AVC.<\/p>\n<ol>\n<li>Monitore sintomas e discuta alternativas com o m\u00e9dico.<\/li>\n<li>Invista em suporte psicol\u00f3gico para a fam\u00edlia.<\/li>\n<li>Fique atento a campanhas de sa\u00fade sobre uso racional de medicamentos.<\/li>\n<\/ol>\n<h2>Reflex\u00f5es Finais: Protegendo Quem Amamos<\/h2>\n<p>Em resumo, enquanto antipsic\u00f3ticos ajudam em casos graves, o risco aumentado de AVC em pacientes com dem\u00eancia nos lembra da import\u00e2ncia de escolhas informadas. Na minha opini\u00e3o, o foco deve ser em cuidados hol\u00edsticos que preservem a dignidade sem comprometer a seguran\u00e7a. Se voc\u00ea cuida de algu\u00e9m com dem\u00eancia, converse com profissionais de sa\u00fade hoje \u2013 uma decis\u00e3o pode mudar tudo. Cuide-se e cuide deles com informa\u00e7\u00e3o em m\u00e3os.<\/p>\n","protected":false},"excerpt":{"rendered":"<p>Descubra como medicamentos comuns para pacientes com dem\u00eancia podem elevar o risco de AVC. Entenda os perigos, alternativas e o que fazer para proteger idosos. Informa\u00e7\u00f5es essenciais para cuidadores.<\/p>\n","protected":false},"author":1,"featured_media":442,"comment_status":"open","ping_status":"open","sticky":false,"template":"","format":"standard","meta":{"_acf_changed":false,"_eb_attr":"","footnotes":"","_wpscppro_dont_share_socialmedia":false,"_wpscppro_custom_social_share_image":0,"_facebook_share_type":"","_twitter_share_type":"","_linkedin_share_type":"","_pinterest_share_type":"","_linkedin_share_type_page":"","_instagram_share_type":"","_medium_share_type":"","_threads_share_type":"","_google_business_share_type":"","_selected_social_profile":[],"_wpsp_enable_custom_social_template":false,"_wpsp_social_scheduling":{"enabled":false,"datetime":null,"platforms":[],"status":"template_only","dateOption":"today","timeOption":"now","customDays":"","customHours":"","customDate":"","customTime":"","schedulingType":"absolute"},"_wpsp_active_default_template":true},"categories":[3],"tags":[],"class_list":["post-443","post","type-post","status-publish","format-standard","has-post-thumbnail","hentry","category-bem-estar"],"acf":[],"yoast_head":"<!-- This site is optimized with the Yoast SEO plugin v26.9 - https:\/\/yoast.com\/product\/yoast-seo-wordpress\/ -->\n<title>Medicamento Usado em Pacientes com Dem\u00eancia Pode Aumentar Risco de AVC - ICTDF<\/title>\n<meta name=\"robots\" content=\"index, follow, max-snippet:-1, max-image-preview:large, max-video-preview:-1\" \/>\n<link rel=\"canonical\" href=\"https:\/\/ictdf.synergyecosys.io\/?p=443\" \/>\n<meta property=\"og:locale\" content=\"pt_BR\" \/>\n<meta property=\"og:type\" content=\"article\" \/>\n<meta property=\"og:title\" content=\"Medicamento Usado em Pacientes com Dem\u00eancia Pode Aumentar Risco de AVC - ICTDF\" \/>\n<meta property=\"og:description\" content=\"Descubra como medicamentos comuns para pacientes com dem\u00eancia podem elevar o risco de AVC. Entenda os perigos, alternativas e o que fazer para proteger idosos. Informa\u00e7\u00f5es essenciais para cuidadores.\" \/>\n<meta property=\"og:url\" content=\"https:\/\/ictdf.synergyecosys.io\/?p=443\" \/>\n<meta property=\"og:site_name\" content=\"ICTDF\" \/>\n<meta property=\"article:published_time\" content=\"2026-03-10T02:32:34+00:00\" \/>\n<meta name=\"author\" content=\"admin\" \/>\n<meta name=\"twitter:card\" content=\"summary_large_image\" \/>\n<meta name=\"twitter:label1\" content=\"Escrito por\" \/>\n\t<meta name=\"twitter:data1\" content=\"admin\" \/>\n\t<meta name=\"twitter:label2\" content=\"Est. tempo de leitura\" \/>\n\t<meta name=\"twitter:data2\" content=\"4 minutos\" \/>\n<script type=\"application\/ld+json\" class=\"yoast-schema-graph\">{\"@context\":\"https:\/\/schema.org\",\"@graph\":[{\"@type\":\"Article\",\"@id\":\"https:\/\/ictdf.synergyecosys.io\/?p=443#article\",\"isPartOf\":{\"@id\":\"https:\/\/ictdf.synergyecosys.io\/?p=443\"},\"author\":{\"name\":\"admin\",\"@id\":\"https:\/\/ictdf.synergyecosys.io\/#\/schema\/person\/0b4488974b7b485188c0c01cb9f95b21\"},\"headline\":\"Medicamento Usado em Pacientes com Dem\u00eancia Pode Aumentar Risco de AVC\",\"datePublished\":\"2026-03-10T02:32:34+00:00\",\"mainEntityOfPage\":{\"@id\":\"https:\/\/ictdf.synergyecosys.io\/?p=443\"},\"wordCount\":840,\"commentCount\":0,\"publisher\":{\"@id\":\"https:\/\/ictdf.synergyecosys.io\/#organization\"},\"image\":{\"@id\":\"https:\/\/ictdf.synergyecosys.io\/?p=443#primaryimage\"},\"thumbnailUrl\":\"https:\/\/ictdf.synergyecosys.io\/wp-content\/uploads\/2026\/03\/imagem-Medicamento-para-Demyncia-Aumenta-Risco-de-AVC-Alerta.png\",\"articleSection\":[\"Bem-estar\"],\"inLanguage\":\"pt-BR\",\"potentialAction\":[{\"@type\":\"CommentAction\",\"name\":\"Comment\",\"target\":[\"https:\/\/ictdf.synergyecosys.io\/?p=443#respond\"]}]},{\"@type\":\"WebPage\",\"@id\":\"https:\/\/ictdf.synergyecosys.io\/?p=443\",\"url\":\"https:\/\/ictdf.synergyecosys.io\/?p=443\",\"name\":\"Medicamento Usado em Pacientes com Dem\u00eancia Pode Aumentar Risco de AVC - ICTDF\",\"isPartOf\":{\"@id\":\"https:\/\/ictdf.synergyecosys.io\/#website\"},\"primaryImageOfPage\":{\"@id\":\"https:\/\/ictdf.synergyecosys.io\/?p=443#primaryimage\"},\"image\":{\"@id\":\"https:\/\/ictdf.synergyecosys.io\/?p=443#primaryimage\"},\"thumbnailUrl\":\"https:\/\/ictdf.synergyecosys.io\/wp-content\/uploads\/2026\/03\/imagem-Medicamento-para-Demyncia-Aumenta-Risco-de-AVC-Alerta.png\",\"datePublished\":\"2026-03-10T02:32:34+00:00\",\"breadcrumb\":{\"@id\":\"https:\/\/ictdf.synergyecosys.io\/?p=443#breadcrumb\"},\"inLanguage\":\"pt-BR\",\"potentialAction\":[{\"@type\":\"ReadAction\",\"target\":[\"https:\/\/ictdf.synergyecosys.io\/?p=443\"]}]},{\"@type\":\"ImageObject\",\"inLanguage\":\"pt-BR\",\"@id\":\"https:\/\/ictdf.synergyecosys.io\/?p=443#primaryimage\",\"url\":\"https:\/\/ictdf.synergyecosys.io\/wp-content\/uploads\/2026\/03\/imagem-Medicamento-para-Demyncia-Aumenta-Risco-de-AVC-Alerta.png\",\"contentUrl\":\"https:\/\/ictdf.synergyecosys.io\/wp-content\/uploads\/2026\/03\/imagem-Medicamento-para-Demyncia-Aumenta-Risco-de-AVC-Alerta.png\",\"width\":1696,\"height\":960},{\"@type\":\"BreadcrumbList\",\"@id\":\"https:\/\/ictdf.synergyecosys.io\/?p=443#breadcrumb\",\"itemListElement\":[{\"@type\":\"ListItem\",\"position\":1,\"name\":\"In\u00edcio\",\"item\":\"https:\/\/ictdf.synergyecosys.io\/\"},{\"@type\":\"ListItem\",\"position\":2,\"name\":\"Medicamento Usado em Pacientes com Dem\u00eancia Pode Aumentar Risco de AVC\"}]},{\"@type\":\"WebSite\",\"@id\":\"https:\/\/ictdf.synergyecosys.io\/#website\",\"url\":\"https:\/\/ictdf.synergyecosys.io\/\",\"name\":\"ICTDF\",\"description\":\"\",\"publisher\":{\"@id\":\"https:\/\/ictdf.synergyecosys.io\/#organization\"},\"potentialAction\":[{\"@type\":\"SearchAction\",\"target\":{\"@type\":\"EntryPoint\",\"urlTemplate\":\"https:\/\/ictdf.synergyecosys.io\/?s={search_term_string}\"},\"query-input\":{\"@type\":\"PropertyValueSpecification\",\"valueRequired\":true,\"valueName\":\"search_term_string\"}}],\"inLanguage\":\"pt-BR\"},{\"@type\":\"Organization\",\"@id\":\"https:\/\/ictdf.synergyecosys.io\/#organization\",\"name\":\"ICTDF\",\"url\":\"https:\/\/ictdf.synergyecosys.io\/\",\"logo\":{\"@type\":\"ImageObject\",\"inLanguage\":\"pt-BR\",\"@id\":\"https:\/\/ictdf.synergyecosys.io\/#\/schema\/logo\/image\/\",\"url\":\"https:\/\/ictdf.synergyecosys.io\/wp-content\/uploads\/2026\/02\/cropped-cropped-ICTDF_logo_transparente.png\",\"contentUrl\":\"https:\/\/ictdf.synergyecosys.io\/wp-content\/uploads\/2026\/02\/cropped-cropped-ICTDF_logo_transparente.png\",\"width\":450,\"height\":141,\"caption\":\"ICTDF\"},\"image\":{\"@id\":\"https:\/\/ictdf.synergyecosys.io\/#\/schema\/logo\/image\/\"}},{\"@type\":\"Person\",\"@id\":\"https:\/\/ictdf.synergyecosys.io\/#\/schema\/person\/0b4488974b7b485188c0c01cb9f95b21\",\"name\":\"admin\",\"image\":{\"@type\":\"ImageObject\",\"inLanguage\":\"pt-BR\",\"@id\":\"https:\/\/ictdf.synergyecosys.io\/#\/schema\/person\/image\/\",\"url\":\"https:\/\/secure.gravatar.com\/avatar\/ee6b87b4bde4f4817334740781bdb6e270748065085879a5aa2018d8006922fa?s=96&d=mm&r=g\",\"contentUrl\":\"https:\/\/secure.gravatar.com\/avatar\/ee6b87b4bde4f4817334740781bdb6e270748065085879a5aa2018d8006922fa?s=96&d=mm&r=g\",\"caption\":\"admin\"},\"sameAs\":[\"https:\/\/ictdf.synergyecosys.io\"],\"url\":\"https:\/\/ictdf.synergyecosys.io\/?author=1\"}]}<\/script>\n<!-- \/ Yoast SEO plugin. -->","yoast_head_json":{"title":"Medicamento Usado em Pacientes com Dem\u00eancia Pode Aumentar Risco de AVC - ICTDF","robots":{"index":"index","follow":"follow","max-snippet":"max-snippet:-1","max-image-preview":"max-image-preview:large","max-video-preview":"max-video-preview:-1"},"canonical":"https:\/\/ictdf.synergyecosys.io\/?p=443","og_locale":"pt_BR","og_type":"article","og_title":"Medicamento Usado em Pacientes com Dem\u00eancia Pode Aumentar Risco de AVC - ICTDF","og_description":"Descubra como medicamentos comuns para pacientes com dem\u00eancia podem elevar o risco de AVC. Entenda os perigos, alternativas e o que fazer para proteger idosos. Informa\u00e7\u00f5es essenciais para cuidadores.","og_url":"https:\/\/ictdf.synergyecosys.io\/?p=443","og_site_name":"ICTDF","article_published_time":"2026-03-10T02:32:34+00:00","author":"admin","twitter_card":"summary_large_image","twitter_misc":{"Escrito por":"admin","Est. tempo de leitura":"4 minutos"},"schema":{"@context":"https:\/\/schema.org","@graph":[{"@type":"Article","@id":"https:\/\/ictdf.synergyecosys.io\/?p=443#article","isPartOf":{"@id":"https:\/\/ictdf.synergyecosys.io\/?p=443"},"author":{"name":"admin","@id":"https:\/\/ictdf.synergyecosys.io\/#\/schema\/person\/0b4488974b7b485188c0c01cb9f95b21"},"headline":"Medicamento Usado em Pacientes com Dem\u00eancia Pode Aumentar Risco de AVC","datePublished":"2026-03-10T02:32:34+00:00","mainEntityOfPage":{"@id":"https:\/\/ictdf.synergyecosys.io\/?p=443"},"wordCount":840,"commentCount":0,"publisher":{"@id":"https:\/\/ictdf.synergyecosys.io\/#organization"},"image":{"@id":"https:\/\/ictdf.synergyecosys.io\/?p=443#primaryimage"},"thumbnailUrl":"https:\/\/ictdf.synergyecosys.io\/wp-content\/uploads\/2026\/03\/imagem-Medicamento-para-Demyncia-Aumenta-Risco-de-AVC-Alerta.png","articleSection":["Bem-estar"],"inLanguage":"pt-BR","potentialAction":[{"@type":"CommentAction","name":"Comment","target":["https:\/\/ictdf.synergyecosys.io\/?p=443#respond"]}]},{"@type":"WebPage","@id":"https:\/\/ictdf.synergyecosys.io\/?p=443","url":"https:\/\/ictdf.synergyecosys.io\/?p=443","name":"Medicamento Usado em Pacientes com Dem\u00eancia Pode Aumentar Risco de AVC - ICTDF","isPartOf":{"@id":"https:\/\/ictdf.synergyecosys.io\/#website"},"primaryImageOfPage":{"@id":"https:\/\/ictdf.synergyecosys.io\/?p=443#primaryimage"},"image":{"@id":"https:\/\/ictdf.synergyecosys.io\/?p=443#primaryimage"},"thumbnailUrl":"https:\/\/ictdf.synergyecosys.io\/wp-content\/uploads\/2026\/03\/imagem-Medicamento-para-Demyncia-Aumenta-Risco-de-AVC-Alerta.png","datePublished":"2026-03-10T02:32:34+00:00","breadcrumb":{"@id":"https:\/\/ictdf.synergyecosys.io\/?p=443#breadcrumb"},"inLanguage":"pt-BR","potentialAction":[{"@type":"ReadAction","target":["https:\/\/ictdf.synergyecosys.io\/?p=443"]}]},{"@type":"ImageObject","inLanguage":"pt-BR","@id":"https:\/\/ictdf.synergyecosys.io\/?p=443#primaryimage","url":"https:\/\/ictdf.synergyecosys.io\/wp-content\/uploads\/2026\/03\/imagem-Medicamento-para-Demyncia-Aumenta-Risco-de-AVC-Alerta.png","contentUrl":"https:\/\/ictdf.synergyecosys.io\/wp-content\/uploads\/2026\/03\/imagem-Medicamento-para-Demyncia-Aumenta-Risco-de-AVC-Alerta.png","width":1696,"height":960},{"@type":"BreadcrumbList","@id":"https:\/\/ictdf.synergyecosys.io\/?p=443#breadcrumb","itemListElement":[{"@type":"ListItem","position":1,"name":"In\u00edcio","item":"https:\/\/ictdf.synergyecosys.io\/"},{"@type":"ListItem","position":2,"name":"Medicamento Usado em Pacientes com Dem\u00eancia Pode Aumentar Risco de AVC"}]},{"@type":"WebSite","@id":"https:\/\/ictdf.synergyecosys.io\/#website","url":"https:\/\/ictdf.synergyecosys.io\/","name":"ICTDF","description":"","publisher":{"@id":"https:\/\/ictdf.synergyecosys.io\/#organization"},"potentialAction":[{"@type":"SearchAction","target":{"@type":"EntryPoint","urlTemplate":"https:\/\/ictdf.synergyecosys.io\/?s={search_term_string}"},"query-input":{"@type":"PropertyValueSpecification","valueRequired":true,"valueName":"search_term_string"}}],"inLanguage":"pt-BR"},{"@type":"Organization","@id":"https:\/\/ictdf.synergyecosys.io\/#organization","name":"ICTDF","url":"https:\/\/ictdf.synergyecosys.io\/","logo":{"@type":"ImageObject","inLanguage":"pt-BR","@id":"https:\/\/ictdf.synergyecosys.io\/#\/schema\/logo\/image\/","url":"https:\/\/ictdf.synergyecosys.io\/wp-content\/uploads\/2026\/02\/cropped-cropped-ICTDF_logo_transparente.png","contentUrl":"https:\/\/ictdf.synergyecosys.io\/wp-content\/uploads\/2026\/02\/cropped-cropped-ICTDF_logo_transparente.png","width":450,"height":141,"caption":"ICTDF"},"image":{"@id":"https:\/\/ictdf.synergyecosys.io\/#\/schema\/logo\/image\/"}},{"@type":"Person","@id":"https:\/\/ictdf.synergyecosys.io\/#\/schema\/person\/0b4488974b7b485188c0c01cb9f95b21","name":"admin","image":{"@type":"ImageObject","inLanguage":"pt-BR","@id":"https:\/\/ictdf.synergyecosys.io\/#\/schema\/person\/image\/","url":"https:\/\/secure.gravatar.com\/avatar\/ee6b87b4bde4f4817334740781bdb6e270748065085879a5aa2018d8006922fa?s=96&d=mm&r=g","contentUrl":"https:\/\/secure.gravatar.com\/avatar\/ee6b87b4bde4f4817334740781bdb6e270748065085879a5aa2018d8006922fa?s=96&d=mm&r=g","caption":"admin"},"sameAs":["https:\/\/ictdf.synergyecosys.io"],"url":"https:\/\/ictdf.synergyecosys.io\/?author=1"}]}},"_links":{"self":[{"href":"https:\/\/ictdf.synergyecosys.io\/index.php?rest_route=\/wp\/v2\/posts\/443","targetHints":{"allow":["GET"]}}],"collection":[{"href":"https:\/\/ictdf.synergyecosys.io\/index.php?rest_route=\/wp\/v2\/posts"}],"about":[{"href":"https:\/\/ictdf.synergyecosys.io\/index.php?rest_route=\/wp\/v2\/types\/post"}],"author":[{"embeddable":true,"href":"https:\/\/ictdf.synergyecosys.io\/index.php?rest_route=\/wp\/v2\/users\/1"}],"replies":[{"embeddable":true,"href":"https:\/\/ictdf.synergyecosys.io\/index.php?rest_route=%2Fwp%2Fv2%2Fcomments&post=443"}],"version-history":[{"count":0,"href":"https:\/\/ictdf.synergyecosys.io\/index.php?rest_route=\/wp\/v2\/posts\/443\/revisions"}],"wp:featuredmedia":[{"embeddable":true,"href":"https:\/\/ictdf.synergyecosys.io\/index.php?rest_route=\/wp\/v2\/media\/442"}],"wp:attachment":[{"href":"https:\/\/ictdf.synergyecosys.io\/index.php?rest_route=%2Fwp%2Fv2%2Fmedia&parent=443"}],"wp:term":[{"taxonomy":"category","embeddable":true,"href":"https:\/\/ictdf.synergyecosys.io\/index.php?rest_route=%2Fwp%2Fv2%2Fcategories&post=443"},{"taxonomy":"post_tag","embeddable":true,"href":"https:\/\/ictdf.synergyecosys.io\/index.php?rest_route=%2Fwp%2Fv2%2Ftags&post=443"}],"curies":[{"name":"wp","href":"https:\/\/api.w.org\/{rel}","templated":true}]}}