{"id":428,"date":"2026-03-06T20:32:39","date_gmt":"2026-03-06T23:32:39","guid":{"rendered":"https:\/\/ictdf.synergyecosys.io\/?p=428"},"modified":"2026-03-06T20:32:39","modified_gmt":"2026-03-06T23:32:39","slug":"o-que-eu-penso-sobre-a-terapia-com-luz-vermelha-e-por-que-mudou","status":"publish","type":"post","link":"https:\/\/ictdf.synergyecosys.io\/?p=428","title":{"rendered":"O Que Eu Penso Sobre a Terapia com Luz Vermelha (e Por Que Mudou)"},"content":{"rendered":"<p>Eu sempre fui do tipo que questiona modismos na \u00e1rea de sa\u00fade. Quando ouvi falar pela primeira vez da terapia com luz vermelha, pensei: mais uma promessa vazia? Mas, depois de pesquisar e experimentar, minha opini\u00e3o deu uma virada completa. Neste artigo, vou compartilhar o que descobri sobre essa terapia, que usa luz de baixa intensidade para promover cura e bem-estar.<\/p>\n<p>A terapia com luz vermelha, tamb\u00e9m conhecida como fotobiomodula\u00e7\u00e3o ou terapia a laser de baixa intensidade, \u00e9 um tratamento que aplica luzes LED ou lasers fracos na pele. N\u00e3o queima nem machuca; na verdade, \u00e9 indolor e n\u00e3o invasivo. Eu me surpreendi ao ver como algo t\u00e3o simples pode impactar o corpo de forma profunda.<\/p>\n<h2>Por Que Eu Era C\u00e9tica Inicialmente<\/h2>\n<p>No come\u00e7o, eu via isso como mais um gadget de bem-estar caro e sem base cient\u00edfica. Com tantas terapias alternativas por a\u00ed, era f\u00e1cil duvidar. Mas, ao mergulhar nos estudos, percebi que h\u00e1 evid\u00eancias promissoras. Por exemplo, a FDA nos EUA j\u00e1 aprovou dispositivos para certas condi\u00e7\u00f5es, como al\u00edvio de dor e cicatriza\u00e7\u00e3o de feridas.<\/p>\n<p>O mecanismo \u00e9 fascinante: a luz vermelha \u00e9 absorvida pela citocromo c oxidase, uma enzima nas mitoc\u00f4ndrias das c\u00e9lulas. Isso, na pr\u00e1tica, significa que a luz estimula a produ\u00e7\u00e3o de energia celular, reduz inflama\u00e7\u00e3o e acelera a regenera\u00e7\u00e3o. \u00c9 como dar um boost natural para o corpo.<\/p>\n<h2>Os Benef\u00edcios que Me Surpreenderam<\/h2>\n<p>Uma das primeiras coisas que me chamou aten\u00e7\u00e3o foi o uso para problemas musculoesquel\u00e9ticos. Estudos mostram que ajuda em artrite, fibromialgia e dores cr\u00f4nicas nas costas. Eu testei em uma sess\u00e3o para dor no ombro e senti al\u00edvio real ap\u00f3s poucas aplica\u00e7\u00f5es.<\/p>\n<h3>Impacto na Pele e Cicatriza\u00e7\u00e3o<\/h3>\n<p>Para a pele, \u00e9 incr\u00edvel. A terapia promove col\u00e1geno, reduz rugas e acelera a cura de feridas. Eu, que luto contra acne adulta, notei a pele mais uniforme depois de semanas. N\u00e3o \u00e9 m\u00e1gica, mas \u00e9 apoiado por pesquisas em dermatologia.<\/p>\n<p>Al\u00e9m disso, h\u00e1 aplica\u00e7\u00f5es em preven\u00e7\u00e3o de mucosite oral em pacientes de quimioterapia e at\u00e9 em estimula\u00e7\u00e3o cerebral para condi\u00e7\u00f5es neurol\u00f3gicas, embora ainda em fase de estudo.<\/p>\n<h2>Como Isso Afeta Seu Dia a Dia<\/h2>\n<p>Imagine acordar com menos dor nas articula\u00e7\u00f5es ou com a pele mais radiante sem cremes caros. Para atletas, pode reduzir tempo de recupera\u00e7\u00e3o de les\u00f5es. Empresas est\u00e3o incorporando isso em rotinas de bem-estar, e para mim, virou parte da minha rotina noturna.<\/p>\n<p>Mas n\u00e3o \u00e9 para todo mundo. Pessoas com certos c\u00e2nceres ou fotossensibilidade devem consultar um m\u00e9dico. Eu aprendi isso na pr\u00e1tica, sempre priorizando seguran\u00e7a.<\/p>\n<h2>Tend\u00eancias e O Que Esperar no Futuro<\/h2>\n<p>O mercado de terapia com luz vermelha est\u00e1 crescendo, com dispositivos acess\u00edveis para casa. Pesquisas em veterin\u00e1ria mostram promessas para pets, e em humanos, para envelhecimento e sa\u00fade mental. Eu prevejo mais integra\u00e7\u00e3o na medicina convencional.<\/p>\n<p>Minha recomenda\u00e7\u00e3o? Comece com sess\u00f5es profissionais e leia estudos. N\u00e3o compre o hype sem verificar fontes confi\u00e1veis.<\/p>\n<h2>Reflex\u00f5es Finais Sobre Essa Jornada<\/h2>\n<p>Olhando para tr\u00e1s, minha mudan\u00e7a de opini\u00e3o veio da curiosidade e evid\u00eancias. A terapia com luz vermelha n\u00e3o \u00e9 cura milagrosa, mas uma ferramenta valiosa para sa\u00fade. Se voc\u00ea est\u00e1 c\u00e9tico como eu era, experimente com mente aberta. Pode mudar sua vis\u00e3o tamb\u00e9m!<\/p>\n","protected":false},"excerpt":{"rendered":"<p>Explore o que eu penso sobre a terapia com luz vermelha, de c\u00e9tica a entusiasta. Descubra benef\u00edcios para sa\u00fade, pele e bem-estar que mudaram minha vis\u00e3o.<\/p>\n","protected":false},"author":1,"featured_media":427,"comment_status":"open","ping_status":"open","sticky":false,"template":"","format":"standard","meta":{"_acf_changed":false,"_eb_attr":"","footnotes":"","_wpscppro_dont_share_socialmedia":false,"_wpscppro_custom_social_share_image":0,"_facebook_share_type":"","_twitter_share_type":"","_linkedin_share_type":"","_pinterest_share_type":"","_linkedin_share_type_page":"","_instagram_share_type":"","_medium_share_type":"","_threads_share_type":"","_google_business_share_type":"","_selected_social_profile":[],"_wpsp_enable_custom_social_template":false,"_wpsp_social_scheduling":{"enabled":false,"datetime":null,"platforms":[],"status":"template_only","dateOption":"today","timeOption":"now","customDays":"","customHours":"","customDate":"","customTime":"","schedulingType":"absolute"},"_wpsp_active_default_template":true},"categories":[3],"tags":[],"class_list":["post-428","post","type-post","status-publish","format-standard","has-post-thumbnail","hentry","category-bem-estar"],"acf":[],"yoast_head":"<!-- This site is optimized with the Yoast SEO plugin v26.9 - https:\/\/yoast.com\/product\/yoast-seo-wordpress\/ -->\n<title>O Que Eu Penso Sobre a Terapia com Luz Vermelha (e Por Que Mudou) - ICTDF<\/title>\n<meta name=\"robots\" content=\"index, follow, max-snippet:-1, max-image-preview:large, max-video-preview:-1\" \/>\n<link rel=\"canonical\" href=\"https:\/\/ictdf.synergyecosys.io\/?p=428\" \/>\n<meta property=\"og:locale\" content=\"pt_BR\" \/>\n<meta property=\"og:type\" content=\"article\" \/>\n<meta property=\"og:title\" content=\"O Que Eu Penso Sobre a Terapia com Luz Vermelha (e Por Que Mudou) - ICTDF\" \/>\n<meta property=\"og:description\" content=\"Explore o que eu penso sobre a terapia com luz vermelha, de c\u00e9tica a entusiasta. Descubra benef\u00edcios para sa\u00fade, pele e bem-estar que mudaram minha vis\u00e3o.\" \/>\n<meta property=\"og:url\" content=\"https:\/\/ictdf.synergyecosys.io\/?p=428\" \/>\n<meta property=\"og:site_name\" content=\"ICTDF\" \/>\n<meta property=\"article:published_time\" content=\"2026-03-06T23:32:39+00:00\" \/>\n<meta name=\"author\" content=\"admin\" \/>\n<meta name=\"twitter:card\" content=\"summary_large_image\" \/>\n<meta name=\"twitter:label1\" content=\"Escrito por\" \/>\n\t<meta name=\"twitter:data1\" content=\"admin\" \/>\n\t<meta name=\"twitter:label2\" content=\"Est. tempo de leitura\" \/>\n\t<meta name=\"twitter:data2\" content=\"3 minutos\" \/>\n<script type=\"application\/ld+json\" class=\"yoast-schema-graph\">{\"@context\":\"https:\/\/schema.org\",\"@graph\":[{\"@type\":\"Article\",\"@id\":\"https:\/\/ictdf.synergyecosys.io\/?p=428#article\",\"isPartOf\":{\"@id\":\"https:\/\/ictdf.synergyecosys.io\/?p=428\"},\"author\":{\"name\":\"admin\",\"@id\":\"https:\/\/ictdf.synergyecosys.io\/#\/schema\/person\/0b4488974b7b485188c0c01cb9f95b21\"},\"headline\":\"O Que Eu Penso Sobre a Terapia com Luz Vermelha (e Por Que Mudou)\",\"datePublished\":\"2026-03-06T23:32:39+00:00\",\"mainEntityOfPage\":{\"@id\":\"https:\/\/ictdf.synergyecosys.io\/?p=428\"},\"wordCount\":597,\"commentCount\":0,\"publisher\":{\"@id\":\"https:\/\/ictdf.synergyecosys.io\/#organization\"},\"image\":{\"@id\":\"https:\/\/ictdf.synergyecosys.io\/?p=428#primaryimage\"},\"thumbnailUrl\":\"https:\/\/ictdf.synergyecosys.io\/wp-content\/uploads\/2026\/03\/imagem-Terapia-Luz-Vermelha-Minha-Opiniyo-e-Mudanya.png\",\"articleSection\":[\"Bem-estar\"],\"inLanguage\":\"pt-BR\",\"potentialAction\":[{\"@type\":\"CommentAction\",\"name\":\"Comment\",\"target\":[\"https:\/\/ictdf.synergyecosys.io\/?p=428#respond\"]}]},{\"@type\":\"WebPage\",\"@id\":\"https:\/\/ictdf.synergyecosys.io\/?p=428\",\"url\":\"https:\/\/ictdf.synergyecosys.io\/?p=428\",\"name\":\"O Que Eu Penso Sobre a Terapia com Luz Vermelha (e Por Que Mudou) - ICTDF\",\"isPartOf\":{\"@id\":\"https:\/\/ictdf.synergyecosys.io\/#website\"},\"primaryImageOfPage\":{\"@id\":\"https:\/\/ictdf.synergyecosys.io\/?p=428#primaryimage\"},\"image\":{\"@id\":\"https:\/\/ictdf.synergyecosys.io\/?p=428#primaryimage\"},\"thumbnailUrl\":\"https:\/\/ictdf.synergyecosys.io\/wp-content\/uploads\/2026\/03\/imagem-Terapia-Luz-Vermelha-Minha-Opiniyo-e-Mudanya.png\",\"datePublished\":\"2026-03-06T23:32:39+00:00\",\"breadcrumb\":{\"@id\":\"https:\/\/ictdf.synergyecosys.io\/?p=428#breadcrumb\"},\"inLanguage\":\"pt-BR\",\"potentialAction\":[{\"@type\":\"ReadAction\",\"target\":[\"https:\/\/ictdf.synergyecosys.io\/?p=428\"]}]},{\"@type\":\"ImageObject\",\"inLanguage\":\"pt-BR\",\"@id\":\"https:\/\/ictdf.synergyecosys.io\/?p=428#primaryimage\",\"url\":\"https:\/\/ictdf.synergyecosys.io\/wp-content\/uploads\/2026\/03\/imagem-Terapia-Luz-Vermelha-Minha-Opiniyo-e-Mudanya.png\",\"contentUrl\":\"https:\/\/ictdf.synergyecosys.io\/wp-content\/uploads\/2026\/03\/imagem-Terapia-Luz-Vermelha-Minha-Opiniyo-e-Mudanya.png\",\"width\":1696,\"height\":960},{\"@type\":\"BreadcrumbList\",\"@id\":\"https:\/\/ictdf.synergyecosys.io\/?p=428#breadcrumb\",\"itemListElement\":[{\"@type\":\"ListItem\",\"position\":1,\"name\":\"In\u00edcio\",\"item\":\"https:\/\/ictdf.synergyecosys.io\/\"},{\"@type\":\"ListItem\",\"position\":2,\"name\":\"O Que Eu Penso Sobre a Terapia com Luz Vermelha (e Por Que Mudou)\"}]},{\"@type\":\"WebSite\",\"@id\":\"https:\/\/ictdf.synergyecosys.io\/#website\",\"url\":\"https:\/\/ictdf.synergyecosys.io\/\",\"name\":\"ICTDF\",\"description\":\"\",\"publisher\":{\"@id\":\"https:\/\/ictdf.synergyecosys.io\/#organization\"},\"potentialAction\":[{\"@type\":\"SearchAction\",\"target\":{\"@type\":\"EntryPoint\",\"urlTemplate\":\"https:\/\/ictdf.synergyecosys.io\/?s={search_term_string}\"},\"query-input\":{\"@type\":\"PropertyValueSpecification\",\"valueRequired\":true,\"valueName\":\"search_term_string\"}}],\"inLanguage\":\"pt-BR\"},{\"@type\":\"Organization\",\"@id\":\"https:\/\/ictdf.synergyecosys.io\/#organization\",\"name\":\"ICTDF\",\"url\":\"https:\/\/ictdf.synergyecosys.io\/\",\"logo\":{\"@type\":\"ImageObject\",\"inLanguage\":\"pt-BR\",\"@id\":\"https:\/\/ictdf.synergyecosys.io\/#\/schema\/logo\/image\/\",\"url\":\"https:\/\/ictdf.synergyecosys.io\/wp-content\/uploads\/2026\/02\/cropped-cropped-ICTDF_logo_transparente.png\",\"contentUrl\":\"https:\/\/ictdf.synergyecosys.io\/wp-content\/uploads\/2026\/02\/cropped-cropped-ICTDF_logo_transparente.png\",\"width\":450,\"height\":141,\"caption\":\"ICTDF\"},\"image\":{\"@id\":\"https:\/\/ictdf.synergyecosys.io\/#\/schema\/logo\/image\/\"}},{\"@type\":\"Person\",\"@id\":\"https:\/\/ictdf.synergyecosys.io\/#\/schema\/person\/0b4488974b7b485188c0c01cb9f95b21\",\"name\":\"admin\",\"image\":{\"@type\":\"ImageObject\",\"inLanguage\":\"pt-BR\",\"@id\":\"https:\/\/ictdf.synergyecosys.io\/#\/schema\/person\/image\/\",\"url\":\"https:\/\/secure.gravatar.com\/avatar\/ee6b87b4bde4f4817334740781bdb6e270748065085879a5aa2018d8006922fa?s=96&d=mm&r=g\",\"contentUrl\":\"https:\/\/secure.gravatar.com\/avatar\/ee6b87b4bde4f4817334740781bdb6e270748065085879a5aa2018d8006922fa?s=96&d=mm&r=g\",\"caption\":\"admin\"},\"sameAs\":[\"https:\/\/ictdf.synergyecosys.io\"],\"url\":\"https:\/\/ictdf.synergyecosys.io\/?author=1\"}]}<\/script>\n<!-- \/ Yoast SEO plugin. -->","yoast_head_json":{"title":"O Que Eu Penso Sobre a Terapia com Luz Vermelha (e Por Que Mudou) - ICTDF","robots":{"index":"index","follow":"follow","max-snippet":"max-snippet:-1","max-image-preview":"max-image-preview:large","max-video-preview":"max-video-preview:-1"},"canonical":"https:\/\/ictdf.synergyecosys.io\/?p=428","og_locale":"pt_BR","og_type":"article","og_title":"O Que Eu Penso Sobre a Terapia com Luz Vermelha (e Por Que Mudou) - ICTDF","og_description":"Explore o que eu penso sobre a terapia com luz vermelha, de c\u00e9tica a entusiasta. Descubra benef\u00edcios para sa\u00fade, pele e bem-estar que mudaram minha vis\u00e3o.","og_url":"https:\/\/ictdf.synergyecosys.io\/?p=428","og_site_name":"ICTDF","article_published_time":"2026-03-06T23:32:39+00:00","author":"admin","twitter_card":"summary_large_image","twitter_misc":{"Escrito por":"admin","Est. tempo de leitura":"3 minutos"},"schema":{"@context":"https:\/\/schema.org","@graph":[{"@type":"Article","@id":"https:\/\/ictdf.synergyecosys.io\/?p=428#article","isPartOf":{"@id":"https:\/\/ictdf.synergyecosys.io\/?p=428"},"author":{"name":"admin","@id":"https:\/\/ictdf.synergyecosys.io\/#\/schema\/person\/0b4488974b7b485188c0c01cb9f95b21"},"headline":"O Que Eu Penso Sobre a Terapia com Luz Vermelha (e Por Que Mudou)","datePublished":"2026-03-06T23:32:39+00:00","mainEntityOfPage":{"@id":"https:\/\/ictdf.synergyecosys.io\/?p=428"},"wordCount":597,"commentCount":0,"publisher":{"@id":"https:\/\/ictdf.synergyecosys.io\/#organization"},"image":{"@id":"https:\/\/ictdf.synergyecosys.io\/?p=428#primaryimage"},"thumbnailUrl":"https:\/\/ictdf.synergyecosys.io\/wp-content\/uploads\/2026\/03\/imagem-Terapia-Luz-Vermelha-Minha-Opiniyo-e-Mudanya.png","articleSection":["Bem-estar"],"inLanguage":"pt-BR","potentialAction":[{"@type":"CommentAction","name":"Comment","target":["https:\/\/ictdf.synergyecosys.io\/?p=428#respond"]}]},{"@type":"WebPage","@id":"https:\/\/ictdf.synergyecosys.io\/?p=428","url":"https:\/\/ictdf.synergyecosys.io\/?p=428","name":"O Que Eu Penso Sobre a Terapia com Luz Vermelha (e Por Que Mudou) - ICTDF","isPartOf":{"@id":"https:\/\/ictdf.synergyecosys.io\/#website"},"primaryImageOfPage":{"@id":"https:\/\/ictdf.synergyecosys.io\/?p=428#primaryimage"},"image":{"@id":"https:\/\/ictdf.synergyecosys.io\/?p=428#primaryimage"},"thumbnailUrl":"https:\/\/ictdf.synergyecosys.io\/wp-content\/uploads\/2026\/03\/imagem-Terapia-Luz-Vermelha-Minha-Opiniyo-e-Mudanya.png","datePublished":"2026-03-06T23:32:39+00:00","breadcrumb":{"@id":"https:\/\/ictdf.synergyecosys.io\/?p=428#breadcrumb"},"inLanguage":"pt-BR","potentialAction":[{"@type":"ReadAction","target":["https:\/\/ictdf.synergyecosys.io\/?p=428"]}]},{"@type":"ImageObject","inLanguage":"pt-BR","@id":"https:\/\/ictdf.synergyecosys.io\/?p=428#primaryimage","url":"https:\/\/ictdf.synergyecosys.io\/wp-content\/uploads\/2026\/03\/imagem-Terapia-Luz-Vermelha-Minha-Opiniyo-e-Mudanya.png","contentUrl":"https:\/\/ictdf.synergyecosys.io\/wp-content\/uploads\/2026\/03\/imagem-Terapia-Luz-Vermelha-Minha-Opiniyo-e-Mudanya.png","width":1696,"height":960},{"@type":"BreadcrumbList","@id":"https:\/\/ictdf.synergyecosys.io\/?p=428#breadcrumb","itemListElement":[{"@type":"ListItem","position":1,"name":"In\u00edcio","item":"https:\/\/ictdf.synergyecosys.io\/"},{"@type":"ListItem","position":2,"name":"O Que Eu Penso Sobre a Terapia com Luz Vermelha (e Por Que Mudou)"}]},{"@type":"WebSite","@id":"https:\/\/ictdf.synergyecosys.io\/#website","url":"https:\/\/ictdf.synergyecosys.io\/","name":"ICTDF","description":"","publisher":{"@id":"https:\/\/ictdf.synergyecosys.io\/#organization"},"potentialAction":[{"@type":"SearchAction","target":{"@type":"EntryPoint","urlTemplate":"https:\/\/ictdf.synergyecosys.io\/?s={search_term_string}"},"query-input":{"@type":"PropertyValueSpecification","valueRequired":true,"valueName":"search_term_string"}}],"inLanguage":"pt-BR"},{"@type":"Organization","@id":"https:\/\/ictdf.synergyecosys.io\/#organization","name":"ICTDF","url":"https:\/\/ictdf.synergyecosys.io\/","logo":{"@type":"ImageObject","inLanguage":"pt-BR","@id":"https:\/\/ictdf.synergyecosys.io\/#\/schema\/logo\/image\/","url":"https:\/\/ictdf.synergyecosys.io\/wp-content\/uploads\/2026\/02\/cropped-cropped-ICTDF_logo_transparente.png","contentUrl":"https:\/\/ictdf.synergyecosys.io\/wp-content\/uploads\/2026\/02\/cropped-cropped-ICTDF_logo_transparente.png","width":450,"height":141,"caption":"ICTDF"},"image":{"@id":"https:\/\/ictdf.synergyecosys.io\/#\/schema\/logo\/image\/"}},{"@type":"Person","@id":"https:\/\/ictdf.synergyecosys.io\/#\/schema\/person\/0b4488974b7b485188c0c01cb9f95b21","name":"admin","image":{"@type":"ImageObject","inLanguage":"pt-BR","@id":"https:\/\/ictdf.synergyecosys.io\/#\/schema\/person\/image\/","url":"https:\/\/secure.gravatar.com\/avatar\/ee6b87b4bde4f4817334740781bdb6e270748065085879a5aa2018d8006922fa?s=96&d=mm&r=g","contentUrl":"https:\/\/secure.gravatar.com\/avatar\/ee6b87b4bde4f4817334740781bdb6e270748065085879a5aa2018d8006922fa?s=96&d=mm&r=g","caption":"admin"},"sameAs":["https:\/\/ictdf.synergyecosys.io"],"url":"https:\/\/ictdf.synergyecosys.io\/?author=1"}]}},"_links":{"self":[{"href":"https:\/\/ictdf.synergyecosys.io\/index.php?rest_route=\/wp\/v2\/posts\/428","targetHints":{"allow":["GET"]}}],"collection":[{"href":"https:\/\/ictdf.synergyecosys.io\/index.php?rest_route=\/wp\/v2\/posts"}],"about":[{"href":"https:\/\/ictdf.synergyecosys.io\/index.php?rest_route=\/wp\/v2\/types\/post"}],"author":[{"embeddable":true,"href":"https:\/\/ictdf.synergyecosys.io\/index.php?rest_route=\/wp\/v2\/users\/1"}],"replies":[{"embeddable":true,"href":"https:\/\/ictdf.synergyecosys.io\/index.php?rest_route=%2Fwp%2Fv2%2Fcomments&post=428"}],"version-history":[{"count":0,"href":"https:\/\/ictdf.synergyecosys.io\/index.php?rest_route=\/wp\/v2\/posts\/428\/revisions"}],"wp:featuredmedia":[{"embeddable":true,"href":"https:\/\/ictdf.synergyecosys.io\/index.php?rest_route=\/wp\/v2\/media\/427"}],"wp:attachment":[{"href":"https:\/\/ictdf.synergyecosys.io\/index.php?rest_route=%2Fwp%2Fv2%2Fmedia&parent=428"}],"wp:term":[{"taxonomy":"category","embeddable":true,"href":"https:\/\/ictdf.synergyecosys.io\/index.php?rest_route=%2Fwp%2Fv2%2Fcategories&post=428"},{"taxonomy":"post_tag","embeddable":true,"href":"https:\/\/ictdf.synergyecosys.io\/index.php?rest_route=%2Fwp%2Fv2%2Ftags&post=428"}],"curies":[{"name":"wp","href":"https:\/\/api.w.org\/{rel}","templated":true}]}}