{"id":417,"date":"2026-02-13T01:32:20","date_gmt":"2026-02-13T04:32:20","guid":{"rendered":"https:\/\/ictdf.synergyecosys.io\/?p=417"},"modified":"2026-02-13T01:32:20","modified_gmt":"2026-02-13T04:32:20","slug":"cidades-do-es-vitimas-de-mariana-r-131-milhoes-para-revitalizar-a-saude","status":"publish","type":"post","link":"https:\/\/ictdf.synergyecosys.io\/?p=417","title":{"rendered":"Cidades do ES v\u00edtimas de Mariana: R$ 131 milh\u00f5es para revitalizar a sa\u00fade"},"content":{"rendered":"<p>Voc\u00ea se lembra do tr\u00e1gico rompimento da barragem em Mariana, em 2015? Aquele desastre ambiental n\u00e3o s\u00f3 devastou \u00e1reas em Minas Gerais, mas tamb\u00e9m impactou cidades no Esp\u00edrito Santo, contaminando rios e afetando a sa\u00fade de milhares de pessoas. Hoje, trazemos uma not\u00edcia positiva: o governo federal anunciou R$ 131,9 milh\u00f5es para ajudar 11 munic\u00edpios capixabas a recuperar e ampliar sua rede de sa\u00fade p\u00fablica.<\/p>\n<p>Eu analisei os detalhes desse acordo e percebo que \u00e9 um passo importante para reparar os danos de longo prazo causados pela polui\u00e7\u00e3o do rio Doce. Vamos entender o que isso significa na pr\u00e1tica.<\/p>\n<h2>O que foi o desastre de Mariana e como ele chegou ao ES<\/h2>\n<p>O rompimento da barragem de Fund\u00e3o, operada pela Samarco, liberou milh\u00f5es de metros c\u00fabicos de rejeitos t\u00f3xicos que se espalharam pelo rio Doce, chegando ao Esp\u00edrito Santo. Cidades como Linhares, S\u00e3o Mateus e Aracruz sofreram com a contamina\u00e7\u00e3o da \u00e1gua, solos e ecossistemas, levando a problemas de sa\u00fade como doen\u00e7as de pele, respirat\u00f3rias e at\u00e9 cr\u00f4nicas relacionadas a metais pesados.<\/p>\n<p>Na \u00e9poca, comunidades inteiras enfrentaram escassez de \u00e1gua pot\u00e1vel e impactos na pesca e agricultura. <strong>O termo &#8216;rejeitos de minera\u00e7\u00e3o&#8217;<\/strong>, que na pr\u00e1tica significa os res\u00edduos t\u00f3xicos da extra\u00e7\u00e3o de min\u00e9rio, foram os vil\u00f5es dessa hist\u00f3ria, espalhando poluentes por centenas de quil\u00f4metros.<\/p>\n<h3>Os munic\u00edpios mais afetados<\/h3>\n<p>Os 11 munic\u00edpios beneficiados s\u00e3o Anchieta, Aracruz, Baixo Guandu, Concei\u00e7\u00e3o da Barra, Fund\u00e3o, Linhares, Maril\u00e2ndia, S\u00e3o Mateus, Serra, Sooretama e Colatina. Esses lugares viram suas vidas mudarem drasticamente ap\u00f3s o desastre.<\/p>\n<h2>Por que esses recursos em sa\u00fade s\u00e3o t\u00e3o cruciais agora<\/h2>\n<p>Anos depois, os efeitos persistem. Estudos mostram aumento em casos de doen\u00e7as cr\u00f4nicas, como hipertens\u00e3o e diabetes, possivelmente ligados \u00e0 contamina\u00e7\u00e3o. Esses R$ 131 milh\u00f5es v\u00eam de um acordo judicial com as empresas respons\u00e1veis \u2013 Samarco, Vale e BHP \u2013, parte do &#8216;Novo Acordo do Rio Doce&#8217;.<\/p>\n<p>\u00c9 uma vit\u00f3ria da justi\u00e7a ambiental, garantindo que as v\u00edtimas n\u00e3o sejam esquecidas. Na minha opini\u00e3o, isso refor\u00e7a a import\u00e2ncia de responsabilizar grandes corpora\u00e7\u00f5es por seus erros.<\/p>\n<p>O foco \u00e9 na infraestrutura: R$ 82,55 milh\u00f5es v\u00e3o para construir um novo complexo hospitalar em Colatina, criar quatro Centros de Aten\u00e7\u00e3o Psicossocial (CAPS), dois centros de especialidades odontol\u00f3gicas e equipar centros de reabilita\u00e7\u00e3o.<\/p>\n<ul>\n<li>Constru\u00e7\u00e3o de hospital em Colatina para tratar doen\u00e7as cr\u00f4nicas da contamina\u00e7\u00e3o.<\/li>\n<li>Expans\u00e3o de CAPS para apoio psicol\u00f3gico \u00e0s comunidades afetadas.<\/li>\n<li>Novos centros odontol\u00f3gicos para problemas bucais relacionados \u00e0 polui\u00e7\u00e3o.<\/li>\n<li>Equipamentos para reabilita\u00e7\u00e3o f\u00edsica e mental.<\/li>\n<\/ul>\n<h2>Como isso impacta o dia a dia das pessoas no ES<\/h2>\n<p>Para os moradores, isso significa acesso mais r\u00e1pido a cirurgias eletivas, monitoramento de sa\u00fade para quilombolas e idosos, e vigil\u00e2ncia ambiental fortalecida. O Lacen-ES ser\u00e1 reestruturado para analisar metais pesados na \u00e1gua e solos.<\/p>\n<p>Empresas locais e pescadores, que perderam renda, ver\u00e3o indiretamente benef\u00edcios com uma popula\u00e7\u00e3o mais saud\u00e1vel. A sociedade como um todo ganha com uma rede de sa\u00fade mais robusta, prevenindo epidemias futuras.<\/p>\n<p>Imagine uma m\u00e3e em S\u00e3o Mateus levando o filho para um CAPS novo, sem esperar meses por atendimento. Ou um idoso em Linhares recebendo cuidados integrais. \u00c9 transformador.<\/p>\n<h3>Benef\u00edcios para comunidades vulner\u00e1veis<\/h3>\n<p>Popula\u00e7\u00f5es quilombolas e ind\u00edgenas ter\u00e3o linhas de cuidado espec\u00edficas, combatendo desigualdades agravadas pelo desastre.<\/p>\n<h2>Olhando para o futuro: tend\u00eancias e recomenda\u00e7\u00f5es<\/h2>\n<p>Esse investimento \u00e9 um modelo para outros desastres ambientais no Brasil. Tend\u00eancias apontam para mais acordos judiciais globais, como o recente no Reino Unido contra a BHP. Recomendo que as prefeituras monitorem a execu\u00e7\u00e3o para garantir transpar\u00eancia.<\/p>\n<p>\u00c0s empresas, sugiro investir em tecnologias mais seguras de minera\u00e7\u00e3o. Para n\u00f3s, cidad\u00e3os, \u00e9 hora de apoiar fiscaliza\u00e7\u00f5es ambientais rigorosas.<\/p>\n<p>Eu percebo que, com a\u00e7\u00f5es como essa, podemos construir um futuro mais resiliente. Fique de olho nas atualiza\u00e7\u00f5es e cobre a implementa\u00e7\u00e3o desses recursos.<\/p>\n<h2>Reflex\u00f5es finais sobre repara\u00e7\u00e3o e esperan\u00e7a<\/h2>\n<p>O desastre de Mariana nos ensinou li\u00e7\u00f5es duras sobre os riscos da minera\u00e7\u00e3o irrespons\u00e1vel. Mas iniciativas como esses R$ 131 milh\u00f5es mostram que h\u00e1 esperan\u00e7a na repara\u00e7\u00e3o. Vamos torcer para que isso melhore a qualidade de vida nessas cidades e sirva de exemplo para o pa\u00eds. O que voc\u00ea acha? Compartilhe nos coment\u00e1rios!<\/p>\n","protected":false},"excerpt":{"rendered":"<p>Descubra como 11 cidades do Esp\u00edrito Santo afetadas pelo desastre de Mariana receber\u00e3o R$ 131 milh\u00f5es para melhorar a sa\u00fade p\u00fablica. Entenda o impacto e os benef\u00edcios.<\/p>\n","protected":false},"author":1,"featured_media":416,"comment_status":"open","ping_status":"open","sticky":false,"template":"","format":"standard","meta":{"_acf_changed":false,"_eb_attr":"","footnotes":"","_wpscppro_dont_share_socialmedia":false,"_wpscppro_custom_social_share_image":0,"_facebook_share_type":"","_twitter_share_type":"","_linkedin_share_type":"","_pinterest_share_type":"","_linkedin_share_type_page":"","_instagram_share_type":"","_medium_share_type":"","_threads_share_type":"","_google_business_share_type":"","_selected_social_profile":[],"_wpsp_enable_custom_social_template":false,"_wpsp_social_scheduling":{"enabled":false,"datetime":null,"platforms":[],"status":"template_only","dateOption":"today","timeOption":"now","customDays":"","customHours":"","customDate":"","customTime":"","schedulingType":"absolute"},"_wpsp_active_default_template":true},"categories":[3],"tags":[],"class_list":["post-417","post","type-post","status-publish","format-standard","has-post-thumbnail","hentry","category-bem-estar"],"acf":[],"yoast_head":"<!-- This site is optimized with the Yoast SEO plugin v26.9 - https:\/\/yoast.com\/product\/yoast-seo-wordpress\/ -->\n<title>Cidades do ES v\u00edtimas de Mariana: R$ 131 milh\u00f5es para revitalizar a sa\u00fade - ICTDF<\/title>\n<meta name=\"robots\" content=\"index, follow, max-snippet:-1, max-image-preview:large, max-video-preview:-1\" \/>\n<link rel=\"canonical\" href=\"https:\/\/ictdf.synergyecosys.io\/?p=417\" \/>\n<meta property=\"og:locale\" content=\"pt_BR\" \/>\n<meta property=\"og:type\" content=\"article\" \/>\n<meta property=\"og:title\" content=\"Cidades do ES v\u00edtimas de Mariana: R$ 131 milh\u00f5es para revitalizar a sa\u00fade - ICTDF\" \/>\n<meta property=\"og:description\" content=\"Descubra como 11 cidades do Esp\u00edrito Santo afetadas pelo desastre de Mariana receber\u00e3o R$ 131 milh\u00f5es para melhorar a sa\u00fade p\u00fablica. Entenda o impacto e os benef\u00edcios.\" \/>\n<meta property=\"og:url\" content=\"https:\/\/ictdf.synergyecosys.io\/?p=417\" \/>\n<meta property=\"og:site_name\" content=\"ICTDF\" \/>\n<meta property=\"article:published_time\" content=\"2026-02-13T04:32:20+00:00\" \/>\n<meta name=\"author\" content=\"admin\" \/>\n<meta name=\"twitter:card\" content=\"summary_large_image\" \/>\n<meta name=\"twitter:label1\" content=\"Escrito por\" \/>\n\t<meta name=\"twitter:data1\" content=\"admin\" \/>\n\t<meta name=\"twitter:label2\" content=\"Est. tempo de leitura\" \/>\n\t<meta name=\"twitter:data2\" content=\"4 minutos\" \/>\n<script type=\"application\/ld+json\" class=\"yoast-schema-graph\">{\"@context\":\"https:\/\/schema.org\",\"@graph\":[{\"@type\":\"Article\",\"@id\":\"https:\/\/ictdf.synergyecosys.io\/?p=417#article\",\"isPartOf\":{\"@id\":\"https:\/\/ictdf.synergyecosys.io\/?p=417\"},\"author\":{\"name\":\"admin\",\"@id\":\"https:\/\/ictdf.synergyecosys.io\/#\/schema\/person\/0b4488974b7b485188c0c01cb9f95b21\"},\"headline\":\"Cidades do ES v\u00edtimas de Mariana: R$ 131 milh\u00f5es para revitalizar a sa\u00fade\",\"datePublished\":\"2026-02-13T04:32:20+00:00\",\"mainEntityOfPage\":{\"@id\":\"https:\/\/ictdf.synergyecosys.io\/?p=417\"},\"wordCount\":782,\"commentCount\":0,\"publisher\":{\"@id\":\"https:\/\/ictdf.synergyecosys.io\/#organization\"},\"image\":{\"@id\":\"https:\/\/ictdf.synergyecosys.io\/?p=417#primaryimage\"},\"thumbnailUrl\":\"https:\/\/ictdf.synergyecosys.io\/wp-content\/uploads\/2026\/02\/imagem-Cidades-do-ES-vytimas-de-Mariana-ganham-R-131-mi-em-sayde.png\",\"articleSection\":[\"Bem-estar\"],\"inLanguage\":\"pt-BR\",\"potentialAction\":[{\"@type\":\"CommentAction\",\"name\":\"Comment\",\"target\":[\"https:\/\/ictdf.synergyecosys.io\/?p=417#respond\"]}]},{\"@type\":\"WebPage\",\"@id\":\"https:\/\/ictdf.synergyecosys.io\/?p=417\",\"url\":\"https:\/\/ictdf.synergyecosys.io\/?p=417\",\"name\":\"Cidades do ES v\u00edtimas de Mariana: R$ 131 milh\u00f5es para revitalizar a sa\u00fade - ICTDF\",\"isPartOf\":{\"@id\":\"https:\/\/ictdf.synergyecosys.io\/#website\"},\"primaryImageOfPage\":{\"@id\":\"https:\/\/ictdf.synergyecosys.io\/?p=417#primaryimage\"},\"image\":{\"@id\":\"https:\/\/ictdf.synergyecosys.io\/?p=417#primaryimage\"},\"thumbnailUrl\":\"https:\/\/ictdf.synergyecosys.io\/wp-content\/uploads\/2026\/02\/imagem-Cidades-do-ES-vytimas-de-Mariana-ganham-R-131-mi-em-sayde.png\",\"datePublished\":\"2026-02-13T04:32:20+00:00\",\"breadcrumb\":{\"@id\":\"https:\/\/ictdf.synergyecosys.io\/?p=417#breadcrumb\"},\"inLanguage\":\"pt-BR\",\"potentialAction\":[{\"@type\":\"ReadAction\",\"target\":[\"https:\/\/ictdf.synergyecosys.io\/?p=417\"]}]},{\"@type\":\"ImageObject\",\"inLanguage\":\"pt-BR\",\"@id\":\"https:\/\/ictdf.synergyecosys.io\/?p=417#primaryimage\",\"url\":\"https:\/\/ictdf.synergyecosys.io\/wp-content\/uploads\/2026\/02\/imagem-Cidades-do-ES-vytimas-de-Mariana-ganham-R-131-mi-em-sayde.png\",\"contentUrl\":\"https:\/\/ictdf.synergyecosys.io\/wp-content\/uploads\/2026\/02\/imagem-Cidades-do-ES-vytimas-de-Mariana-ganham-R-131-mi-em-sayde.png\",\"width\":1168,\"height\":880},{\"@type\":\"BreadcrumbList\",\"@id\":\"https:\/\/ictdf.synergyecosys.io\/?p=417#breadcrumb\",\"itemListElement\":[{\"@type\":\"ListItem\",\"position\":1,\"name\":\"In\u00edcio\",\"item\":\"https:\/\/ictdf.synergyecosys.io\/\"},{\"@type\":\"ListItem\",\"position\":2,\"name\":\"Cidades do ES v\u00edtimas de Mariana: R$ 131 milh\u00f5es para revitalizar a sa\u00fade\"}]},{\"@type\":\"WebSite\",\"@id\":\"https:\/\/ictdf.synergyecosys.io\/#website\",\"url\":\"https:\/\/ictdf.synergyecosys.io\/\",\"name\":\"ICTDF\",\"description\":\"\",\"publisher\":{\"@id\":\"https:\/\/ictdf.synergyecosys.io\/#organization\"},\"potentialAction\":[{\"@type\":\"SearchAction\",\"target\":{\"@type\":\"EntryPoint\",\"urlTemplate\":\"https:\/\/ictdf.synergyecosys.io\/?s={search_term_string}\"},\"query-input\":{\"@type\":\"PropertyValueSpecification\",\"valueRequired\":true,\"valueName\":\"search_term_string\"}}],\"inLanguage\":\"pt-BR\"},{\"@type\":\"Organization\",\"@id\":\"https:\/\/ictdf.synergyecosys.io\/#organization\",\"name\":\"ICTDF\",\"url\":\"https:\/\/ictdf.synergyecosys.io\/\",\"logo\":{\"@type\":\"ImageObject\",\"inLanguage\":\"pt-BR\",\"@id\":\"https:\/\/ictdf.synergyecosys.io\/#\/schema\/logo\/image\/\",\"url\":\"https:\/\/ictdf.synergyecosys.io\/wp-content\/uploads\/2026\/02\/cropped-cropped-ICTDF_logo_transparente.png\",\"contentUrl\":\"https:\/\/ictdf.synergyecosys.io\/wp-content\/uploads\/2026\/02\/cropped-cropped-ICTDF_logo_transparente.png\",\"width\":450,\"height\":141,\"caption\":\"ICTDF\"},\"image\":{\"@id\":\"https:\/\/ictdf.synergyecosys.io\/#\/schema\/logo\/image\/\"}},{\"@type\":\"Person\",\"@id\":\"https:\/\/ictdf.synergyecosys.io\/#\/schema\/person\/0b4488974b7b485188c0c01cb9f95b21\",\"name\":\"admin\",\"image\":{\"@type\":\"ImageObject\",\"inLanguage\":\"pt-BR\",\"@id\":\"https:\/\/ictdf.synergyecosys.io\/#\/schema\/person\/image\/\",\"url\":\"https:\/\/secure.gravatar.com\/avatar\/ee6b87b4bde4f4817334740781bdb6e270748065085879a5aa2018d8006922fa?s=96&d=mm&r=g\",\"contentUrl\":\"https:\/\/secure.gravatar.com\/avatar\/ee6b87b4bde4f4817334740781bdb6e270748065085879a5aa2018d8006922fa?s=96&d=mm&r=g\",\"caption\":\"admin\"},\"sameAs\":[\"https:\/\/ictdf.synergyecosys.io\"],\"url\":\"https:\/\/ictdf.synergyecosys.io\/?author=1\"}]}<\/script>\n<!-- \/ Yoast SEO plugin. -->","yoast_head_json":{"title":"Cidades do ES v\u00edtimas de Mariana: R$ 131 milh\u00f5es para revitalizar a sa\u00fade - ICTDF","robots":{"index":"index","follow":"follow","max-snippet":"max-snippet:-1","max-image-preview":"max-image-preview:large","max-video-preview":"max-video-preview:-1"},"canonical":"https:\/\/ictdf.synergyecosys.io\/?p=417","og_locale":"pt_BR","og_type":"article","og_title":"Cidades do ES v\u00edtimas de Mariana: R$ 131 milh\u00f5es para revitalizar a sa\u00fade - ICTDF","og_description":"Descubra como 11 cidades do Esp\u00edrito Santo afetadas pelo desastre de Mariana receber\u00e3o R$ 131 milh\u00f5es para melhorar a sa\u00fade p\u00fablica. Entenda o impacto e os benef\u00edcios.","og_url":"https:\/\/ictdf.synergyecosys.io\/?p=417","og_site_name":"ICTDF","article_published_time":"2026-02-13T04:32:20+00:00","author":"admin","twitter_card":"summary_large_image","twitter_misc":{"Escrito por":"admin","Est. tempo de leitura":"4 minutos"},"schema":{"@context":"https:\/\/schema.org","@graph":[{"@type":"Article","@id":"https:\/\/ictdf.synergyecosys.io\/?p=417#article","isPartOf":{"@id":"https:\/\/ictdf.synergyecosys.io\/?p=417"},"author":{"name":"admin","@id":"https:\/\/ictdf.synergyecosys.io\/#\/schema\/person\/0b4488974b7b485188c0c01cb9f95b21"},"headline":"Cidades do ES v\u00edtimas de Mariana: R$ 131 milh\u00f5es para revitalizar a sa\u00fade","datePublished":"2026-02-13T04:32:20+00:00","mainEntityOfPage":{"@id":"https:\/\/ictdf.synergyecosys.io\/?p=417"},"wordCount":782,"commentCount":0,"publisher":{"@id":"https:\/\/ictdf.synergyecosys.io\/#organization"},"image":{"@id":"https:\/\/ictdf.synergyecosys.io\/?p=417#primaryimage"},"thumbnailUrl":"https:\/\/ictdf.synergyecosys.io\/wp-content\/uploads\/2026\/02\/imagem-Cidades-do-ES-vytimas-de-Mariana-ganham-R-131-mi-em-sayde.png","articleSection":["Bem-estar"],"inLanguage":"pt-BR","potentialAction":[{"@type":"CommentAction","name":"Comment","target":["https:\/\/ictdf.synergyecosys.io\/?p=417#respond"]}]},{"@type":"WebPage","@id":"https:\/\/ictdf.synergyecosys.io\/?p=417","url":"https:\/\/ictdf.synergyecosys.io\/?p=417","name":"Cidades do ES v\u00edtimas de Mariana: R$ 131 milh\u00f5es para revitalizar a sa\u00fade - ICTDF","isPartOf":{"@id":"https:\/\/ictdf.synergyecosys.io\/#website"},"primaryImageOfPage":{"@id":"https:\/\/ictdf.synergyecosys.io\/?p=417#primaryimage"},"image":{"@id":"https:\/\/ictdf.synergyecosys.io\/?p=417#primaryimage"},"thumbnailUrl":"https:\/\/ictdf.synergyecosys.io\/wp-content\/uploads\/2026\/02\/imagem-Cidades-do-ES-vytimas-de-Mariana-ganham-R-131-mi-em-sayde.png","datePublished":"2026-02-13T04:32:20+00:00","breadcrumb":{"@id":"https:\/\/ictdf.synergyecosys.io\/?p=417#breadcrumb"},"inLanguage":"pt-BR","potentialAction":[{"@type":"ReadAction","target":["https:\/\/ictdf.synergyecosys.io\/?p=417"]}]},{"@type":"ImageObject","inLanguage":"pt-BR","@id":"https:\/\/ictdf.synergyecosys.io\/?p=417#primaryimage","url":"https:\/\/ictdf.synergyecosys.io\/wp-content\/uploads\/2026\/02\/imagem-Cidades-do-ES-vytimas-de-Mariana-ganham-R-131-mi-em-sayde.png","contentUrl":"https:\/\/ictdf.synergyecosys.io\/wp-content\/uploads\/2026\/02\/imagem-Cidades-do-ES-vytimas-de-Mariana-ganham-R-131-mi-em-sayde.png","width":1168,"height":880},{"@type":"BreadcrumbList","@id":"https:\/\/ictdf.synergyecosys.io\/?p=417#breadcrumb","itemListElement":[{"@type":"ListItem","position":1,"name":"In\u00edcio","item":"https:\/\/ictdf.synergyecosys.io\/"},{"@type":"ListItem","position":2,"name":"Cidades do ES v\u00edtimas de Mariana: R$ 131 milh\u00f5es para revitalizar a sa\u00fade"}]},{"@type":"WebSite","@id":"https:\/\/ictdf.synergyecosys.io\/#website","url":"https:\/\/ictdf.synergyecosys.io\/","name":"ICTDF","description":"","publisher":{"@id":"https:\/\/ictdf.synergyecosys.io\/#organization"},"potentialAction":[{"@type":"SearchAction","target":{"@type":"EntryPoint","urlTemplate":"https:\/\/ictdf.synergyecosys.io\/?s={search_term_string}"},"query-input":{"@type":"PropertyValueSpecification","valueRequired":true,"valueName":"search_term_string"}}],"inLanguage":"pt-BR"},{"@type":"Organization","@id":"https:\/\/ictdf.synergyecosys.io\/#organization","name":"ICTDF","url":"https:\/\/ictdf.synergyecosys.io\/","logo":{"@type":"ImageObject","inLanguage":"pt-BR","@id":"https:\/\/ictdf.synergyecosys.io\/#\/schema\/logo\/image\/","url":"https:\/\/ictdf.synergyecosys.io\/wp-content\/uploads\/2026\/02\/cropped-cropped-ICTDF_logo_transparente.png","contentUrl":"https:\/\/ictdf.synergyecosys.io\/wp-content\/uploads\/2026\/02\/cropped-cropped-ICTDF_logo_transparente.png","width":450,"height":141,"caption":"ICTDF"},"image":{"@id":"https:\/\/ictdf.synergyecosys.io\/#\/schema\/logo\/image\/"}},{"@type":"Person","@id":"https:\/\/ictdf.synergyecosys.io\/#\/schema\/person\/0b4488974b7b485188c0c01cb9f95b21","name":"admin","image":{"@type":"ImageObject","inLanguage":"pt-BR","@id":"https:\/\/ictdf.synergyecosys.io\/#\/schema\/person\/image\/","url":"https:\/\/secure.gravatar.com\/avatar\/ee6b87b4bde4f4817334740781bdb6e270748065085879a5aa2018d8006922fa?s=96&d=mm&r=g","contentUrl":"https:\/\/secure.gravatar.com\/avatar\/ee6b87b4bde4f4817334740781bdb6e270748065085879a5aa2018d8006922fa?s=96&d=mm&r=g","caption":"admin"},"sameAs":["https:\/\/ictdf.synergyecosys.io"],"url":"https:\/\/ictdf.synergyecosys.io\/?author=1"}]}},"_links":{"self":[{"href":"https:\/\/ictdf.synergyecosys.io\/index.php?rest_route=\/wp\/v2\/posts\/417","targetHints":{"allow":["GET"]}}],"collection":[{"href":"https:\/\/ictdf.synergyecosys.io\/index.php?rest_route=\/wp\/v2\/posts"}],"about":[{"href":"https:\/\/ictdf.synergyecosys.io\/index.php?rest_route=\/wp\/v2\/types\/post"}],"author":[{"embeddable":true,"href":"https:\/\/ictdf.synergyecosys.io\/index.php?rest_route=\/wp\/v2\/users\/1"}],"replies":[{"embeddable":true,"href":"https:\/\/ictdf.synergyecosys.io\/index.php?rest_route=%2Fwp%2Fv2%2Fcomments&post=417"}],"version-history":[{"count":0,"href":"https:\/\/ictdf.synergyecosys.io\/index.php?rest_route=\/wp\/v2\/posts\/417\/revisions"}],"wp:featuredmedia":[{"embeddable":true,"href":"https:\/\/ictdf.synergyecosys.io\/index.php?rest_route=\/wp\/v2\/media\/416"}],"wp:attachment":[{"href":"https:\/\/ictdf.synergyecosys.io\/index.php?rest_route=%2Fwp%2Fv2%2Fmedia&parent=417"}],"wp:term":[{"taxonomy":"category","embeddable":true,"href":"https:\/\/ictdf.synergyecosys.io\/index.php?rest_route=%2Fwp%2Fv2%2Fcategories&post=417"},{"taxonomy":"post_tag","embeddable":true,"href":"https:\/\/ictdf.synergyecosys.io\/index.php?rest_route=%2Fwp%2Fv2%2Ftags&post=417"}],"curies":[{"name":"wp","href":"https:\/\/api.w.org\/{rel}","templated":true}]}}