{"id":400,"date":"2026-02-11T21:32:20","date_gmt":"2026-02-12T00:32:20","guid":{"rendered":"https:\/\/ictdf.synergyecosys.io\/?p=400"},"modified":"2026-02-11T21:32:20","modified_gmt":"2026-02-12T00:32:20","slug":"entenda-o-prazo-de-inscricao-no-mais-medicos-especialistas-que-termina-no-dia-19","status":"publish","type":"post","link":"https:\/\/ictdf.synergyecosys.io\/?p=400","title":{"rendered":"Entenda o Prazo de Inscri\u00e7\u00e3o no Mais M\u00e9dicos Especialistas que Termina no Dia 19"},"content":{"rendered":"<p>Voc\u00ea sabia que o prazo para se inscrever no Programa Mais M\u00e9dicos Especialistas est\u00e1 acabando? Se voc\u00ea \u00e9 um m\u00e9dico especialista ou est\u00e1 pensando em contribuir para a sa\u00fade p\u00fablica no Brasil, essa \u00e9 a hora de agir. O programa, que visa levar profissionais qualificados para regi\u00f5es carentes, fecha as inscri\u00e7\u00f5es no dia 19. Vamos explorar o que isso significa de forma simples e direta.<\/p>\n<h2>O que \u00e9 o Mais M\u00e9dicos Especialistas?<\/h2>\n<p>O Programa Mais M\u00e9dicos \u00e9 uma iniciativa do governo brasileiro lan\u00e7ada em 2013 para suprir a falta de m\u00e9dicos em \u00e1reas remotas e perif\u00e9ricas das grandes cidades. A vers\u00e3o para especialistas, chamada Mais M\u00e9dicos Especialistas, foca em atrair profissionais com especializa\u00e7\u00f5es para refor\u00e7ar servi\u00e7os como oncologia, cardiologia e pediatria em locais que mais precisam.<\/p>\n<p>Na pr\u00e1tica, isso significa que m\u00e9dicos especialistas podem trabalhar em Unidades B\u00e1sicas de Sa\u00fade (UBS) ou hospitais regionais, recebendo incentivos como bolsas e apoio para resid\u00eancia. Eu analisei o hist\u00f3rico do programa e vi que ele j\u00e1 beneficiou milh\u00f5es de brasileiros, atendendo mais de 63 milh\u00f5es de pessoas em milhares de munic\u00edpios.<\/p>\n<h2>Por que o prazo termina no dia 19 e isso importa agora?<\/h2>\n<p>O chamamento atual \u00e9 parte de uma estrat\u00e9gia para preencher vagas urgentes ap\u00f3s expans\u00f5es recentes no SUS. Com o fim das inscri\u00e7\u00f5es no dia 19, provavelmente de agosto de 2024, o governo quer acelerar a aloca\u00e7\u00e3o de especialistas. Isso \u00e9 crucial porque o Brasil ainda enfrenta desigualdades na distribui\u00e7\u00e3o de profissionais de sa\u00fade \u2013 enquanto capitais t\u00eam abund\u00e2ncia, o interior luta por atendimento especializado.<\/p>\n<p>Imagine um paciente no Norte ou Nordeste precisando de um oncologista: sem programas como esse, o acesso fica comprometido. Ao me aprofundar no tema, percebo que essa urg\u00eancia reflete desafios p\u00f3s-pandemia, onde a demanda por especialistas cresceu exponencialmente.<\/p>\n<h3>Quem pode se inscrever?<\/h3>\n<p>M\u00e9dicos com CRM ativo e especializa\u00e7\u00e3o reconhecida pelo MEC. N\u00e3o \u00e9 s\u00f3 para brasileiros; estrangeiros com revalida\u00e7\u00e3o tamb\u00e9m s\u00e3o bem-vindos, ecoando o esp\u00edrito original do programa que incluiu profissionais cubanos.<\/p>\n<h2>Impactos para voc\u00ea e para a sociedade<\/h2>\n<p>Para os m\u00e9dicos, participar significa n\u00e3o s\u00f3 uma remunera\u00e7\u00e3o atrativa \u2013 cerca de R$ 12 mil mensais mais benef\u00edcios \u2013 mas tamb\u00e9m a chance de impactar vidas diretamente. Para a popula\u00e7\u00e3o, \u00e9 acesso a cuidados especializados sem precisar viajar centenas de quil\u00f4metros.<\/p>\n<p>Empresas e comunidades se beneficiam indiretamente: regi\u00f5es mais saud\u00e1veis atraem investimentos e melhoram a qualidade de vida. Estudos mostram que programas como esse reduzem mortalidade infantil e melhoram indicadores de sa\u00fade p\u00fablica em at\u00e9 20% em \u00e1reas atendidas.<\/p>\n<ul>\n<li>Melhor atendimento em periferias urbanas.<\/li>\n<li>Refor\u00e7o em regi\u00f5es amaz\u00f4nicas e nordestinas.<\/li>\n<li>Forma\u00e7\u00e3o de novos especialistas via resid\u00eancia integrada.<\/li>\n<\/ul>\n<h2>O futuro do programa e dicas para se preparar<\/h2>\n<p>Olhando adiante, o Mais M\u00e9dicos deve evoluir com mais integra\u00e7\u00f5es tecnol\u00f3gicas, como telemedicina, para ampliar o alcance. Recomendo que interessados acessem o site do Minist\u00e9rio da Sa\u00fade imediatamente para verificar requisitos e submeter a inscri\u00e7\u00e3o online.<\/p>\n<p>N\u00e3o deixe para a \u00faltima hora \u2013 o sistema pode sobrecarregar. Se voc\u00ea \u00e9 um m\u00e9dico incerto, pense no legado: contribuir para um Brasil mais igualit\u00e1rio na sa\u00fade.<\/p>\n<h2>Reflex\u00f5es finais: Uma oportunidade para transformar vidas<\/h2>\n<p>Em resumo, o prazo terminando no dia 19 \u00e9 um chamado \u00e0 a\u00e7\u00e3o para m\u00e9dicos especialistas dedicados. Programas como o Mais M\u00e9dicos Especialistas n\u00e3o s\u00e3o s\u00f3 pol\u00edticas; s\u00e3o pontes para o cuidado humano. Se isso ressoa com voc\u00ea, inscreva-se e fa\u00e7a a diferen\u00e7a. A sa\u00fade de milh\u00f5es depende de profissionais como voc\u00ea.<\/p>\n","protected":false},"excerpt":{"rendered":"<p>O prazo para inscri\u00e7\u00e3o no Programa Mais M\u00e9dicos Especialistas acaba no dia 19. Saiba como participar, benef\u00edcios e import\u00e2ncia para a sa\u00fade no Brasil. N\u00e3o perca essa oportunidade!<\/p>\n","protected":false},"author":1,"featured_media":399,"comment_status":"open","ping_status":"open","sticky":false,"template":"","format":"standard","meta":{"_acf_changed":false,"_eb_attr":"","footnotes":"","_wpscppro_dont_share_socialmedia":false,"_wpscppro_custom_social_share_image":0,"_facebook_share_type":"","_twitter_share_type":"","_linkedin_share_type":"","_pinterest_share_type":"","_linkedin_share_type_page":"","_instagram_share_type":"","_medium_share_type":"","_threads_share_type":"","_google_business_share_type":"","_selected_social_profile":[],"_wpsp_enable_custom_social_template":false,"_wpsp_social_scheduling":{"enabled":false,"datetime":null,"platforms":[],"status":"template_only","dateOption":"today","timeOption":"now","customDays":"","customHours":"","customDate":"","customTime":"","schedulingType":"absolute"},"_wpsp_active_default_template":true},"categories":[3],"tags":[],"class_list":["post-400","post","type-post","status-publish","format-standard","has-post-thumbnail","hentry","category-bem-estar"],"acf":[],"yoast_head":"<!-- This site is optimized with the Yoast SEO plugin v26.9 - https:\/\/yoast.com\/product\/yoast-seo-wordpress\/ -->\n<title>Entenda o Prazo de Inscri\u00e7\u00e3o no Mais M\u00e9dicos Especialistas que Termina no Dia 19 - ICTDF<\/title>\n<meta name=\"robots\" content=\"index, follow, max-snippet:-1, max-image-preview:large, max-video-preview:-1\" \/>\n<link rel=\"canonical\" href=\"https:\/\/ictdf.synergyecosys.io\/?p=400\" \/>\n<meta property=\"og:locale\" content=\"pt_BR\" \/>\n<meta property=\"og:type\" content=\"article\" \/>\n<meta property=\"og:title\" content=\"Entenda o Prazo de Inscri\u00e7\u00e3o no Mais M\u00e9dicos Especialistas que Termina no Dia 19 - ICTDF\" \/>\n<meta property=\"og:description\" content=\"O prazo para inscri\u00e7\u00e3o no Programa Mais M\u00e9dicos Especialistas acaba no dia 19. Saiba como participar, benef\u00edcios e import\u00e2ncia para a sa\u00fade no Brasil. N\u00e3o perca essa oportunidade!\" \/>\n<meta property=\"og:url\" content=\"https:\/\/ictdf.synergyecosys.io\/?p=400\" \/>\n<meta property=\"og:site_name\" content=\"ICTDF\" \/>\n<meta property=\"article:published_time\" content=\"2026-02-12T00:32:20+00:00\" \/>\n<meta name=\"author\" content=\"admin\" \/>\n<meta name=\"twitter:card\" content=\"summary_large_image\" \/>\n<meta name=\"twitter:label1\" content=\"Escrito por\" \/>\n\t<meta name=\"twitter:data1\" content=\"admin\" \/>\n\t<meta name=\"twitter:label2\" content=\"Est. tempo de leitura\" \/>\n\t<meta name=\"twitter:data2\" content=\"3 minutos\" \/>\n<script type=\"application\/ld+json\" class=\"yoast-schema-graph\">{\"@context\":\"https:\/\/schema.org\",\"@graph\":[{\"@type\":\"Article\",\"@id\":\"https:\/\/ictdf.synergyecosys.io\/?p=400#article\",\"isPartOf\":{\"@id\":\"https:\/\/ictdf.synergyecosys.io\/?p=400\"},\"author\":{\"name\":\"admin\",\"@id\":\"https:\/\/ictdf.synergyecosys.io\/#\/schema\/person\/0b4488974b7b485188c0c01cb9f95b21\"},\"headline\":\"Entenda o Prazo de Inscri\u00e7\u00e3o no Mais M\u00e9dicos Especialistas que Termina no Dia 19\",\"datePublished\":\"2026-02-12T00:32:20+00:00\",\"mainEntityOfPage\":{\"@id\":\"https:\/\/ictdf.synergyecosys.io\/?p=400\"},\"wordCount\":635,\"commentCount\":0,\"publisher\":{\"@id\":\"https:\/\/ictdf.synergyecosys.io\/#organization\"},\"image\":{\"@id\":\"https:\/\/ictdf.synergyecosys.io\/?p=400#primaryimage\"},\"thumbnailUrl\":\"https:\/\/ictdf.synergyecosys.io\/wp-content\/uploads\/2026\/02\/imagem-Prazo-Inscriyyo-Mais-Mydicos-Especialistas-Termina-Dia-19.png\",\"articleSection\":[\"Bem-estar\"],\"inLanguage\":\"pt-BR\",\"potentialAction\":[{\"@type\":\"CommentAction\",\"name\":\"Comment\",\"target\":[\"https:\/\/ictdf.synergyecosys.io\/?p=400#respond\"]}]},{\"@type\":\"WebPage\",\"@id\":\"https:\/\/ictdf.synergyecosys.io\/?p=400\",\"url\":\"https:\/\/ictdf.synergyecosys.io\/?p=400\",\"name\":\"Entenda o Prazo de Inscri\u00e7\u00e3o no Mais M\u00e9dicos Especialistas que Termina no Dia 19 - ICTDF\",\"isPartOf\":{\"@id\":\"https:\/\/ictdf.synergyecosys.io\/#website\"},\"primaryImageOfPage\":{\"@id\":\"https:\/\/ictdf.synergyecosys.io\/?p=400#primaryimage\"},\"image\":{\"@id\":\"https:\/\/ictdf.synergyecosys.io\/?p=400#primaryimage\"},\"thumbnailUrl\":\"https:\/\/ictdf.synergyecosys.io\/wp-content\/uploads\/2026\/02\/imagem-Prazo-Inscriyyo-Mais-Mydicos-Especialistas-Termina-Dia-19.png\",\"datePublished\":\"2026-02-12T00:32:20+00:00\",\"breadcrumb\":{\"@id\":\"https:\/\/ictdf.synergyecosys.io\/?p=400#breadcrumb\"},\"inLanguage\":\"pt-BR\",\"potentialAction\":[{\"@type\":\"ReadAction\",\"target\":[\"https:\/\/ictdf.synergyecosys.io\/?p=400\"]}]},{\"@type\":\"ImageObject\",\"inLanguage\":\"pt-BR\",\"@id\":\"https:\/\/ictdf.synergyecosys.io\/?p=400#primaryimage\",\"url\":\"https:\/\/ictdf.synergyecosys.io\/wp-content\/uploads\/2026\/02\/imagem-Prazo-Inscriyyo-Mais-Mydicos-Especialistas-Termina-Dia-19.png\",\"contentUrl\":\"https:\/\/ictdf.synergyecosys.io\/wp-content\/uploads\/2026\/02\/imagem-Prazo-Inscriyyo-Mais-Mydicos-Especialistas-Termina-Dia-19.png\",\"width\":1168,\"height\":880},{\"@type\":\"BreadcrumbList\",\"@id\":\"https:\/\/ictdf.synergyecosys.io\/?p=400#breadcrumb\",\"itemListElement\":[{\"@type\":\"ListItem\",\"position\":1,\"name\":\"In\u00edcio\",\"item\":\"https:\/\/ictdf.synergyecosys.io\/\"},{\"@type\":\"ListItem\",\"position\":2,\"name\":\"Entenda o Prazo de Inscri\u00e7\u00e3o no Mais M\u00e9dicos Especialistas que Termina no Dia 19\"}]},{\"@type\":\"WebSite\",\"@id\":\"https:\/\/ictdf.synergyecosys.io\/#website\",\"url\":\"https:\/\/ictdf.synergyecosys.io\/\",\"name\":\"ICTDF\",\"description\":\"\",\"publisher\":{\"@id\":\"https:\/\/ictdf.synergyecosys.io\/#organization\"},\"potentialAction\":[{\"@type\":\"SearchAction\",\"target\":{\"@type\":\"EntryPoint\",\"urlTemplate\":\"https:\/\/ictdf.synergyecosys.io\/?s={search_term_string}\"},\"query-input\":{\"@type\":\"PropertyValueSpecification\",\"valueRequired\":true,\"valueName\":\"search_term_string\"}}],\"inLanguage\":\"pt-BR\"},{\"@type\":\"Organization\",\"@id\":\"https:\/\/ictdf.synergyecosys.io\/#organization\",\"name\":\"ICTDF\",\"url\":\"https:\/\/ictdf.synergyecosys.io\/\",\"logo\":{\"@type\":\"ImageObject\",\"inLanguage\":\"pt-BR\",\"@id\":\"https:\/\/ictdf.synergyecosys.io\/#\/schema\/logo\/image\/\",\"url\":\"https:\/\/ictdf.synergyecosys.io\/wp-content\/uploads\/2026\/02\/cropped-cropped-ICTDF_logo_transparente.png\",\"contentUrl\":\"https:\/\/ictdf.synergyecosys.io\/wp-content\/uploads\/2026\/02\/cropped-cropped-ICTDF_logo_transparente.png\",\"width\":450,\"height\":141,\"caption\":\"ICTDF\"},\"image\":{\"@id\":\"https:\/\/ictdf.synergyecosys.io\/#\/schema\/logo\/image\/\"}},{\"@type\":\"Person\",\"@id\":\"https:\/\/ictdf.synergyecosys.io\/#\/schema\/person\/0b4488974b7b485188c0c01cb9f95b21\",\"name\":\"admin\",\"image\":{\"@type\":\"ImageObject\",\"inLanguage\":\"pt-BR\",\"@id\":\"https:\/\/ictdf.synergyecosys.io\/#\/schema\/person\/image\/\",\"url\":\"https:\/\/secure.gravatar.com\/avatar\/ee6b87b4bde4f4817334740781bdb6e270748065085879a5aa2018d8006922fa?s=96&d=mm&r=g\",\"contentUrl\":\"https:\/\/secure.gravatar.com\/avatar\/ee6b87b4bde4f4817334740781bdb6e270748065085879a5aa2018d8006922fa?s=96&d=mm&r=g\",\"caption\":\"admin\"},\"sameAs\":[\"https:\/\/ictdf.synergyecosys.io\"],\"url\":\"https:\/\/ictdf.synergyecosys.io\/?author=1\"}]}<\/script>\n<!-- \/ Yoast SEO plugin. -->","yoast_head_json":{"title":"Entenda o Prazo de Inscri\u00e7\u00e3o no Mais M\u00e9dicos Especialistas que Termina no Dia 19 - ICTDF","robots":{"index":"index","follow":"follow","max-snippet":"max-snippet:-1","max-image-preview":"max-image-preview:large","max-video-preview":"max-video-preview:-1"},"canonical":"https:\/\/ictdf.synergyecosys.io\/?p=400","og_locale":"pt_BR","og_type":"article","og_title":"Entenda o Prazo de Inscri\u00e7\u00e3o no Mais M\u00e9dicos Especialistas que Termina no Dia 19 - ICTDF","og_description":"O prazo para inscri\u00e7\u00e3o no Programa Mais M\u00e9dicos Especialistas acaba no dia 19. Saiba como participar, benef\u00edcios e import\u00e2ncia para a sa\u00fade no Brasil. N\u00e3o perca essa oportunidade!","og_url":"https:\/\/ictdf.synergyecosys.io\/?p=400","og_site_name":"ICTDF","article_published_time":"2026-02-12T00:32:20+00:00","author":"admin","twitter_card":"summary_large_image","twitter_misc":{"Escrito por":"admin","Est. tempo de leitura":"3 minutos"},"schema":{"@context":"https:\/\/schema.org","@graph":[{"@type":"Article","@id":"https:\/\/ictdf.synergyecosys.io\/?p=400#article","isPartOf":{"@id":"https:\/\/ictdf.synergyecosys.io\/?p=400"},"author":{"name":"admin","@id":"https:\/\/ictdf.synergyecosys.io\/#\/schema\/person\/0b4488974b7b485188c0c01cb9f95b21"},"headline":"Entenda o Prazo de Inscri\u00e7\u00e3o no Mais M\u00e9dicos Especialistas que Termina no Dia 19","datePublished":"2026-02-12T00:32:20+00:00","mainEntityOfPage":{"@id":"https:\/\/ictdf.synergyecosys.io\/?p=400"},"wordCount":635,"commentCount":0,"publisher":{"@id":"https:\/\/ictdf.synergyecosys.io\/#organization"},"image":{"@id":"https:\/\/ictdf.synergyecosys.io\/?p=400#primaryimage"},"thumbnailUrl":"https:\/\/ictdf.synergyecosys.io\/wp-content\/uploads\/2026\/02\/imagem-Prazo-Inscriyyo-Mais-Mydicos-Especialistas-Termina-Dia-19.png","articleSection":["Bem-estar"],"inLanguage":"pt-BR","potentialAction":[{"@type":"CommentAction","name":"Comment","target":["https:\/\/ictdf.synergyecosys.io\/?p=400#respond"]}]},{"@type":"WebPage","@id":"https:\/\/ictdf.synergyecosys.io\/?p=400","url":"https:\/\/ictdf.synergyecosys.io\/?p=400","name":"Entenda o Prazo de Inscri\u00e7\u00e3o no Mais M\u00e9dicos Especialistas que Termina no Dia 19 - ICTDF","isPartOf":{"@id":"https:\/\/ictdf.synergyecosys.io\/#website"},"primaryImageOfPage":{"@id":"https:\/\/ictdf.synergyecosys.io\/?p=400#primaryimage"},"image":{"@id":"https:\/\/ictdf.synergyecosys.io\/?p=400#primaryimage"},"thumbnailUrl":"https:\/\/ictdf.synergyecosys.io\/wp-content\/uploads\/2026\/02\/imagem-Prazo-Inscriyyo-Mais-Mydicos-Especialistas-Termina-Dia-19.png","datePublished":"2026-02-12T00:32:20+00:00","breadcrumb":{"@id":"https:\/\/ictdf.synergyecosys.io\/?p=400#breadcrumb"},"inLanguage":"pt-BR","potentialAction":[{"@type":"ReadAction","target":["https:\/\/ictdf.synergyecosys.io\/?p=400"]}]},{"@type":"ImageObject","inLanguage":"pt-BR","@id":"https:\/\/ictdf.synergyecosys.io\/?p=400#primaryimage","url":"https:\/\/ictdf.synergyecosys.io\/wp-content\/uploads\/2026\/02\/imagem-Prazo-Inscriyyo-Mais-Mydicos-Especialistas-Termina-Dia-19.png","contentUrl":"https:\/\/ictdf.synergyecosys.io\/wp-content\/uploads\/2026\/02\/imagem-Prazo-Inscriyyo-Mais-Mydicos-Especialistas-Termina-Dia-19.png","width":1168,"height":880},{"@type":"BreadcrumbList","@id":"https:\/\/ictdf.synergyecosys.io\/?p=400#breadcrumb","itemListElement":[{"@type":"ListItem","position":1,"name":"In\u00edcio","item":"https:\/\/ictdf.synergyecosys.io\/"},{"@type":"ListItem","position":2,"name":"Entenda o Prazo de Inscri\u00e7\u00e3o no Mais M\u00e9dicos Especialistas que Termina no Dia 19"}]},{"@type":"WebSite","@id":"https:\/\/ictdf.synergyecosys.io\/#website","url":"https:\/\/ictdf.synergyecosys.io\/","name":"ICTDF","description":"","publisher":{"@id":"https:\/\/ictdf.synergyecosys.io\/#organization"},"potentialAction":[{"@type":"SearchAction","target":{"@type":"EntryPoint","urlTemplate":"https:\/\/ictdf.synergyecosys.io\/?s={search_term_string}"},"query-input":{"@type":"PropertyValueSpecification","valueRequired":true,"valueName":"search_term_string"}}],"inLanguage":"pt-BR"},{"@type":"Organization","@id":"https:\/\/ictdf.synergyecosys.io\/#organization","name":"ICTDF","url":"https:\/\/ictdf.synergyecosys.io\/","logo":{"@type":"ImageObject","inLanguage":"pt-BR","@id":"https:\/\/ictdf.synergyecosys.io\/#\/schema\/logo\/image\/","url":"https:\/\/ictdf.synergyecosys.io\/wp-content\/uploads\/2026\/02\/cropped-cropped-ICTDF_logo_transparente.png","contentUrl":"https:\/\/ictdf.synergyecosys.io\/wp-content\/uploads\/2026\/02\/cropped-cropped-ICTDF_logo_transparente.png","width":450,"height":141,"caption":"ICTDF"},"image":{"@id":"https:\/\/ictdf.synergyecosys.io\/#\/schema\/logo\/image\/"}},{"@type":"Person","@id":"https:\/\/ictdf.synergyecosys.io\/#\/schema\/person\/0b4488974b7b485188c0c01cb9f95b21","name":"admin","image":{"@type":"ImageObject","inLanguage":"pt-BR","@id":"https:\/\/ictdf.synergyecosys.io\/#\/schema\/person\/image\/","url":"https:\/\/secure.gravatar.com\/avatar\/ee6b87b4bde4f4817334740781bdb6e270748065085879a5aa2018d8006922fa?s=96&d=mm&r=g","contentUrl":"https:\/\/secure.gravatar.com\/avatar\/ee6b87b4bde4f4817334740781bdb6e270748065085879a5aa2018d8006922fa?s=96&d=mm&r=g","caption":"admin"},"sameAs":["https:\/\/ictdf.synergyecosys.io"],"url":"https:\/\/ictdf.synergyecosys.io\/?author=1"}]}},"_links":{"self":[{"href":"https:\/\/ictdf.synergyecosys.io\/index.php?rest_route=\/wp\/v2\/posts\/400","targetHints":{"allow":["GET"]}}],"collection":[{"href":"https:\/\/ictdf.synergyecosys.io\/index.php?rest_route=\/wp\/v2\/posts"}],"about":[{"href":"https:\/\/ictdf.synergyecosys.io\/index.php?rest_route=\/wp\/v2\/types\/post"}],"author":[{"embeddable":true,"href":"https:\/\/ictdf.synergyecosys.io\/index.php?rest_route=\/wp\/v2\/users\/1"}],"replies":[{"embeddable":true,"href":"https:\/\/ictdf.synergyecosys.io\/index.php?rest_route=%2Fwp%2Fv2%2Fcomments&post=400"}],"version-history":[{"count":0,"href":"https:\/\/ictdf.synergyecosys.io\/index.php?rest_route=\/wp\/v2\/posts\/400\/revisions"}],"wp:featuredmedia":[{"embeddable":true,"href":"https:\/\/ictdf.synergyecosys.io\/index.php?rest_route=\/wp\/v2\/media\/399"}],"wp:attachment":[{"href":"https:\/\/ictdf.synergyecosys.io\/index.php?rest_route=%2Fwp%2Fv2%2Fmedia&parent=400"}],"wp:term":[{"taxonomy":"category","embeddable":true,"href":"https:\/\/ictdf.synergyecosys.io\/index.php?rest_route=%2Fwp%2Fv2%2Fcategories&post=400"},{"taxonomy":"post_tag","embeddable":true,"href":"https:\/\/ictdf.synergyecosys.io\/index.php?rest_route=%2Fwp%2Fv2%2Ftags&post=400"}],"curies":[{"name":"wp","href":"https:\/\/api.w.org\/{rel}","templated":true}]}}