{"id":380,"date":"2026-02-11T11:32:22","date_gmt":"2026-02-11T14:32:22","guid":{"rendered":"https:\/\/ictdf.synergyecosys.io\/?p=380"},"modified":"2026-02-11T11:32:22","modified_gmt":"2026-02-11T14:32:22","slug":"brasileiros-mais-satisfeitos-com-o-sus-que-a-media-latina","status":"publish","type":"post","link":"https:\/\/ictdf.synergyecosys.io\/?p=380","title":{"rendered":"Brasileiros Mais Satisfeitos com o SUS que a M\u00e9dia Latina"},"content":{"rendered":"<p>Voc\u00ea j\u00e1 parou para pensar no quanto o SUS impacta a vida de milh\u00f5es de brasileiros? Recentemente, uma pesquisa revelou que a satisfa\u00e7\u00e3o dos brasileiros com o Sistema \u00danico de Sa\u00fade supera a m\u00e9dia da Am\u00e9rica Latina. Isso \u00e9 uma not\u00edcia encorajadora, especialmente em um contexto de desafios globais na sa\u00fade p\u00fablica.<\/p>\n<p>Eu analisei os dados e percebi que, apesar das filas e da sobrecarga, o SUS conquista cora\u00e7\u00f5es. Vamos explorar isso de forma simples e direta.<\/p>\n<h2>O que \u00e9 o SUS e por que ele existe?<\/h2>\n<p>O <strong>SUS<\/strong>, ou Sistema \u00danico de Sa\u00fade, \u00e9 o sistema p\u00fablico de sa\u00fade do Brasil. Criado em 1990, ele garante atendimento gratuito a todos, independentemente de renda ou origem. Na pr\u00e1tica, isso significa que qualquer pessoa pode acessar desde consultas b\u00e1sicas at\u00e9 cirurgias complexas sem pagar nada no momento do servi\u00e7o.<\/p>\n<p>Antes do SUS, s\u00f3 quem contribu\u00eda para a previd\u00eancia social tinha direito a cuidados de sa\u00fade p\u00fablicos. Hoje, ele cobre 100% da popula\u00e7\u00e3o, o que o torna o maior sistema p\u00fablico do mundo em termos de benefici\u00e1rios.<\/p>\n<h3>Princ\u00edpios fundamentais do SUS<\/h3>\n<p>O SUS se baseia em princ\u00edpios como universalidade \u2013 todo mundo tem direito \u2013 e equidade, priorizando quem mais precisa. Al\u00e9m disso, ele promove a preven\u00e7\u00e3o, com vacinas gratuitas e vigil\u00e2ncia sanit\u00e1ria.<\/p>\n<p>Esses pilares ajudam a explicar por que, mesmo com problemas, o sistema \u00e9 valorizado.<\/p>\n<h2>Os dados da satisfa\u00e7\u00e3o: o que a pesquisa diz?<\/h2>\n<p>De acordo com estudos recentes, como os do Latinobar\u00f4metro, cerca de 70% dos brasileiros se dizem satisfeitos com o SUS. Isso \u00e9 bem acima da m\u00e9dia regional, que gira em torno de 50% para sistemas de sa\u00fade p\u00fablicos na Am\u00e9rica Latina.<\/p>\n<p>Por qu\u00ea? Muitos apontam o acesso amplo a servi\u00e7os essenciais, como o SAMU para emerg\u00eancias e programas de vacina\u00e7\u00e3o que controlaram epidemias.<\/p>\n<p>Eu percebo que essa aprova\u00e7\u00e3o reflete o orgulho nacional pelo que o SUS representa: um direito constitucional \u00e0 sa\u00fade.<\/p>\n<h2>Desafios que o SUS enfrenta no dia a dia<\/h2>\n<p>Apesar da boa avalia\u00e7\u00e3o, o SUS lida com subfinanciamento cr\u00f4nico. O Brasil investe menos em sa\u00fade p\u00fablica do que pa\u00edses vizinhos, o que resulta em longas esperas e falta de profissionais em \u00e1reas remotas.<\/p>\n<p>Para as pessoas comuns, isso significa que, embora o sistema funcione, ele poderia ser melhor. Empresas e a sociedade sentem o impacto em produtividade perdida por doen\u00e7as evit\u00e1veis.<\/p>\n<h3>Impactos na sociedade brasileira<\/h3>\n<p>O alto n\u00edvel de satisfa\u00e7\u00e3o fortalece a confian\u00e7a no governo e incentiva pol\u00edticas p\u00fablicas. No entanto, desigualdades regionais persistem: o Norte e Nordeste dependem mais do SUS e enfrentam maiores obst\u00e1culos.<\/p>\n<p>Isso afeta o dia a dia, como na luta contra a COVID-19, onde o SUS foi crucial para vacinar o pa\u00eds rapidamente.<\/p>\n<h2>Perspectivas futuras: como melhorar o SUS?<\/h2>\n<p>Olhando para frente, tend\u00eancias apontam para a necessidade de mais investimentos. Recomenda\u00e7\u00f5es incluem aumentar o or\u00e7amento para 6% do PIB, como sugerem especialistas, e integrar tecnologia, como telemedicina.<\/p>\n<p>Possibilidades incluem parcerias p\u00fablico-privadas para expandir a rede de atendimentos. Para o cidad\u00e3o, isso significa um SUS mais eficiente e acess\u00edvel.<\/p>\n<p>Na minha vis\u00e3o, manter essa satisfa\u00e7\u00e3o alta depende de a\u00e7\u00f5es concretas para superar os gargalos atuais.<\/p>\n<h2>Reflex\u00f5es sobre o valor do SUS para todos n\u00f3s<\/h2>\n<p>Em resumo, a supera\u00e7\u00e3o da m\u00e9dia latino-americana na satisfa\u00e7\u00e3o com o SUS mostra o potencial de um sistema inclusivo. Mas \u00e9 um lembrete de que precisamos investir mais para que ele atenda plenamente a todos.<\/p>\n<p>Se voc\u00ea usa o SUS, compartilhe sua experi\u00eancia nos coment\u00e1rios. Juntos, podemos pressionar por melhorias e valorizar esse patrim\u00f4nio nacional.<\/p>\n","protected":false},"excerpt":{"rendered":"<p>Os brasileiros est\u00e3o mais satisfeitos com o SUS do que a m\u00e9dia na Am\u00e9rica Latina. Entenda os dados da pesquisa, o que isso significa e os desafios do sistema p\u00fablico de sa\u00fade.<\/p>\n","protected":false},"author":1,"featured_media":379,"comment_status":"open","ping_status":"open","sticky":false,"template":"","format":"standard","meta":{"_acf_changed":false,"_eb_attr":"","footnotes":"","_wpscppro_dont_share_socialmedia":false,"_wpscppro_custom_social_share_image":0,"_facebook_share_type":"","_twitter_share_type":"","_linkedin_share_type":"","_pinterest_share_type":"","_linkedin_share_type_page":"","_instagram_share_type":"","_medium_share_type":"","_threads_share_type":"","_google_business_share_type":"","_selected_social_profile":[],"_wpsp_enable_custom_social_template":false,"_wpsp_social_scheduling":{"enabled":false,"datetime":null,"platforms":[],"status":"template_only","dateOption":"today","timeOption":"now","customDays":"","customHours":"","customDate":"","customTime":"","schedulingType":"absolute"},"_wpsp_active_default_template":true},"categories":[3],"tags":[],"class_list":["post-380","post","type-post","status-publish","format-standard","has-post-thumbnail","hentry","category-bem-estar"],"acf":[],"yoast_head":"<!-- This site is optimized with the Yoast SEO plugin v26.9 - https:\/\/yoast.com\/product\/yoast-seo-wordpress\/ -->\n<title>Brasileiros Mais Satisfeitos com o SUS que a M\u00e9dia Latina - ICTDF<\/title>\n<meta name=\"robots\" content=\"index, follow, max-snippet:-1, max-image-preview:large, max-video-preview:-1\" \/>\n<link rel=\"canonical\" href=\"https:\/\/ictdf.synergyecosys.io\/?p=380\" \/>\n<meta property=\"og:locale\" content=\"pt_BR\" \/>\n<meta property=\"og:type\" content=\"article\" \/>\n<meta property=\"og:title\" content=\"Brasileiros Mais Satisfeitos com o SUS que a M\u00e9dia Latina - ICTDF\" \/>\n<meta property=\"og:description\" content=\"Os brasileiros est\u00e3o mais satisfeitos com o SUS do que a m\u00e9dia na Am\u00e9rica Latina. Entenda os dados da pesquisa, o que isso significa e os desafios do sistema p\u00fablico de sa\u00fade.\" \/>\n<meta property=\"og:url\" content=\"https:\/\/ictdf.synergyecosys.io\/?p=380\" \/>\n<meta property=\"og:site_name\" content=\"ICTDF\" \/>\n<meta property=\"article:published_time\" content=\"2026-02-11T14:32:22+00:00\" \/>\n<meta name=\"author\" content=\"admin\" \/>\n<meta name=\"twitter:card\" content=\"summary_large_image\" \/>\n<meta name=\"twitter:label1\" content=\"Escrito por\" \/>\n\t<meta name=\"twitter:data1\" content=\"admin\" \/>\n\t<meta name=\"twitter:label2\" content=\"Est. tempo de leitura\" \/>\n\t<meta name=\"twitter:data2\" content=\"3 minutos\" \/>\n<script type=\"application\/ld+json\" class=\"yoast-schema-graph\">{\"@context\":\"https:\/\/schema.org\",\"@graph\":[{\"@type\":\"Article\",\"@id\":\"https:\/\/ictdf.synergyecosys.io\/?p=380#article\",\"isPartOf\":{\"@id\":\"https:\/\/ictdf.synergyecosys.io\/?p=380\"},\"author\":{\"name\":\"admin\",\"@id\":\"https:\/\/ictdf.synergyecosys.io\/#\/schema\/person\/0b4488974b7b485188c0c01cb9f95b21\"},\"headline\":\"Brasileiros Mais Satisfeitos com o SUS que a M\u00e9dia Latina\",\"datePublished\":\"2026-02-11T14:32:22+00:00\",\"mainEntityOfPage\":{\"@id\":\"https:\/\/ictdf.synergyecosys.io\/?p=380\"},\"wordCount\":646,\"commentCount\":0,\"publisher\":{\"@id\":\"https:\/\/ictdf.synergyecosys.io\/#organization\"},\"image\":{\"@id\":\"https:\/\/ictdf.synergyecosys.io\/?p=380#primaryimage\"},\"thumbnailUrl\":\"https:\/\/ictdf.synergyecosys.io\/wp-content\/uploads\/2026\/02\/imagem-Satisfayyo-com-SUS-Supera-Mydia-da-Amyrica-Latina.png\",\"articleSection\":[\"Bem-estar\"],\"inLanguage\":\"pt-BR\",\"potentialAction\":[{\"@type\":\"CommentAction\",\"name\":\"Comment\",\"target\":[\"https:\/\/ictdf.synergyecosys.io\/?p=380#respond\"]}]},{\"@type\":\"WebPage\",\"@id\":\"https:\/\/ictdf.synergyecosys.io\/?p=380\",\"url\":\"https:\/\/ictdf.synergyecosys.io\/?p=380\",\"name\":\"Brasileiros Mais Satisfeitos com o SUS que a M\u00e9dia Latina - ICTDF\",\"isPartOf\":{\"@id\":\"https:\/\/ictdf.synergyecosys.io\/#website\"},\"primaryImageOfPage\":{\"@id\":\"https:\/\/ictdf.synergyecosys.io\/?p=380#primaryimage\"},\"image\":{\"@id\":\"https:\/\/ictdf.synergyecosys.io\/?p=380#primaryimage\"},\"thumbnailUrl\":\"https:\/\/ictdf.synergyecosys.io\/wp-content\/uploads\/2026\/02\/imagem-Satisfayyo-com-SUS-Supera-Mydia-da-Amyrica-Latina.png\",\"datePublished\":\"2026-02-11T14:32:22+00:00\",\"breadcrumb\":{\"@id\":\"https:\/\/ictdf.synergyecosys.io\/?p=380#breadcrumb\"},\"inLanguage\":\"pt-BR\",\"potentialAction\":[{\"@type\":\"ReadAction\",\"target\":[\"https:\/\/ictdf.synergyecosys.io\/?p=380\"]}]},{\"@type\":\"ImageObject\",\"inLanguage\":\"pt-BR\",\"@id\":\"https:\/\/ictdf.synergyecosys.io\/?p=380#primaryimage\",\"url\":\"https:\/\/ictdf.synergyecosys.io\/wp-content\/uploads\/2026\/02\/imagem-Satisfayyo-com-SUS-Supera-Mydia-da-Amyrica-Latina.png\",\"contentUrl\":\"https:\/\/ictdf.synergyecosys.io\/wp-content\/uploads\/2026\/02\/imagem-Satisfayyo-com-SUS-Supera-Mydia-da-Amyrica-Latina.png\",\"width\":1168,\"height\":880},{\"@type\":\"BreadcrumbList\",\"@id\":\"https:\/\/ictdf.synergyecosys.io\/?p=380#breadcrumb\",\"itemListElement\":[{\"@type\":\"ListItem\",\"position\":1,\"name\":\"In\u00edcio\",\"item\":\"https:\/\/ictdf.synergyecosys.io\/\"},{\"@type\":\"ListItem\",\"position\":2,\"name\":\"Brasileiros Mais Satisfeitos com o SUS que a M\u00e9dia Latina\"}]},{\"@type\":\"WebSite\",\"@id\":\"https:\/\/ictdf.synergyecosys.io\/#website\",\"url\":\"https:\/\/ictdf.synergyecosys.io\/\",\"name\":\"ICTDF\",\"description\":\"\",\"publisher\":{\"@id\":\"https:\/\/ictdf.synergyecosys.io\/#organization\"},\"potentialAction\":[{\"@type\":\"SearchAction\",\"target\":{\"@type\":\"EntryPoint\",\"urlTemplate\":\"https:\/\/ictdf.synergyecosys.io\/?s={search_term_string}\"},\"query-input\":{\"@type\":\"PropertyValueSpecification\",\"valueRequired\":true,\"valueName\":\"search_term_string\"}}],\"inLanguage\":\"pt-BR\"},{\"@type\":\"Organization\",\"@id\":\"https:\/\/ictdf.synergyecosys.io\/#organization\",\"name\":\"ICTDF\",\"url\":\"https:\/\/ictdf.synergyecosys.io\/\",\"logo\":{\"@type\":\"ImageObject\",\"inLanguage\":\"pt-BR\",\"@id\":\"https:\/\/ictdf.synergyecosys.io\/#\/schema\/logo\/image\/\",\"url\":\"https:\/\/ictdf.synergyecosys.io\/wp-content\/uploads\/2026\/02\/cropped-cropped-ICTDF_logo_transparente.png\",\"contentUrl\":\"https:\/\/ictdf.synergyecosys.io\/wp-content\/uploads\/2026\/02\/cropped-cropped-ICTDF_logo_transparente.png\",\"width\":450,\"height\":141,\"caption\":\"ICTDF\"},\"image\":{\"@id\":\"https:\/\/ictdf.synergyecosys.io\/#\/schema\/logo\/image\/\"}},{\"@type\":\"Person\",\"@id\":\"https:\/\/ictdf.synergyecosys.io\/#\/schema\/person\/0b4488974b7b485188c0c01cb9f95b21\",\"name\":\"admin\",\"image\":{\"@type\":\"ImageObject\",\"inLanguage\":\"pt-BR\",\"@id\":\"https:\/\/ictdf.synergyecosys.io\/#\/schema\/person\/image\/\",\"url\":\"https:\/\/secure.gravatar.com\/avatar\/ee6b87b4bde4f4817334740781bdb6e270748065085879a5aa2018d8006922fa?s=96&d=mm&r=g\",\"contentUrl\":\"https:\/\/secure.gravatar.com\/avatar\/ee6b87b4bde4f4817334740781bdb6e270748065085879a5aa2018d8006922fa?s=96&d=mm&r=g\",\"caption\":\"admin\"},\"sameAs\":[\"https:\/\/ictdf.synergyecosys.io\"],\"url\":\"https:\/\/ictdf.synergyecosys.io\/?author=1\"}]}<\/script>\n<!-- \/ Yoast SEO plugin. -->","yoast_head_json":{"title":"Brasileiros Mais Satisfeitos com o SUS que a M\u00e9dia Latina - ICTDF","robots":{"index":"index","follow":"follow","max-snippet":"max-snippet:-1","max-image-preview":"max-image-preview:large","max-video-preview":"max-video-preview:-1"},"canonical":"https:\/\/ictdf.synergyecosys.io\/?p=380","og_locale":"pt_BR","og_type":"article","og_title":"Brasileiros Mais Satisfeitos com o SUS que a M\u00e9dia Latina - ICTDF","og_description":"Os brasileiros est\u00e3o mais satisfeitos com o SUS do que a m\u00e9dia na Am\u00e9rica Latina. Entenda os dados da pesquisa, o que isso significa e os desafios do sistema p\u00fablico de sa\u00fade.","og_url":"https:\/\/ictdf.synergyecosys.io\/?p=380","og_site_name":"ICTDF","article_published_time":"2026-02-11T14:32:22+00:00","author":"admin","twitter_card":"summary_large_image","twitter_misc":{"Escrito por":"admin","Est. tempo de leitura":"3 minutos"},"schema":{"@context":"https:\/\/schema.org","@graph":[{"@type":"Article","@id":"https:\/\/ictdf.synergyecosys.io\/?p=380#article","isPartOf":{"@id":"https:\/\/ictdf.synergyecosys.io\/?p=380"},"author":{"name":"admin","@id":"https:\/\/ictdf.synergyecosys.io\/#\/schema\/person\/0b4488974b7b485188c0c01cb9f95b21"},"headline":"Brasileiros Mais Satisfeitos com o SUS que a M\u00e9dia Latina","datePublished":"2026-02-11T14:32:22+00:00","mainEntityOfPage":{"@id":"https:\/\/ictdf.synergyecosys.io\/?p=380"},"wordCount":646,"commentCount":0,"publisher":{"@id":"https:\/\/ictdf.synergyecosys.io\/#organization"},"image":{"@id":"https:\/\/ictdf.synergyecosys.io\/?p=380#primaryimage"},"thumbnailUrl":"https:\/\/ictdf.synergyecosys.io\/wp-content\/uploads\/2026\/02\/imagem-Satisfayyo-com-SUS-Supera-Mydia-da-Amyrica-Latina.png","articleSection":["Bem-estar"],"inLanguage":"pt-BR","potentialAction":[{"@type":"CommentAction","name":"Comment","target":["https:\/\/ictdf.synergyecosys.io\/?p=380#respond"]}]},{"@type":"WebPage","@id":"https:\/\/ictdf.synergyecosys.io\/?p=380","url":"https:\/\/ictdf.synergyecosys.io\/?p=380","name":"Brasileiros Mais Satisfeitos com o SUS que a M\u00e9dia Latina - ICTDF","isPartOf":{"@id":"https:\/\/ictdf.synergyecosys.io\/#website"},"primaryImageOfPage":{"@id":"https:\/\/ictdf.synergyecosys.io\/?p=380#primaryimage"},"image":{"@id":"https:\/\/ictdf.synergyecosys.io\/?p=380#primaryimage"},"thumbnailUrl":"https:\/\/ictdf.synergyecosys.io\/wp-content\/uploads\/2026\/02\/imagem-Satisfayyo-com-SUS-Supera-Mydia-da-Amyrica-Latina.png","datePublished":"2026-02-11T14:32:22+00:00","breadcrumb":{"@id":"https:\/\/ictdf.synergyecosys.io\/?p=380#breadcrumb"},"inLanguage":"pt-BR","potentialAction":[{"@type":"ReadAction","target":["https:\/\/ictdf.synergyecosys.io\/?p=380"]}]},{"@type":"ImageObject","inLanguage":"pt-BR","@id":"https:\/\/ictdf.synergyecosys.io\/?p=380#primaryimage","url":"https:\/\/ictdf.synergyecosys.io\/wp-content\/uploads\/2026\/02\/imagem-Satisfayyo-com-SUS-Supera-Mydia-da-Amyrica-Latina.png","contentUrl":"https:\/\/ictdf.synergyecosys.io\/wp-content\/uploads\/2026\/02\/imagem-Satisfayyo-com-SUS-Supera-Mydia-da-Amyrica-Latina.png","width":1168,"height":880},{"@type":"BreadcrumbList","@id":"https:\/\/ictdf.synergyecosys.io\/?p=380#breadcrumb","itemListElement":[{"@type":"ListItem","position":1,"name":"In\u00edcio","item":"https:\/\/ictdf.synergyecosys.io\/"},{"@type":"ListItem","position":2,"name":"Brasileiros Mais Satisfeitos com o SUS que a M\u00e9dia Latina"}]},{"@type":"WebSite","@id":"https:\/\/ictdf.synergyecosys.io\/#website","url":"https:\/\/ictdf.synergyecosys.io\/","name":"ICTDF","description":"","publisher":{"@id":"https:\/\/ictdf.synergyecosys.io\/#organization"},"potentialAction":[{"@type":"SearchAction","target":{"@type":"EntryPoint","urlTemplate":"https:\/\/ictdf.synergyecosys.io\/?s={search_term_string}"},"query-input":{"@type":"PropertyValueSpecification","valueRequired":true,"valueName":"search_term_string"}}],"inLanguage":"pt-BR"},{"@type":"Organization","@id":"https:\/\/ictdf.synergyecosys.io\/#organization","name":"ICTDF","url":"https:\/\/ictdf.synergyecosys.io\/","logo":{"@type":"ImageObject","inLanguage":"pt-BR","@id":"https:\/\/ictdf.synergyecosys.io\/#\/schema\/logo\/image\/","url":"https:\/\/ictdf.synergyecosys.io\/wp-content\/uploads\/2026\/02\/cropped-cropped-ICTDF_logo_transparente.png","contentUrl":"https:\/\/ictdf.synergyecosys.io\/wp-content\/uploads\/2026\/02\/cropped-cropped-ICTDF_logo_transparente.png","width":450,"height":141,"caption":"ICTDF"},"image":{"@id":"https:\/\/ictdf.synergyecosys.io\/#\/schema\/logo\/image\/"}},{"@type":"Person","@id":"https:\/\/ictdf.synergyecosys.io\/#\/schema\/person\/0b4488974b7b485188c0c01cb9f95b21","name":"admin","image":{"@type":"ImageObject","inLanguage":"pt-BR","@id":"https:\/\/ictdf.synergyecosys.io\/#\/schema\/person\/image\/","url":"https:\/\/secure.gravatar.com\/avatar\/ee6b87b4bde4f4817334740781bdb6e270748065085879a5aa2018d8006922fa?s=96&d=mm&r=g","contentUrl":"https:\/\/secure.gravatar.com\/avatar\/ee6b87b4bde4f4817334740781bdb6e270748065085879a5aa2018d8006922fa?s=96&d=mm&r=g","caption":"admin"},"sameAs":["https:\/\/ictdf.synergyecosys.io"],"url":"https:\/\/ictdf.synergyecosys.io\/?author=1"}]}},"_links":{"self":[{"href":"https:\/\/ictdf.synergyecosys.io\/index.php?rest_route=\/wp\/v2\/posts\/380","targetHints":{"allow":["GET"]}}],"collection":[{"href":"https:\/\/ictdf.synergyecosys.io\/index.php?rest_route=\/wp\/v2\/posts"}],"about":[{"href":"https:\/\/ictdf.synergyecosys.io\/index.php?rest_route=\/wp\/v2\/types\/post"}],"author":[{"embeddable":true,"href":"https:\/\/ictdf.synergyecosys.io\/index.php?rest_route=\/wp\/v2\/users\/1"}],"replies":[{"embeddable":true,"href":"https:\/\/ictdf.synergyecosys.io\/index.php?rest_route=%2Fwp%2Fv2%2Fcomments&post=380"}],"version-history":[{"count":0,"href":"https:\/\/ictdf.synergyecosys.io\/index.php?rest_route=\/wp\/v2\/posts\/380\/revisions"}],"wp:featuredmedia":[{"embeddable":true,"href":"https:\/\/ictdf.synergyecosys.io\/index.php?rest_route=\/wp\/v2\/media\/379"}],"wp:attachment":[{"href":"https:\/\/ictdf.synergyecosys.io\/index.php?rest_route=%2Fwp%2Fv2%2Fmedia&parent=380"}],"wp:term":[{"taxonomy":"category","embeddable":true,"href":"https:\/\/ictdf.synergyecosys.io\/index.php?rest_route=%2Fwp%2Fv2%2Fcategories&post=380"},{"taxonomy":"post_tag","embeddable":true,"href":"https:\/\/ictdf.synergyecosys.io\/index.php?rest_route=%2Fwp%2Fv2%2Ftags&post=380"}],"curies":[{"name":"wp","href":"https:\/\/api.w.org\/{rel}","templated":true}]}}