{"id":347,"date":"2026-02-09T17:03:28","date_gmt":"2026-02-09T20:03:28","guid":{"rendered":"https:\/\/ictdf.synergyecosys.io\/?p=347"},"modified":"2026-02-09T17:03:28","modified_gmt":"2026-02-09T20:03:28","slug":"cuidados-com-a-pele-no-inverno-para-uma-pele-radiante","status":"publish","type":"post","link":"https:\/\/ictdf.synergyecosys.io\/?p=347","title":{"rendered":"Cuidados com a Pele no Inverno para uma Pele Radiante"},"content":{"rendered":"<p>No inverno, o ar seco e o frio podem transformar nossa pele em um deserto ressecado. Mas e se eu te disser que \u00e9 poss\u00edvel manter aquela glow natural mesmo nas temperaturas baixas? Como especialista em jornalismo did\u00e1tico, analisei as melhores pr\u00e1ticas para voc\u00ea brilhar durante o inverno.<\/p>\n<p>Vamos mergulhar em rotinas acess\u00edveis que v\u00e3o hidratar, proteger e revitalizar sua pele, sem complica\u00e7\u00f5es.<\/p>\n<h2>Por Que o Inverno Desafia Nossa Pele<\/h2>\n<p>O inverno traz desafios \u00fanicos para a pele. O ar frio e a baixa umidade retiram a oleosidade natural, deixando-a seca e irritada. N\u00f3s percebemos isso no dia a dia: rachaduras, vermelhid\u00e3o e at\u00e9 descama\u00e7\u00e3o.<\/p>\n<p>Al\u00e9m disso, o aquecimento interno agrava o problema, secando ainda mais o ambiente. Entender isso \u00e9 o primeiro passo para uma pele radiante.<\/p>\n<h3>Fatores Ambientais que Afetam<\/h3>\n<p>Elementos como vento gelado e mudan\u00e7as de temperatura entre ambientes quentes e frios estressam a barreira cut\u00e2nea. \u00c9 como se a pele pedisse socorro!<\/p>\n<h2>Rotina Essencial de Cuidados Di\u00e1rios<\/h2>\n<p>Uma rotina simples pode fazer toda a diferen\u00e7a. Comece pela limpeza suave, evite sabonetes agressivos que removem \u00f3leos essenciais.<\/p>\n<p>Aplique um hidratante rico em ingredientes como <strong>glicerina<\/strong> e <strong>\u00e1cidos graxos<\/strong> logo ap\u00f3s o banho, quando a pele est\u00e1 \u00famida. Isso sela a hidrata\u00e7\u00e3o.<\/p>\n<ul>\n<li>Limpeza: Use \u00e1gua morna e cleanser cremoso.<\/li>\n<li>Hidrata\u00e7\u00e3o: Prefira cremes espessos \u00e0 noite.<\/li>\n<li>Prote\u00e7\u00e3o: N\u00e3o esque\u00e7a do protetor solar, mesmo em dias nublados.<\/li>\n<\/ul>\n<h3>Ingredientes-Chave para o Glow<\/h3>\n<p>Procure por <strong>vitamina C<\/strong> para iluminar e <strong>\u00e1cido hialur\u00f4nico<\/strong> para hidrata\u00e7\u00e3o profunda. Esses aliados combatem o aspecto opaco do inverno.<\/p>\n<h2>Impactos no Dia a Dia e na Sa\u00fade<\/h2>\n<p>Uma pele desidratada no inverno n\u00e3o \u00e9 s\u00f3 est\u00e9tica: pode levar a infec\u00e7\u00f5es ou envelhecimento precoce. Para n\u00f3s, que lidamos com rotinas corridas, manter a hidrata\u00e7\u00e3o previne desconfortos como coceira.<\/p>\n<p>Empresas de cosm\u00e9ticos notam um aumento na busca por produtos invernais, mostrando como isso afeta o bem-estar geral.<\/p>\n<h2>Tend\u00eancias e Dicas para o Futuro<\/h2>\n<p>Olhando adiante, tend\u00eancias como skincare minimalista ganham for\u00e7a: menos produtos, mais efic\u00e1cia. Experimente m\u00e1scaras hidratantes semanais ou um umidificador em casa.<\/p>\n<p>Minha recomenda\u00e7\u00e3o? Consulte um dermatologista para personalizar sua rotina. Pequenas mudan\u00e7as agora podem garantir uma pele radiante o ano todo.<\/p>\n<h2>Reflex\u00f5es Finais sobre Brilho Invernal<\/h2>\n<p>Manter a pele radiante no inverno \u00e9 sobre escuta e cuidado. Ao adotar essas pr\u00e1ticas, voc\u00ea n\u00e3o s\u00f3 protege sua pele, mas investe em confian\u00e7a. Experimente e veja a diferen\u00e7a \u2013 sua glow te agradece!<\/p>\n","protected":false},"excerpt":{"rendered":"<p>Descubra dicas essenciais de cuidados com a pele no inverno para manter uma pele radiante e saud\u00e1vel. Aprenda rotinas simples que combatem o ressecamento e o frio.<\/p>\n","protected":false},"author":1,"featured_media":346,"comment_status":"open","ping_status":"open","sticky":false,"template":"","format":"standard","meta":{"_acf_changed":false,"_eb_attr":"","footnotes":"","_wpscppro_dont_share_socialmedia":false,"_wpscppro_custom_social_share_image":0,"_facebook_share_type":"","_twitter_share_type":"","_linkedin_share_type":"","_pinterest_share_type":"","_linkedin_share_type_page":"","_instagram_share_type":"","_medium_share_type":"","_threads_share_type":"","_google_business_share_type":"","_selected_social_profile":[],"_wpsp_enable_custom_social_template":false,"_wpsp_social_scheduling":{"enabled":false,"datetime":null,"platforms":[],"status":"template_only","dateOption":"today","timeOption":"now","customDays":"","customHours":"","customDate":"","customTime":"","schedulingType":"absolute"},"_wpsp_active_default_template":true},"categories":[3],"tags":[],"class_list":["post-347","post","type-post","status-publish","format-standard","has-post-thumbnail","hentry","category-bem-estar"],"acf":[],"yoast_head":"<!-- This site is optimized with the Yoast SEO plugin v26.9 - https:\/\/yoast.com\/product\/yoast-seo-wordpress\/ -->\n<title>Cuidados com a Pele no Inverno para uma Pele Radiante - ICTDF<\/title>\n<meta name=\"robots\" content=\"index, follow, max-snippet:-1, max-image-preview:large, max-video-preview:-1\" \/>\n<link rel=\"canonical\" href=\"https:\/\/ictdf.synergyecosys.io\/?p=347\" \/>\n<meta property=\"og:locale\" content=\"pt_BR\" \/>\n<meta property=\"og:type\" content=\"article\" \/>\n<meta property=\"og:title\" content=\"Cuidados com a Pele no Inverno para uma Pele Radiante - ICTDF\" \/>\n<meta property=\"og:description\" content=\"Descubra dicas essenciais de cuidados com a pele no inverno para manter uma pele radiante e saud\u00e1vel. Aprenda rotinas simples que combatem o ressecamento e o frio.\" \/>\n<meta property=\"og:url\" content=\"https:\/\/ictdf.synergyecosys.io\/?p=347\" \/>\n<meta property=\"og:site_name\" content=\"ICTDF\" \/>\n<meta property=\"article:published_time\" content=\"2026-02-09T20:03:28+00:00\" \/>\n<meta name=\"author\" content=\"admin\" \/>\n<meta name=\"twitter:card\" content=\"summary_large_image\" \/>\n<meta name=\"twitter:label1\" content=\"Escrito por\" \/>\n\t<meta name=\"twitter:data1\" content=\"admin\" \/>\n\t<meta name=\"twitter:label2\" content=\"Est. tempo de leitura\" \/>\n\t<meta name=\"twitter:data2\" content=\"2 minutos\" \/>\n<script type=\"application\/ld+json\" class=\"yoast-schema-graph\">{\"@context\":\"https:\/\/schema.org\",\"@graph\":[{\"@type\":\"Article\",\"@id\":\"https:\/\/ictdf.synergyecosys.io\/?p=347#article\",\"isPartOf\":{\"@id\":\"https:\/\/ictdf.synergyecosys.io\/?p=347\"},\"author\":{\"name\":\"admin\",\"@id\":\"https:\/\/ictdf.synergyecosys.io\/#\/schema\/person\/0b4488974b7b485188c0c01cb9f95b21\"},\"headline\":\"Cuidados com a Pele no Inverno para uma Pele Radiante\",\"datePublished\":\"2026-02-09T20:03:28+00:00\",\"mainEntityOfPage\":{\"@id\":\"https:\/\/ictdf.synergyecosys.io\/?p=347\"},\"wordCount\":438,\"commentCount\":0,\"publisher\":{\"@id\":\"https:\/\/ictdf.synergyecosys.io\/#organization\"},\"image\":{\"@id\":\"https:\/\/ictdf.synergyecosys.io\/?p=347#primaryimage\"},\"thumbnailUrl\":\"https:\/\/ictdf.synergyecosys.io\/wp-content\/uploads\/2026\/02\/imagem-Cuidados-Pele-Inverno-Pele-Radiante-em-2024.png\",\"articleSection\":[\"Bem-estar\"],\"inLanguage\":\"pt-BR\",\"potentialAction\":[{\"@type\":\"CommentAction\",\"name\":\"Comment\",\"target\":[\"https:\/\/ictdf.synergyecosys.io\/?p=347#respond\"]}]},{\"@type\":\"WebPage\",\"@id\":\"https:\/\/ictdf.synergyecosys.io\/?p=347\",\"url\":\"https:\/\/ictdf.synergyecosys.io\/?p=347\",\"name\":\"Cuidados com a Pele no Inverno para uma Pele Radiante - ICTDF\",\"isPartOf\":{\"@id\":\"https:\/\/ictdf.synergyecosys.io\/#website\"},\"primaryImageOfPage\":{\"@id\":\"https:\/\/ictdf.synergyecosys.io\/?p=347#primaryimage\"},\"image\":{\"@id\":\"https:\/\/ictdf.synergyecosys.io\/?p=347#primaryimage\"},\"thumbnailUrl\":\"https:\/\/ictdf.synergyecosys.io\/wp-content\/uploads\/2026\/02\/imagem-Cuidados-Pele-Inverno-Pele-Radiante-em-2024.png\",\"datePublished\":\"2026-02-09T20:03:28+00:00\",\"breadcrumb\":{\"@id\":\"https:\/\/ictdf.synergyecosys.io\/?p=347#breadcrumb\"},\"inLanguage\":\"pt-BR\",\"potentialAction\":[{\"@type\":\"ReadAction\",\"target\":[\"https:\/\/ictdf.synergyecosys.io\/?p=347\"]}]},{\"@type\":\"ImageObject\",\"inLanguage\":\"pt-BR\",\"@id\":\"https:\/\/ictdf.synergyecosys.io\/?p=347#primaryimage\",\"url\":\"https:\/\/ictdf.synergyecosys.io\/wp-content\/uploads\/2026\/02\/imagem-Cuidados-Pele-Inverno-Pele-Radiante-em-2024.png\",\"contentUrl\":\"https:\/\/ictdf.synergyecosys.io\/wp-content\/uploads\/2026\/02\/imagem-Cuidados-Pele-Inverno-Pele-Radiante-em-2024.png\",\"width\":1168,\"height\":880},{\"@type\":\"BreadcrumbList\",\"@id\":\"https:\/\/ictdf.synergyecosys.io\/?p=347#breadcrumb\",\"itemListElement\":[{\"@type\":\"ListItem\",\"position\":1,\"name\":\"In\u00edcio\",\"item\":\"https:\/\/ictdf.synergyecosys.io\/\"},{\"@type\":\"ListItem\",\"position\":2,\"name\":\"Cuidados com a Pele no Inverno para uma Pele Radiante\"}]},{\"@type\":\"WebSite\",\"@id\":\"https:\/\/ictdf.synergyecosys.io\/#website\",\"url\":\"https:\/\/ictdf.synergyecosys.io\/\",\"name\":\"ICTDF\",\"description\":\"\",\"publisher\":{\"@id\":\"https:\/\/ictdf.synergyecosys.io\/#organization\"},\"potentialAction\":[{\"@type\":\"SearchAction\",\"target\":{\"@type\":\"EntryPoint\",\"urlTemplate\":\"https:\/\/ictdf.synergyecosys.io\/?s={search_term_string}\"},\"query-input\":{\"@type\":\"PropertyValueSpecification\",\"valueRequired\":true,\"valueName\":\"search_term_string\"}}],\"inLanguage\":\"pt-BR\"},{\"@type\":\"Organization\",\"@id\":\"https:\/\/ictdf.synergyecosys.io\/#organization\",\"name\":\"ICTDF\",\"url\":\"https:\/\/ictdf.synergyecosys.io\/\",\"logo\":{\"@type\":\"ImageObject\",\"inLanguage\":\"pt-BR\",\"@id\":\"https:\/\/ictdf.synergyecosys.io\/#\/schema\/logo\/image\/\",\"url\":\"https:\/\/ictdf.synergyecosys.io\/wp-content\/uploads\/2026\/02\/cropped-cropped-ICTDF_logo_transparente.png\",\"contentUrl\":\"https:\/\/ictdf.synergyecosys.io\/wp-content\/uploads\/2026\/02\/cropped-cropped-ICTDF_logo_transparente.png\",\"width\":450,\"height\":141,\"caption\":\"ICTDF\"},\"image\":{\"@id\":\"https:\/\/ictdf.synergyecosys.io\/#\/schema\/logo\/image\/\"}},{\"@type\":\"Person\",\"@id\":\"https:\/\/ictdf.synergyecosys.io\/#\/schema\/person\/0b4488974b7b485188c0c01cb9f95b21\",\"name\":\"admin\",\"image\":{\"@type\":\"ImageObject\",\"inLanguage\":\"pt-BR\",\"@id\":\"https:\/\/ictdf.synergyecosys.io\/#\/schema\/person\/image\/\",\"url\":\"https:\/\/secure.gravatar.com\/avatar\/ee6b87b4bde4f4817334740781bdb6e270748065085879a5aa2018d8006922fa?s=96&d=mm&r=g\",\"contentUrl\":\"https:\/\/secure.gravatar.com\/avatar\/ee6b87b4bde4f4817334740781bdb6e270748065085879a5aa2018d8006922fa?s=96&d=mm&r=g\",\"caption\":\"admin\"},\"sameAs\":[\"https:\/\/ictdf.synergyecosys.io\"],\"url\":\"https:\/\/ictdf.synergyecosys.io\/?author=1\"}]}<\/script>\n<!-- \/ Yoast SEO plugin. -->","yoast_head_json":{"title":"Cuidados com a Pele no Inverno para uma Pele Radiante - ICTDF","robots":{"index":"index","follow":"follow","max-snippet":"max-snippet:-1","max-image-preview":"max-image-preview:large","max-video-preview":"max-video-preview:-1"},"canonical":"https:\/\/ictdf.synergyecosys.io\/?p=347","og_locale":"pt_BR","og_type":"article","og_title":"Cuidados com a Pele no Inverno para uma Pele Radiante - ICTDF","og_description":"Descubra dicas essenciais de cuidados com a pele no inverno para manter uma pele radiante e saud\u00e1vel. Aprenda rotinas simples que combatem o ressecamento e o frio.","og_url":"https:\/\/ictdf.synergyecosys.io\/?p=347","og_site_name":"ICTDF","article_published_time":"2026-02-09T20:03:28+00:00","author":"admin","twitter_card":"summary_large_image","twitter_misc":{"Escrito por":"admin","Est. tempo de leitura":"2 minutos"},"schema":{"@context":"https:\/\/schema.org","@graph":[{"@type":"Article","@id":"https:\/\/ictdf.synergyecosys.io\/?p=347#article","isPartOf":{"@id":"https:\/\/ictdf.synergyecosys.io\/?p=347"},"author":{"name":"admin","@id":"https:\/\/ictdf.synergyecosys.io\/#\/schema\/person\/0b4488974b7b485188c0c01cb9f95b21"},"headline":"Cuidados com a Pele no Inverno para uma Pele Radiante","datePublished":"2026-02-09T20:03:28+00:00","mainEntityOfPage":{"@id":"https:\/\/ictdf.synergyecosys.io\/?p=347"},"wordCount":438,"commentCount":0,"publisher":{"@id":"https:\/\/ictdf.synergyecosys.io\/#organization"},"image":{"@id":"https:\/\/ictdf.synergyecosys.io\/?p=347#primaryimage"},"thumbnailUrl":"https:\/\/ictdf.synergyecosys.io\/wp-content\/uploads\/2026\/02\/imagem-Cuidados-Pele-Inverno-Pele-Radiante-em-2024.png","articleSection":["Bem-estar"],"inLanguage":"pt-BR","potentialAction":[{"@type":"CommentAction","name":"Comment","target":["https:\/\/ictdf.synergyecosys.io\/?p=347#respond"]}]},{"@type":"WebPage","@id":"https:\/\/ictdf.synergyecosys.io\/?p=347","url":"https:\/\/ictdf.synergyecosys.io\/?p=347","name":"Cuidados com a Pele no Inverno para uma Pele Radiante - ICTDF","isPartOf":{"@id":"https:\/\/ictdf.synergyecosys.io\/#website"},"primaryImageOfPage":{"@id":"https:\/\/ictdf.synergyecosys.io\/?p=347#primaryimage"},"image":{"@id":"https:\/\/ictdf.synergyecosys.io\/?p=347#primaryimage"},"thumbnailUrl":"https:\/\/ictdf.synergyecosys.io\/wp-content\/uploads\/2026\/02\/imagem-Cuidados-Pele-Inverno-Pele-Radiante-em-2024.png","datePublished":"2026-02-09T20:03:28+00:00","breadcrumb":{"@id":"https:\/\/ictdf.synergyecosys.io\/?p=347#breadcrumb"},"inLanguage":"pt-BR","potentialAction":[{"@type":"ReadAction","target":["https:\/\/ictdf.synergyecosys.io\/?p=347"]}]},{"@type":"ImageObject","inLanguage":"pt-BR","@id":"https:\/\/ictdf.synergyecosys.io\/?p=347#primaryimage","url":"https:\/\/ictdf.synergyecosys.io\/wp-content\/uploads\/2026\/02\/imagem-Cuidados-Pele-Inverno-Pele-Radiante-em-2024.png","contentUrl":"https:\/\/ictdf.synergyecosys.io\/wp-content\/uploads\/2026\/02\/imagem-Cuidados-Pele-Inverno-Pele-Radiante-em-2024.png","width":1168,"height":880},{"@type":"BreadcrumbList","@id":"https:\/\/ictdf.synergyecosys.io\/?p=347#breadcrumb","itemListElement":[{"@type":"ListItem","position":1,"name":"In\u00edcio","item":"https:\/\/ictdf.synergyecosys.io\/"},{"@type":"ListItem","position":2,"name":"Cuidados com a Pele no Inverno para uma Pele Radiante"}]},{"@type":"WebSite","@id":"https:\/\/ictdf.synergyecosys.io\/#website","url":"https:\/\/ictdf.synergyecosys.io\/","name":"ICTDF","description":"","publisher":{"@id":"https:\/\/ictdf.synergyecosys.io\/#organization"},"potentialAction":[{"@type":"SearchAction","target":{"@type":"EntryPoint","urlTemplate":"https:\/\/ictdf.synergyecosys.io\/?s={search_term_string}"},"query-input":{"@type":"PropertyValueSpecification","valueRequired":true,"valueName":"search_term_string"}}],"inLanguage":"pt-BR"},{"@type":"Organization","@id":"https:\/\/ictdf.synergyecosys.io\/#organization","name":"ICTDF","url":"https:\/\/ictdf.synergyecosys.io\/","logo":{"@type":"ImageObject","inLanguage":"pt-BR","@id":"https:\/\/ictdf.synergyecosys.io\/#\/schema\/logo\/image\/","url":"https:\/\/ictdf.synergyecosys.io\/wp-content\/uploads\/2026\/02\/cropped-cropped-ICTDF_logo_transparente.png","contentUrl":"https:\/\/ictdf.synergyecosys.io\/wp-content\/uploads\/2026\/02\/cropped-cropped-ICTDF_logo_transparente.png","width":450,"height":141,"caption":"ICTDF"},"image":{"@id":"https:\/\/ictdf.synergyecosys.io\/#\/schema\/logo\/image\/"}},{"@type":"Person","@id":"https:\/\/ictdf.synergyecosys.io\/#\/schema\/person\/0b4488974b7b485188c0c01cb9f95b21","name":"admin","image":{"@type":"ImageObject","inLanguage":"pt-BR","@id":"https:\/\/ictdf.synergyecosys.io\/#\/schema\/person\/image\/","url":"https:\/\/secure.gravatar.com\/avatar\/ee6b87b4bde4f4817334740781bdb6e270748065085879a5aa2018d8006922fa?s=96&d=mm&r=g","contentUrl":"https:\/\/secure.gravatar.com\/avatar\/ee6b87b4bde4f4817334740781bdb6e270748065085879a5aa2018d8006922fa?s=96&d=mm&r=g","caption":"admin"},"sameAs":["https:\/\/ictdf.synergyecosys.io"],"url":"https:\/\/ictdf.synergyecosys.io\/?author=1"}]}},"_links":{"self":[{"href":"https:\/\/ictdf.synergyecosys.io\/index.php?rest_route=\/wp\/v2\/posts\/347","targetHints":{"allow":["GET"]}}],"collection":[{"href":"https:\/\/ictdf.synergyecosys.io\/index.php?rest_route=\/wp\/v2\/posts"}],"about":[{"href":"https:\/\/ictdf.synergyecosys.io\/index.php?rest_route=\/wp\/v2\/types\/post"}],"author":[{"embeddable":true,"href":"https:\/\/ictdf.synergyecosys.io\/index.php?rest_route=\/wp\/v2\/users\/1"}],"replies":[{"embeddable":true,"href":"https:\/\/ictdf.synergyecosys.io\/index.php?rest_route=%2Fwp%2Fv2%2Fcomments&post=347"}],"version-history":[{"count":1,"href":"https:\/\/ictdf.synergyecosys.io\/index.php?rest_route=\/wp\/v2\/posts\/347\/revisions"}],"predecessor-version":[{"id":349,"href":"https:\/\/ictdf.synergyecosys.io\/index.php?rest_route=\/wp\/v2\/posts\/347\/revisions\/349"}],"wp:featuredmedia":[{"embeddable":true,"href":"https:\/\/ictdf.synergyecosys.io\/index.php?rest_route=\/wp\/v2\/media\/346"}],"wp:attachment":[{"href":"https:\/\/ictdf.synergyecosys.io\/index.php?rest_route=%2Fwp%2Fv2%2Fmedia&parent=347"}],"wp:term":[{"taxonomy":"category","embeddable":true,"href":"https:\/\/ictdf.synergyecosys.io\/index.php?rest_route=%2Fwp%2Fv2%2Fcategories&post=347"},{"taxonomy":"post_tag","embeddable":true,"href":"https:\/\/ictdf.synergyecosys.io\/index.php?rest_route=%2Fwp%2Fv2%2Ftags&post=347"}],"curies":[{"name":"wp","href":"https:\/\/api.w.org\/{rel}","templated":true}]}}